{"id":344641,"date":"2025-01-03T00:33:03","date_gmt":"2025-01-03T03:33:03","guid":{"rendered":"https:\/\/www.notibras.com\/site\/?p=344641"},"modified":"2025-01-03T06:36:46","modified_gmt":"2025-01-03T09:36:46","slug":"forcas-armadas-iniciam-alistamento-voluntario-feminino","status":"publish","type":"post","link":"https:\/\/www.notibras.com\/site\/forcas-armadas-iniciam-alistamento-voluntario-feminino\/","title":{"rendered":"For\u00e7as Armadas iniciam alistamento volunt\u00e1rio feminino"},"content":{"rendered":"<p>O alistamento militar volunt\u00e1rio feminino nas For\u00e7as Armadas foi aberto e o prazo para as inscri\u00e7\u00f5es facultativas vai at\u00e9 30 de junho. Podem se candidatar mulheres nascidas no ano de 2007, que completam 18 anos em 2025. A incorpora\u00e7\u00e3o est\u00e1 prevista para ocorrer no primeiro semestre de 2026 (de 2 a 6 de mar\u00e7o) ou no segundo semestre (de 3 a 7 de agosto). A dura\u00e7\u00e3o do servi\u00e7o militar ser\u00e1 de 12 meses, podendo ser prorrogado por at\u00e9 oito anos.<\/p>\n<p>O n\u00famero de vagas para mulheres no servi\u00e7o militar volunt\u00e1rio crescer\u00e1 progressivamente at\u00e9 que atinja 20% das vagas. Este ano est\u00e3o sendo oferecidas 1.465 vagas &#8211; 1.010 vagas para o Ex\u00e9rcito; 300 para a Aeron\u00e1utica e 155 para a Marinha. A expectativa \u00e9 a de que sejam aumentados progressivamente esses n\u00fameros, at\u00e9 que se atinja um \u00edndice de 20% das vagas do servi\u00e7o militar.<\/p>\n<p>As jovens que venham se candidatar dever\u00e3o fazer sele\u00e7\u00e3o que inclui entrevista, testes f\u00edsicos e exames de sa\u00fade. Elas poder\u00e3o escolher a for\u00e7a que desejam integrar. Na Marinha, as mulheres ser\u00e3o incorporadas como marinheiros-recrutas, no Ex\u00e9rcito como soldados e na Aeron\u00e1utica como soldados de segunda-classe.<\/p>\n<p><strong>Cuidado com golpes<\/strong><br \/>\nO alistamento pode ser feito presencialmente nas juntas de servi\u00e7o militar da Aeron\u00e1utica, Ex\u00e9rcito e Marinha; ou pela internet. Em aviso na p\u00e1gina eletr\u00f4nica, as For\u00e7as Armadas alertam contra golpes.<\/p>\n<p>Segundo a informa\u00e7\u00e3o, \u201cgolpistas atraem o cidad\u00e3o que deseja emitir certificados militares com sites fraudulentos que prometem facilidades na obten\u00e7\u00e3o destes documentos.\u201d O alerta orienta que pagamentos para o alistamento s\u00f3 dever\u00e3o ser feitos na p\u00e1gina do alistamento.<\/p>\n<p>O alistamento de mulheres era in\u00e9dito no Brasil, mas j\u00e1 havia o ingresso de mulheres nas carreiras militares desde a d\u00e9cada de 1980. Atualmente, 37 mil mulheres trabalham nas For\u00e7as Armadas (10% do efetivo), ap\u00f3s aprova\u00e7\u00e3o em concurso p\u00fablico ou como militares tempor\u00e1rias.<\/p>\n<p>Segundo nota do Minist\u00e9rio da Defesa, elas s\u00e3o lotadas principalmente \u201cnas \u00e1reas de sa\u00fade, ensino e log\u00edstica ou t\u00eam acesso \u00e0 \u00e1rea combatente por meio de concursos p\u00fablicos espec\u00edficos em estabelecimentos de ensino, como o Col\u00e9gio Naval (CN), da Marinha, a Escola Preparat\u00f3ria de Cadetes do Ex\u00e9rcito (EsPCEx) e a Escola Preparat\u00f3ria de Cadetes do Ar (EPCAR), da Aeron\u00e1utica.\u201d<\/p>\n<p>Entre os homens, cerca de 1,5 milh\u00e3o de jovens se apresentam anualmente para o alistamento militar, mas menos de 10% s\u00e3o incorporados. O alistamento militar no Brasil foi regulamentado ainda no tempo do Imp\u00e9rio (1874).<\/p>\n","protected":false},"excerpt":{"rendered":"<p>O alistamento militar volunt\u00e1rio feminino nas For\u00e7as Armadas foi aberto e o prazo para as inscri\u00e7\u00f5es facultativas vai at\u00e9 30 de junho. Podem se candidatar mulheres nascidas no ano de 2007, que completam 18 anos em 2025. A incorpora\u00e7\u00e3o est\u00e1 prevista para ocorrer no primeiro semestre de 2026 (de 2 a 6 de mar\u00e7o) ou [&hellip;]<\/p>\n","protected":false},"author":2,"featured_media":344642,"comment_status":"closed","ping_status":"closed","sticky":false,"template":"","format":"standard","meta":{"_acf_changed":false,"footnotes":""},"categories":[161],"tags":[],"class_list":["post-344641","post","type-post","status-publish","format-standard","has-post-thumbnail","hentry","category-quadradinho-em-foco"],"acf":[],"_links":{"self":[{"href":"https:\/\/www.notibras.com\/site\/wp-json\/wp\/v2\/posts\/344641","targetHints":{"allow":["GET"]}}],"collection":[{"href":"https:\/\/www.notibras.com\/site\/wp-json\/wp\/v2\/posts"}],"about":[{"href":"https:\/\/www.notibras.com\/site\/wp-json\/wp\/v2\/types\/post"}],"author":[{"embeddable":true,"href":"https:\/\/www.notibras.com\/site\/wp-json\/wp\/v2\/users\/2"}],"replies":[{"embeddable":true,"href":"https:\/\/www.notibras.com\/site\/wp-json\/wp\/v2\/comments?post=344641"}],"version-history":[{"count":1,"href":"https:\/\/www.notibras.com\/site\/wp-json\/wp\/v2\/posts\/344641\/revisions"}],"predecessor-version":[{"id":344643,"href":"https:\/\/www.notibras.com\/site\/wp-json\/wp\/v2\/posts\/344641\/revisions\/344643"}],"wp:featuredmedia":[{"embeddable":true,"href":"https:\/\/www.notibras.com\/site\/wp-json\/wp\/v2\/media\/344642"}],"wp:attachment":[{"href":"https:\/\/www.notibras.com\/site\/wp-json\/wp\/v2\/media?parent=344641"}],"wp:term":[{"taxonomy":"category","embeddable":true,"href":"https:\/\/www.notibras.com\/site\/wp-json\/wp\/v2\/categories?post=344641"},{"taxonomy":"post_tag","embeddable":true,"href":"https:\/\/www.notibras.com\/site\/wp-json\/wp\/v2\/tags?post=344641"}],"curies":[{"name":"wp","href":"https:\/\/api.w.org\/{rel}","templated":true}]}}