{"id":344647,"date":"2025-01-03T00:01:36","date_gmt":"2025-01-03T03:01:36","guid":{"rendered":"https:\/\/www.notibras.com\/site\/?p=344647"},"modified":"2025-01-03T06:54:44","modified_gmt":"2025-01-03T09:54:44","slug":"novo-presidente-promete-ficar-de-olho-nos-gastos-publicos","status":"publish","type":"post","link":"https:\/\/www.notibras.com\/site\/novo-presidente-promete-ficar-de-olho-nos-gastos-publicos\/","title":{"rendered":"Novo presidente promete ficar de olho nos gastos p\u00fablicos"},"content":{"rendered":"<p>O desembargador de contas Manoel de Andrade acaba de assumir a presid\u00eancia do Tribunal de Contas do Distrito Federal. O decano da Corte iniciou sua gest\u00e3o com uma agenda de reuni\u00f5es para definir as a\u00e7\u00f5es priorit\u00e1rias do bi\u00eanio 2025-2026. Os encontros contaram com a participa\u00e7\u00e3o de gestores e servidores de unidades estrat\u00e9gicas, como a Secretaria-Geral de Controle Externo (Segecex), a Secretaria-Geral de Administra\u00e7\u00e3o (Segedam), a Secretaria de Tecnologia da Informa\u00e7\u00e3o (STI) e a Assessoria de Comunica\u00e7\u00e3o (Ascom).<\/p>\n<p>Durante a sua gest\u00e3o, ele pretende aprimorar a transpar\u00eancia e ampliar a intera\u00e7\u00e3o com a sociedade, estimulando o controle social e reduzindo a dist\u00e2ncia entre quem fiscaliza e quem utiliza os servi\u00e7os p\u00fablicos no Distrito Federal.<\/p>\n<p>&#8220;A presen\u00e7a do Tribunal de Contas desencoraja e inibe pr\u00e1ticas indesejadas na Administra\u00e7\u00e3o P\u00fablica. Queremos aumentar essa presen\u00e7a e fazer com que a a\u00e7\u00e3o do Estado seja mais exitosa em benef\u00edcio da popula\u00e7\u00e3o&#8221;, destacou Manoel de Andrade.<\/p>\n<p>Outro foco estrat\u00e9gico \u00e9 o aprimoramento da fiscaliza\u00e7\u00e3o de pol\u00edticas p\u00fablicas essenciais, como sa\u00fade e educa\u00e7\u00e3o, e \u00e1reas como mobilidade e obras, as quais t\u00eam impacto direto na qualidade de vida dos moradores do Distrito Federal e do Entorno. O presidente do TCDF tamb\u00e9m pretende investir no uso de Intelig\u00eancia Artificial e outras tecnologias para aumentar a efici\u00eancia do controle externo exercido pelo Tribunal de Contas e otimizar a fiscaliza\u00e7\u00e3o dos gastos p\u00fablicos.<\/p>\n","protected":false},"excerpt":{"rendered":"<p>O desembargador de contas Manoel de Andrade acaba de assumir a presid\u00eancia do Tribunal de Contas do Distrito Federal. O decano da Corte iniciou sua gest\u00e3o com uma agenda de reuni\u00f5es para definir as a\u00e7\u00f5es priorit\u00e1rias do bi\u00eanio 2025-2026. Os encontros contaram com a participa\u00e7\u00e3o de gestores e servidores de unidades estrat\u00e9gicas, como a Secretaria-Geral [&hellip;]<\/p>\n","protected":false},"author":2,"featured_media":342978,"comment_status":"closed","ping_status":"closed","sticky":false,"template":"","format":"standard","meta":{"_acf_changed":false,"footnotes":""},"categories":[161],"tags":[],"class_list":["post-344647","post","type-post","status-publish","format-standard","has-post-thumbnail","hentry","category-quadradinho-em-foco"],"acf":[],"_links":{"self":[{"href":"https:\/\/www.notibras.com\/site\/wp-json\/wp\/v2\/posts\/344647","targetHints":{"allow":["GET"]}}],"collection":[{"href":"https:\/\/www.notibras.com\/site\/wp-json\/wp\/v2\/posts"}],"about":[{"href":"https:\/\/www.notibras.com\/site\/wp-json\/wp\/v2\/types\/post"}],"author":[{"embeddable":true,"href":"https:\/\/www.notibras.com\/site\/wp-json\/wp\/v2\/users\/2"}],"replies":[{"embeddable":true,"href":"https:\/\/www.notibras.com\/site\/wp-json\/wp\/v2\/comments?post=344647"}],"version-history":[{"count":1,"href":"https:\/\/www.notibras.com\/site\/wp-json\/wp\/v2\/posts\/344647\/revisions"}],"predecessor-version":[{"id":344648,"href":"https:\/\/www.notibras.com\/site\/wp-json\/wp\/v2\/posts\/344647\/revisions\/344648"}],"wp:featuredmedia":[{"embeddable":true,"href":"https:\/\/www.notibras.com\/site\/wp-json\/wp\/v2\/media\/342978"}],"wp:attachment":[{"href":"https:\/\/www.notibras.com\/site\/wp-json\/wp\/v2\/media?parent=344647"}],"wp:term":[{"taxonomy":"category","embeddable":true,"href":"https:\/\/www.notibras.com\/site\/wp-json\/wp\/v2\/categories?post=344647"},{"taxonomy":"post_tag","embeddable":true,"href":"https:\/\/www.notibras.com\/site\/wp-json\/wp\/v2\/tags?post=344647"}],"curies":[{"name":"wp","href":"https:\/\/api.w.org\/{rel}","templated":true}]}}