{"id":344649,"date":"2025-01-03T00:00:35","date_gmt":"2025-01-03T03:00:35","guid":{"rendered":"https:\/\/www.notibras.com\/site\/?p=344649"},"modified":"2025-01-03T07:02:25","modified_gmt":"2025-01-03T10:02:25","slug":"buriti-libera-mais-de-24-milhoes-para-pagamento-do-cartao-prato-cheio","status":"publish","type":"post","link":"https:\/\/www.notibras.com\/site\/buriti-libera-mais-de-24-milhoes-para-pagamento-do-cartao-prato-cheio\/","title":{"rendered":"Buriti libera mais de 24 milh\u00f5es para pagamento do Cart\u00e3o Prato Cheio"},"content":{"rendered":"<p>A Secretaria de Desenvolvimento Social liberou na quinta-feira (2), R$ 24.828.750 para pagamento do Cart\u00e3o Prato Cheio para benefici\u00e1rias de 100 mil fam\u00edlias com cr\u00e9dito de R$ 250, utilizado na compra de alimentos. O aux\u00edlio \u00e9 pago em um ciclo de nove parcelas para pessoas em situa\u00e7\u00e3o de inseguran\u00e7a alimentar e nutricional.<\/p>\n<p>\u201cCome\u00e7ar o ano com o suporte esses benef\u00edcios vai al\u00e9m de uma simples a\u00e7\u00e3o socioassistencial\u201d, destaca a secret\u00e1ria de Desenvolvimento Social, Ana Paula Marra. \u201c\u00c9 um compromisso com a dignidade, o bem-estar e a cria\u00e7\u00e3o de uma sociedade que garante a seguran\u00e7a alimentar e nutricional, al\u00e9m do acesso \u00e0 renda\u201d, completa.<\/p>\n<p>Neste m\u00eas, foram registradas 9.400 inclus\u00f5es no programa. A consulta aos contemplados pode ser feita no site do GDF Social . No portal, o cidad\u00e3o tamb\u00e9m encontra informa\u00e7\u00f5es sobre os dados e endere\u00e7o de retirada do cart\u00e3o nas ag\u00eancias do Banco de Bras\u00edlia (BRB).<\/p>\n<p>Apenas o titular pode buscar o cart\u00e3o, mediante apresenta\u00e7\u00e3o do documento original com foto. Os contemplados nos ciclos de pagamentos anteriores dever\u00e3o utilizar o mesmo cart\u00e3o para receber o benef\u00edcio.<\/p>\n<p>O ciclo de pagamento do Cart\u00e3o Prato Cheio \u00e9 de nove parcelas porque o programa possui car\u00e1ter emergencial \u2013 o per\u00edodo que uma fam\u00edlia tem para sair da situa\u00e7\u00e3o de inseguran\u00e7a alimentar e nutricional. Ao final desse tempo, essas fam\u00edlias saem para que outras possam receber o benef\u00edcio, podendo ser pessoas contempladas pela primeira vez ou que recebam o cr\u00e9dito em outro momento.<\/p>\n<p>Por isso, quase todo m\u00eas, o Cart\u00e3o Prato Cheio tem novos contemplados. Se o ciclo de nove parcelas terminar e o benefici\u00e1rio ainda estiver em situa\u00e7\u00e3o de inseguran\u00e7a alimentar, ele poder\u00e1 solicitar a entrada no programa novamente. Mas \u00e9 preciso passar por nova avalia\u00e7\u00e3o socioassistencial no Centro de Refer\u00eancia de Assist\u00eancia Social (Cras) da regi\u00e3o.<\/p>\n","protected":false},"excerpt":{"rendered":"<p>A Secretaria de Desenvolvimento Social liberou na quinta-feira (2), R$ 24.828.750 para pagamento do Cart\u00e3o Prato Cheio para benefici\u00e1rias de 100 mil fam\u00edlias com cr\u00e9dito de R$ 250, utilizado na compra de alimentos. O aux\u00edlio \u00e9 pago em um ciclo de nove parcelas para pessoas em situa\u00e7\u00e3o de inseguran\u00e7a alimentar e nutricional. \u201cCome\u00e7ar o ano [&hellip;]<\/p>\n","protected":false},"author":2,"featured_media":344650,"comment_status":"closed","ping_status":"closed","sticky":false,"template":"","format":"standard","meta":{"_acf_changed":false,"footnotes":""},"categories":[161],"tags":[],"class_list":["post-344649","post","type-post","status-publish","format-standard","has-post-thumbnail","hentry","category-quadradinho-em-foco"],"acf":[],"_links":{"self":[{"href":"https:\/\/www.notibras.com\/site\/wp-json\/wp\/v2\/posts\/344649","targetHints":{"allow":["GET"]}}],"collection":[{"href":"https:\/\/www.notibras.com\/site\/wp-json\/wp\/v2\/posts"}],"about":[{"href":"https:\/\/www.notibras.com\/site\/wp-json\/wp\/v2\/types\/post"}],"author":[{"embeddable":true,"href":"https:\/\/www.notibras.com\/site\/wp-json\/wp\/v2\/users\/2"}],"replies":[{"embeddable":true,"href":"https:\/\/www.notibras.com\/site\/wp-json\/wp\/v2\/comments?post=344649"}],"version-history":[{"count":1,"href":"https:\/\/www.notibras.com\/site\/wp-json\/wp\/v2\/posts\/344649\/revisions"}],"predecessor-version":[{"id":344651,"href":"https:\/\/www.notibras.com\/site\/wp-json\/wp\/v2\/posts\/344649\/revisions\/344651"}],"wp:featuredmedia":[{"embeddable":true,"href":"https:\/\/www.notibras.com\/site\/wp-json\/wp\/v2\/media\/344650"}],"wp:attachment":[{"href":"https:\/\/www.notibras.com\/site\/wp-json\/wp\/v2\/media?parent=344649"}],"wp:term":[{"taxonomy":"category","embeddable":true,"href":"https:\/\/www.notibras.com\/site\/wp-json\/wp\/v2\/categories?post=344649"},{"taxonomy":"post_tag","embeddable":true,"href":"https:\/\/www.notibras.com\/site\/wp-json\/wp\/v2\/tags?post=344649"}],"curies":[{"name":"wp","href":"https:\/\/api.w.org\/{rel}","templated":true}]}}