{"id":344652,"date":"2025-01-03T00:00:28","date_gmt":"2025-01-03T03:00:28","guid":{"rendered":"https:\/\/www.notibras.com\/site\/?p=344652"},"modified":"2025-01-03T07:07:04","modified_gmt":"2025-01-03T10:07:04","slug":"educacao-ambiental-ganha-mais-espaco-nas-escolas-publicas","status":"publish","type":"post","link":"https:\/\/www.notibras.com\/site\/educacao-ambiental-ganha-mais-espaco-nas-escolas-publicas\/","title":{"rendered":"Educa\u00e7\u00e3o ambiental ganha mais espa\u00e7o nas escolas p\u00fablicas"},"content":{"rendered":"<p>Foi publicado no Di\u00e1rio Oficial do Distrito Federal desta quinta-feira (2), o extrato de termo de fomento firmado entre a Secretaria do Meio Ambiente (Sema-DF) e a Funda\u00e7\u00e3o Procurador Pedro Jorge de Melo e Silva para lan\u00e7ar o Projeto Circuito Reciclo. A iniciativa busca levar educa\u00e7\u00e3o ambiental a escolas p\u00fablicas do Distrito Federal. Durante nove meses, o programa mobilizar\u00e1 estudantes para pr\u00e1ticas sustent\u00e1veis, como o consumo consciente de \u00e1gua e o descarte adequado de res\u00edduos s\u00f3lidos.<\/p>\n<p>De acordo com o secret\u00e1rio de Meio Ambiente, Gutemberg Gomes, o projeto \u00e9 essencial para fortalecer a preserva\u00e7\u00e3o do bioma Cerrado. \u201cEssa parceria nos permitir\u00e1 ampliar o alcance das a\u00e7\u00f5es de educa\u00e7\u00e3o ambiental, contribuindo diretamente para a conscientiza\u00e7\u00e3o de nossos jovens sobre os problemas ambientais que os cercam. Al\u00e9m disso, queremos formar cidad\u00e3os que entendam seu papel na constru\u00e7\u00e3o de um futuro mais sustent\u00e1vel\u201d, destacou.<\/p>\n<p>O subsecret\u00e1rio de Gest\u00e3o das \u00c1guas e Res\u00edduos S\u00f3lidos, Luciano Miguel, destacou o impacto positivo do projeto. \u201cCom o Projeto Circuito Reciclo, nosso prop\u00f3sito \u00e9 fazer da educa\u00e7\u00e3o ambiental um agente transformador, capaz de promover mudan\u00e7as duradouras e em cadeia, influenciando positivamente comportamentos individuais e coletivos em favor da preserva\u00e7\u00e3o ambiental e da melhoria da qualidade de vida\u201d, comentou.<\/p>\n<p>O projeto prev\u00ea a realiza\u00e7\u00e3o de palestras, oficinas e atividades pr\u00e1ticas que abordar\u00e3o temas como fauna e flora locais, al\u00e9m de problemas ambientais enfrentados pelo Cerrado. O objetivo \u00e9 despertar nos estudantes o senso de responsabilidade ambiental, incentivando o uso consciente de recursos naturais e a preserva\u00e7\u00e3o de espa\u00e7os p\u00fablicos.<\/p>\n<p>Com o Circuito Reciclo, a expectativa \u00e9 que as escolas se tornem agentes de transforma\u00e7\u00e3o, promovendo n\u00e3o apenas conhecimento, mas tamb\u00e9m atitudes concretas em prol do meio ambiente. A a\u00e7\u00e3o refor\u00e7a o compromisso do Distrito Federal com o desenvolvimento sustent\u00e1vel e a forma\u00e7\u00e3o de uma gera\u00e7\u00e3o mais consciente e engajada.<\/p>\n","protected":false},"excerpt":{"rendered":"<p>Foi publicado no Di\u00e1rio Oficial do Distrito Federal desta quinta-feira (2), o extrato de termo de fomento firmado entre a Secretaria do Meio Ambiente (Sema-DF) e a Funda\u00e7\u00e3o Procurador Pedro Jorge de Melo e Silva para lan\u00e7ar o Projeto Circuito Reciclo. A iniciativa busca levar educa\u00e7\u00e3o ambiental a escolas p\u00fablicas do Distrito Federal. Durante nove [&hellip;]<\/p>\n","protected":false},"author":2,"featured_media":344653,"comment_status":"closed","ping_status":"closed","sticky":false,"template":"","format":"standard","meta":{"_acf_changed":false,"footnotes":""},"categories":[161],"tags":[],"class_list":["post-344652","post","type-post","status-publish","format-standard","has-post-thumbnail","hentry","category-quadradinho-em-foco"],"acf":[],"_links":{"self":[{"href":"https:\/\/www.notibras.com\/site\/wp-json\/wp\/v2\/posts\/344652","targetHints":{"allow":["GET"]}}],"collection":[{"href":"https:\/\/www.notibras.com\/site\/wp-json\/wp\/v2\/posts"}],"about":[{"href":"https:\/\/www.notibras.com\/site\/wp-json\/wp\/v2\/types\/post"}],"author":[{"embeddable":true,"href":"https:\/\/www.notibras.com\/site\/wp-json\/wp\/v2\/users\/2"}],"replies":[{"embeddable":true,"href":"https:\/\/www.notibras.com\/site\/wp-json\/wp\/v2\/comments?post=344652"}],"version-history":[{"count":1,"href":"https:\/\/www.notibras.com\/site\/wp-json\/wp\/v2\/posts\/344652\/revisions"}],"predecessor-version":[{"id":344654,"href":"https:\/\/www.notibras.com\/site\/wp-json\/wp\/v2\/posts\/344652\/revisions\/344654"}],"wp:featuredmedia":[{"embeddable":true,"href":"https:\/\/www.notibras.com\/site\/wp-json\/wp\/v2\/media\/344653"}],"wp:attachment":[{"href":"https:\/\/www.notibras.com\/site\/wp-json\/wp\/v2\/media?parent=344652"}],"wp:term":[{"taxonomy":"category","embeddable":true,"href":"https:\/\/www.notibras.com\/site\/wp-json\/wp\/v2\/categories?post=344652"},{"taxonomy":"post_tag","embeddable":true,"href":"https:\/\/www.notibras.com\/site\/wp-json\/wp\/v2\/tags?post=344652"}],"curies":[{"name":"wp","href":"https:\/\/api.w.org\/{rel}","templated":true}]}}