{"id":344714,"date":"2025-01-04T00:04:28","date_gmt":"2025-01-04T03:04:28","guid":{"rendered":"https:\/\/www.notibras.com\/site\/?p=344714"},"modified":"2025-01-04T05:06:33","modified_gmt":"2025-01-04T08:06:33","slug":"crianca-e-adulto-morrem-envenenados-na-ceia-do-reveillon","status":"publish","type":"post","link":"https:\/\/www.notibras.com\/site\/crianca-e-adulto-morrem-envenenados-na-ceia-do-reveillon\/","title":{"rendered":"Crian\u00e7a e adulto morrem envenenados na ceia do R\u00e9veillon"},"content":{"rendered":"<p>A Pol\u00edcia Civil do Piau\u00ed investiga o suposto envenenamento de uma fam\u00edlia na cidade de Parna\u00edba, no norte do estado. Duas pessoas morreram, no primeiro dia do ano, sendo uma delas um beb\u00ea de menos de 2 anos. Cinco outras pessoas ficaram hospitalizadas.<\/p>\n<p>Ao passarem mal, as v\u00edtimas foram levadas para o Hospital Estadual Dirceu Arcoverde (Heda). O diretor t\u00e9cnico da unidade, Carlos Teixeira, confirmou que um dos mortos tinha apenas 1 ano e 8 meses.<\/p>\n<p>\u201cO Heda lamenta profundamente o falecimento de I.D. S., de apenas 1 ano e 8 meses, que deu entrada sob os cuidados do hospital nesta quarta-feira. Expressamos nossas mais sinceras condol\u00eancias \u00e0 fam\u00edlia neste momento de imensa dor\u201d, afirmou.<\/p>\n<p>Um homem de 18 anos morreu ainda na ambul\u00e2ncia do Servi\u00e7o de Atendimento M\u00f3vel de Urg\u00eancia (Samu). O Hospital Nossa Senhora de F\u00e1tima, anexo do Heda, informou que duas crian\u00e7as, de 3 e 4 anos, foram transferidas para o Hospital de Urg\u00eancia de Teresina, com o suporte do servi\u00e7o a\u00e9reo do Samu<\/p>\n<p><strong>Envenenamento<\/strong><br \/>\nO envenenamento teria acontecido na quarta-feira (1\u00ba). \u201cPoliciais civis estiveram no local e foram apreendidos alimentos ingeridos pela fam\u00edlia, que est\u00e3o sendo analisados por peritos para conclus\u00e3o de laudos\u201d, diz nota da Pol\u00edcia Civil.<\/p>\n<p>Entre os alimentos recolhidos para exame toxicol\u00f3gico est\u00e3o um bai\u00e3o de dois \u2013 prato t\u00edpico nordestino feito com arroz e feij\u00e3o pela pr\u00f3pria fam\u00edlia &#8211; e peixes que eles tinham recebido como doa\u00e7\u00e3o no dia 31.<\/p>\n<p>\u201cEsse peixe foi doado tamb\u00e9m para v\u00e1rias outras pessoas, somente a fam\u00edlia que passou mal\u201d, afirmou o delegado Abimael Silva. O exame revelar\u00e1 se havia algum tipo de veneno nos alimentos. O delegado confirmou que o casal que fez a doa\u00e7\u00e3o foi ouvido pela pol\u00edcia.<\/p>\n<p>\u201cEles doaram alimento para v\u00e1rias fam\u00edlias, n\u00e3o s\u00f3 para a fam\u00edlia que teve a intoxica\u00e7\u00e3o. Eles disseram que fazem esse trabalho h\u00e1 mais de cinco anos e nunca tinha havido problema com ningu\u00e9m. Os peixes que eles doaram, doaram para v\u00e1rias outras pessoas\u201d, relatou o delegado.<\/p>\n<p>Abimael confirmou ainda que essa mesma fam\u00edlia teve o caso de duas crian\u00e7as mortas por envenenamento em agosto de 2024, ap\u00f3s terem consumido cajus envenenados. \u201cA princ\u00edpio, n\u00e3o estamos relacionando [o caso atual] com o envenenamento de agosto de 2024, at\u00e9 porque a gente precisa da confirma\u00e7\u00e3o dos laudos. Depois que tiverem os laudos, a gente vai poder trabalhar em cima dessas hip\u00f3teses\u201d, explicou. A suspeita de ter entregue os cajus contaminados est\u00e1 presa.<\/p>\n","protected":false},"excerpt":{"rendered":"<p>A Pol\u00edcia Civil do Piau\u00ed investiga o suposto envenenamento de uma fam\u00edlia na cidade de Parna\u00edba, no norte do estado. Duas pessoas morreram, no primeiro dia do ano, sendo uma delas um beb\u00ea de menos de 2 anos. Cinco outras pessoas ficaram hospitalizadas. Ao passarem mal, as v\u00edtimas foram levadas para o Hospital Estadual Dirceu [&hellip;]<\/p>\n","protected":false},"author":2,"featured_media":344715,"comment_status":"closed","ping_status":"closed","sticky":false,"template":"","format":"standard","meta":{"_acf_changed":false,"footnotes":""},"categories":[165],"tags":[],"class_list":["post-344714","post","type-post","status-publish","format-standard","has-post-thumbnail","hentry","category-nordeste"],"acf":[],"_links":{"self":[{"href":"https:\/\/www.notibras.com\/site\/wp-json\/wp\/v2\/posts\/344714","targetHints":{"allow":["GET"]}}],"collection":[{"href":"https:\/\/www.notibras.com\/site\/wp-json\/wp\/v2\/posts"}],"about":[{"href":"https:\/\/www.notibras.com\/site\/wp-json\/wp\/v2\/types\/post"}],"author":[{"embeddable":true,"href":"https:\/\/www.notibras.com\/site\/wp-json\/wp\/v2\/users\/2"}],"replies":[{"embeddable":true,"href":"https:\/\/www.notibras.com\/site\/wp-json\/wp\/v2\/comments?post=344714"}],"version-history":[{"count":1,"href":"https:\/\/www.notibras.com\/site\/wp-json\/wp\/v2\/posts\/344714\/revisions"}],"predecessor-version":[{"id":344716,"href":"https:\/\/www.notibras.com\/site\/wp-json\/wp\/v2\/posts\/344714\/revisions\/344716"}],"wp:featuredmedia":[{"embeddable":true,"href":"https:\/\/www.notibras.com\/site\/wp-json\/wp\/v2\/media\/344715"}],"wp:attachment":[{"href":"https:\/\/www.notibras.com\/site\/wp-json\/wp\/v2\/media?parent=344714"}],"wp:term":[{"taxonomy":"category","embeddable":true,"href":"https:\/\/www.notibras.com\/site\/wp-json\/wp\/v2\/categories?post=344714"},{"taxonomy":"post_tag","embeddable":true,"href":"https:\/\/www.notibras.com\/site\/wp-json\/wp\/v2\/tags?post=344714"}],"curies":[{"name":"wp","href":"https:\/\/api.w.org\/{rel}","templated":true}]}}