{"id":344752,"date":"2025-01-04T00:08:43","date_gmt":"2025-01-04T03:08:43","guid":{"rendered":"https:\/\/www.notibras.com\/site\/?p=344752"},"modified":"2025-01-04T06:50:38","modified_gmt":"2025-01-04T09:50:38","slug":"acoes-do-governo-vao-ajudar-a-aumentar-a-producao-de-queijo","status":"publish","type":"post","link":"https:\/\/www.notibras.com\/site\/acoes-do-governo-vao-ajudar-a-aumentar-a-producao-de-queijo\/","title":{"rendered":"A\u00e7\u00f5es do governo v\u00e3o ajudar a aumentar a produ\u00e7\u00e3o de queijo"},"content":{"rendered":"<p>O Governo do Distrito Federal criou uma comiss\u00e3o para promover estudos e definir a\u00e7\u00f5es de fomento, apoio e incentivo \u00e0 cadeia produtiva do queijo na capital da Rep\u00fablica. A iniciativa, publicada no Di\u00e1rio Oficial desta sexta-feira (3), reconhece a import\u00e2ncia da produ\u00e7\u00e3o local para a economia regional e tem o objetivo de valorizar e fortalecer o segmento.<\/p>\n<p>A comiss\u00e3o ser\u00e1 coordenada pela Secretaria de Governo e tem o prazo de 90 dias para concluir os trabalhos e apresentar relat\u00f3rio.<\/p>\n<p>\u201cAssim como o governo criou uma comiss\u00e3o para o fortalecimento do enoturismo, agora vamos trabalhar para fomentar a cadeia produtiva do queijo, que tamb\u00e9m tem grande relev\u00e2ncia no cen\u00e1rio produtivo do Distrito Federal\u201d, informa o secret\u00e1rio de Governo do DF, Jos\u00e9 Humberto Pires de Ara\u00fajo. \u201cA partir do momento que vislumbramos este potencial, enquanto gestores p\u00fablicos, devemos primar pelo desenvolvimento socioecon\u00f4mico e envidar esfor\u00e7os para promover o fomento, apoio e incentivo.\u201d<\/p>\n<p>A iniciativa ter\u00e1 como foco promover um conjunto de a\u00e7\u00f5es de apoio institucional que facilitem o escoamento e a comercializa\u00e7\u00e3o da produ\u00e7\u00e3o, a capta\u00e7\u00e3o de investimentos e novas tecnologias, a cria\u00e7\u00e3o de campanhas de publicidade e a assist\u00eancia t\u00e9cnica, entre outras a\u00e7\u00f5es.<\/p>\n<p>Al\u00e9m da Segov, fazem parte da comiss\u00e3o as secretarias da Agricultura, Abastecimento e Desenvolvimento Rural (Seagri-DF); de Ci\u00eancia, Tecnologia e Inova\u00e7\u00e3o (Secti-DF); de Turismo (Setur-DF); de Economia (Seec-DF); e de Comunica\u00e7\u00e3o (Secom-DF); as empresas de Regulariza\u00e7\u00e3o de Terras Rurais do Distrito Federal (ETR) e de Assist\u00eancia T\u00e9cnica e Extens\u00e3o Rural do Distrito Federal (Emater); a Funda\u00e7\u00e3o de Apoio \u00e0 Pesquisa do Distrito Federal (FAPDF); e o Banco BRB.<\/p>\n","protected":false},"excerpt":{"rendered":"<p>O Governo do Distrito Federal criou uma comiss\u00e3o para promover estudos e definir a\u00e7\u00f5es de fomento, apoio e incentivo \u00e0 cadeia produtiva do queijo na capital da Rep\u00fablica. A iniciativa, publicada no Di\u00e1rio Oficial desta sexta-feira (3), reconhece a import\u00e2ncia da produ\u00e7\u00e3o local para a economia regional e tem o objetivo de valorizar e fortalecer [&hellip;]<\/p>\n","protected":false},"author":2,"featured_media":344753,"comment_status":"closed","ping_status":"closed","sticky":false,"template":"","format":"standard","meta":{"_acf_changed":false,"footnotes":""},"categories":[161],"tags":[],"class_list":["post-344752","post","type-post","status-publish","format-standard","has-post-thumbnail","hentry","category-quadradinho-em-foco"],"acf":[],"_links":{"self":[{"href":"https:\/\/www.notibras.com\/site\/wp-json\/wp\/v2\/posts\/344752","targetHints":{"allow":["GET"]}}],"collection":[{"href":"https:\/\/www.notibras.com\/site\/wp-json\/wp\/v2\/posts"}],"about":[{"href":"https:\/\/www.notibras.com\/site\/wp-json\/wp\/v2\/types\/post"}],"author":[{"embeddable":true,"href":"https:\/\/www.notibras.com\/site\/wp-json\/wp\/v2\/users\/2"}],"replies":[{"embeddable":true,"href":"https:\/\/www.notibras.com\/site\/wp-json\/wp\/v2\/comments?post=344752"}],"version-history":[{"count":1,"href":"https:\/\/www.notibras.com\/site\/wp-json\/wp\/v2\/posts\/344752\/revisions"}],"predecessor-version":[{"id":344754,"href":"https:\/\/www.notibras.com\/site\/wp-json\/wp\/v2\/posts\/344752\/revisions\/344754"}],"wp:featuredmedia":[{"embeddable":true,"href":"https:\/\/www.notibras.com\/site\/wp-json\/wp\/v2\/media\/344753"}],"wp:attachment":[{"href":"https:\/\/www.notibras.com\/site\/wp-json\/wp\/v2\/media?parent=344752"}],"wp:term":[{"taxonomy":"category","embeddable":true,"href":"https:\/\/www.notibras.com\/site\/wp-json\/wp\/v2\/categories?post=344752"},{"taxonomy":"post_tag","embeddable":true,"href":"https:\/\/www.notibras.com\/site\/wp-json\/wp\/v2\/tags?post=344752"}],"curies":[{"name":"wp","href":"https:\/\/api.w.org\/{rel}","templated":true}]}}