{"id":344758,"date":"2025-01-04T00:09:08","date_gmt":"2025-01-04T03:09:08","guid":{"rendered":"https:\/\/www.notibras.com\/site\/?p=344758"},"modified":"2025-01-04T07:05:11","modified_gmt":"2025-01-04T10:05:11","slug":"inscricoes-para-os-centros-interescolares-de-linguas-vao-ate-o-dia-10","status":"publish","type":"post","link":"https:\/\/www.notibras.com\/site\/inscricoes-para-os-centros-interescolares-de-linguas-vao-ate-o-dia-10\/","title":{"rendered":"Inscri\u00e7\u00f5es para os centros interescolares de l\u00ednguas v\u00e3o at\u00e9 o dia 10"},"content":{"rendered":"<p>As inscri\u00e7\u00f5es para os cursos do primeiro semestre de 2025 nos centros interescolares de l\u00ednguas (CILs) do Distrito Federal come\u00e7am neste s\u00e1bado (4) e seguem at\u00e9 o dia 10, pelo link disponibilizado pela Secretaria de Educa\u00e7\u00e3o. Ser\u00e3o oferecidos cursos de ingl\u00eas, espanhol, franc\u00eas e japon\u00eas.<\/p>\n<p>As vagas s\u00e3o destinadas a estudantes da rede p\u00fablica, alunos de col\u00e9gios militares e \u00e0 comunidade em geral, a partir do 6\u00ba ano do ensino fundamental. Os alunos que v\u00e3o ingressar na rede p\u00fablica este ano s\u00f3 poder\u00e3o fazer a inscri\u00e7\u00e3o a partir de segunda-feira (6). Ao acessar o portal, os alunos encontrar\u00e3o diferentes \u00e1reas para cada situa\u00e7\u00e3o (Estudantes da rede p\u00fablica de ensino do Distrito Federal, dos Col\u00e9gios Militares [Col\u00e9gio Militar de Bras\u00edlia, Col\u00e9gio Militar Dom Pedro II, Col\u00e9gio Militar Tiradentes] e Comunidade em geral) e dever\u00e3o indicar em qual categoria se encontram.<\/p>\n<p>Diferentemente dos anos anteriores, em 2025 o per\u00edodo de inscri\u00e7\u00f5es ser\u00e1 \u00fanico para todos os p\u00fablicos, com sorteios organizados em etapas, conforme o grupo de pertencimento do candidato.<\/p>\n<p>O processo ocorrer\u00e1 em tr\u00eas etapas. Primeiramente, ser\u00e3o sorteadas as vagas para estudantes da rede p\u00fablica; em seguida, para os alunos dos col\u00e9gios militares de Bras\u00edlia e Dom Pedro II. Por \u00faltimo, as vagas remanescentes ser\u00e3o destinadas \u00e0 comunidade.<\/p>\n<p>Segundo a subsecret\u00e1ria de Planejamento, Acompanhamento e Avalia\u00e7\u00e3o da Secretaria de Educa\u00e7\u00e3o (SEEDF), Francis Ferreira, a mudan\u00e7a marca um avan\u00e7o na gest\u00e3o dos CILs. \u201cEssa medida refor\u00e7a o compromisso da Secretaria de Educa\u00e7\u00e3o com a equidade e a transpar\u00eancia, al\u00e9m de permitir um planejamento mais eficiente das vagas\u201d, afirma.<\/p>\n<p>A unifica\u00e7\u00e3o do per\u00edodo de inscri\u00e7\u00e3o busca tamb\u00e9m simplificar o processo para estudantes e familiares. \u201cAprender uma l\u00edngua estrangeira desenvolve habilidades cognitivas, mem\u00f3ria e capacidade de resolu\u00e7\u00e3o de problemas, al\u00e9m de ser um diferencial no mercado de trabalho e na trajet\u00f3ria acad\u00eamica\u201d, ressalta a subsecret\u00e1ria.<\/p>\n<p>Os 17 CILs do Distrito Federal disponibilizar\u00e3o vagas, em quantidade ainda a ser especificada. Os resultados do sorteio para estudantes da rede p\u00fablica (primeira e segunda chamadas) ser\u00e3o divulgados no site oficial nos dias 20 deste m\u00eas e 3 de fevereiro, respectivamente. J\u00e1 as vagas remanescentes para a comunidade ser\u00e3o anunciadas em 19 de fevereiro.<\/p>\n<p><strong>Cronograma de matr\u00edculas <\/strong><br \/>\n\u21d2 Rede p\u00fablica (primeira chamada): 20 a 24 deste m\u00eas<br \/>\n\u21d2 Rede p\u00fablica e col\u00e9gios militares (segunda chamada): 3 a 10 de fevereiro<br \/>\n\u21d2 Comunidade: 20 e 21 de fevereiro<\/p>\n<p><strong>Documentos para matr\u00edcula <\/strong><br \/>\n\u21d2 Original e c\u00f3pia da certid\u00e3o de nascimento ou RG do estudante<br \/>\n\u21d2 CPF do estudante<br \/>\n\u21d2 RG e CPF do respons\u00e1vel legal (caso o estudante seja menor de idade)<br \/>\n\u21d2 Duas fotos 3\u00d74<br \/>\n\u21d2 Comprovante de resid\u00eancia ou declara\u00e7\u00e3o, conforme a lei distrital n\u00ba 4.225\/2008<br \/>\n\u21d2 Comprovante de tipagem sangu\u00ednea e fator RH (lei distrital n\u00ba 4.379\/2009)<br \/>\n\u21d2 Carteira de vacina\u00e7\u00e3o atualizada (lei distrital n\u00ba 6.345\/2019)<br \/>\n\u21d2 Declara\u00e7\u00e3o de escolaridade.<\/p>\n","protected":false},"excerpt":{"rendered":"<p>As inscri\u00e7\u00f5es para os cursos do primeiro semestre de 2025 nos centros interescolares de l\u00ednguas (CILs) do Distrito Federal come\u00e7am neste s\u00e1bado (4) e seguem at\u00e9 o dia 10, pelo link disponibilizado pela Secretaria de Educa\u00e7\u00e3o. Ser\u00e3o oferecidos cursos de ingl\u00eas, espanhol, franc\u00eas e japon\u00eas. As vagas s\u00e3o destinadas a estudantes da rede p\u00fablica, alunos [&hellip;]<\/p>\n","protected":false},"author":2,"featured_media":344759,"comment_status":"closed","ping_status":"closed","sticky":false,"template":"","format":"standard","meta":{"_acf_changed":false,"footnotes":""},"categories":[161],"tags":[],"class_list":["post-344758","post","type-post","status-publish","format-standard","has-post-thumbnail","hentry","category-quadradinho-em-foco"],"acf":[],"_links":{"self":[{"href":"https:\/\/www.notibras.com\/site\/wp-json\/wp\/v2\/posts\/344758","targetHints":{"allow":["GET"]}}],"collection":[{"href":"https:\/\/www.notibras.com\/site\/wp-json\/wp\/v2\/posts"}],"about":[{"href":"https:\/\/www.notibras.com\/site\/wp-json\/wp\/v2\/types\/post"}],"author":[{"embeddable":true,"href":"https:\/\/www.notibras.com\/site\/wp-json\/wp\/v2\/users\/2"}],"replies":[{"embeddable":true,"href":"https:\/\/www.notibras.com\/site\/wp-json\/wp\/v2\/comments?post=344758"}],"version-history":[{"count":1,"href":"https:\/\/www.notibras.com\/site\/wp-json\/wp\/v2\/posts\/344758\/revisions"}],"predecessor-version":[{"id":344760,"href":"https:\/\/www.notibras.com\/site\/wp-json\/wp\/v2\/posts\/344758\/revisions\/344760"}],"wp:featuredmedia":[{"embeddable":true,"href":"https:\/\/www.notibras.com\/site\/wp-json\/wp\/v2\/media\/344759"}],"wp:attachment":[{"href":"https:\/\/www.notibras.com\/site\/wp-json\/wp\/v2\/media?parent=344758"}],"wp:term":[{"taxonomy":"category","embeddable":true,"href":"https:\/\/www.notibras.com\/site\/wp-json\/wp\/v2\/categories?post=344758"},{"taxonomy":"post_tag","embeddable":true,"href":"https:\/\/www.notibras.com\/site\/wp-json\/wp\/v2\/tags?post=344758"}],"curies":[{"name":"wp","href":"https:\/\/api.w.org\/{rel}","templated":true}]}}