{"id":344761,"date":"2025-01-04T00:00:51","date_gmt":"2025-01-04T03:00:51","guid":{"rendered":"https:\/\/www.notibras.com\/site\/?p=344761"},"modified":"2025-01-04T07:12:46","modified_gmt":"2025-01-04T10:12:46","slug":"comite-contra-hanseniase-alerta-e-conscientiza-a-sociedade-sobre-doenca","status":"publish","type":"post","link":"https:\/\/www.notibras.com\/site\/comite-contra-hanseniase-alerta-e-conscientiza-a-sociedade-sobre-doenca\/","title":{"rendered":"Comit\u00ea contra hansen\u00edase alerta e conscientiza a sociedade sobre doen\u00e7a"},"content":{"rendered":"<p>A Secretaria de Sa\u00fade criou o Comit\u00ea Distrital de Enfrentamento \u00e0 Hansen\u00edase. O objetivo \u00e9 identificar, monitorar e propor a\u00e7\u00f5es para o enfrentamento da doen\u00e7a no DF, al\u00e9m de garantir o cumprimento das metas relacionadas ao tema. A medida foi publicada no Di\u00e1rio Oficial do Distrito Federal.<\/p>\n<p>O comit\u00ea ser\u00e1 interinstitucional, multiprofissional e t\u00e9cnico-cient\u00edfico, com car\u00e1ter consultivo, deliberativo, normativo e de vigil\u00e2ncia. A dermatologista Janaina Barbaresco explica que a hansen\u00edase tem tratamento e cura. Segundo a especialista, quanto mais cedo a doen\u00e7a for diagnosticada, mais eficaz ser\u00e1 o tratamento, pois evita as deformidades e sequelas.<\/p>\n<p>\u201cPor isso, \u00e9 fundamental realizar a busca ativa de contatos de pacientes de hansen\u00edase nos territ\u00f3rios, para identificar poss\u00edveis casos novos da doen\u00e7a. Ao iniciar o tratamento correto, o paciente pode retornar as atividades habituais, sem o risco de transmiss\u00e3o\u201d, afirma.<\/p>\n<p>A hansen\u00edase \u00e9 causada pela bact\u00e9ria Mycobacterium leprae, transmitida pelas vias respirat\u00f3rias (por fala, tosse ou espirro) e afeta a pele e os nervos perif\u00e9ricos, como os das m\u00e3os e dos p\u00e9s, provocando perda de sensibilidade na pele. Caso n\u00e3o seja tratada, pode levar a complica\u00e7\u00f5es graves, incluindo a perda de mobilidade dos membros e at\u00e9 incapacidades permanentes.<\/p>\n<p>A transmiss\u00e3o da doen\u00e7a ocorre durante o conv\u00edvio pr\u00f3ximo e prolongado com uma pessoa ainda n\u00e3o tratada. \u201cO per\u00edodo entre o cont\u00e1gio e o aparecimento dos sintomas pode ser longo. \u00c9 essencial procurar atendimento m\u00e9dico imediatamente para avalia\u00e7\u00e3o e diagn\u00f3stico caso apare\u00e7am sinais como manchas esbranqui\u00e7adas, avermelhadas ou acastanhadas acompanhadas de perda de sensibilidade, pele seca e queda de pelos. Dores ou sensa\u00e7\u00e3o de choque nos nervos dos bra\u00e7os e pernas, n\u00f3dulos avermelhados e dolorosos no corpo ou diminui\u00e7\u00e3o da for\u00e7a muscular nas m\u00e3os, p\u00e9s ou face tamb\u00e9m devem ser investigados\u201d, orienta a dermatologista.<\/p>\n<p><strong>Compromisso global<\/strong><br \/>\nO comit\u00ea atua alinhado \u00e0 Estrat\u00e9gia Global de Hansen\u00edase 2021-2030 da Organiza\u00e7\u00e3o Mundial da Sa\u00fade (OMS), que visa a acelerar as a\u00e7\u00f5es para alcan\u00e7ar a meta de zero hansen\u00edase. Tamb\u00e9m segue as diretrizes da Estrat\u00e9gia Nacional de Enfrentamento \u00e0 Hansen\u00edase 2024-2030, com foco na interrup\u00e7\u00e3o da transmiss\u00e3o, elimina\u00e7\u00e3o, redu\u00e7\u00e3o de novos casos e combate \u00e0s manifesta\u00e7\u00f5es discriminat\u00f3rias associadas \u00e0 doen\u00e7a.<\/p>\n<p>Dentro desse contexto, o Plano de Enfrentamento da Hansen\u00edase do Distrito Federal 2023-2030 visa a eliminar a transmiss\u00e3o da doen\u00e7a no DF at\u00e9 2030, fortalecer a gest\u00e3o do plano e promover a inclus\u00e3o social, combatendo o estigma e a discrimina\u00e7\u00e3o, sendo sua implementa\u00e7\u00e3o e cumprimento um dos focos principais da atua\u00e7\u00e3o do comit\u00ea.<\/p>\n","protected":false},"excerpt":{"rendered":"<p>A Secretaria de Sa\u00fade criou o Comit\u00ea Distrital de Enfrentamento \u00e0 Hansen\u00edase. O objetivo \u00e9 identificar, monitorar e propor a\u00e7\u00f5es para o enfrentamento da doen\u00e7a no DF, al\u00e9m de garantir o cumprimento das metas relacionadas ao tema. A medida foi publicada no Di\u00e1rio Oficial do Distrito Federal. O comit\u00ea ser\u00e1 interinstitucional, multiprofissional e t\u00e9cnico-cient\u00edfico, com [&hellip;]<\/p>\n","protected":false},"author":2,"featured_media":344762,"comment_status":"closed","ping_status":"closed","sticky":false,"template":"","format":"standard","meta":{"_acf_changed":false,"footnotes":""},"categories":[161],"tags":[],"class_list":["post-344761","post","type-post","status-publish","format-standard","has-post-thumbnail","hentry","category-quadradinho-em-foco"],"acf":[],"_links":{"self":[{"href":"https:\/\/www.notibras.com\/site\/wp-json\/wp\/v2\/posts\/344761","targetHints":{"allow":["GET"]}}],"collection":[{"href":"https:\/\/www.notibras.com\/site\/wp-json\/wp\/v2\/posts"}],"about":[{"href":"https:\/\/www.notibras.com\/site\/wp-json\/wp\/v2\/types\/post"}],"author":[{"embeddable":true,"href":"https:\/\/www.notibras.com\/site\/wp-json\/wp\/v2\/users\/2"}],"replies":[{"embeddable":true,"href":"https:\/\/www.notibras.com\/site\/wp-json\/wp\/v2\/comments?post=344761"}],"version-history":[{"count":1,"href":"https:\/\/www.notibras.com\/site\/wp-json\/wp\/v2\/posts\/344761\/revisions"}],"predecessor-version":[{"id":344763,"href":"https:\/\/www.notibras.com\/site\/wp-json\/wp\/v2\/posts\/344761\/revisions\/344763"}],"wp:featuredmedia":[{"embeddable":true,"href":"https:\/\/www.notibras.com\/site\/wp-json\/wp\/v2\/media\/344762"}],"wp:attachment":[{"href":"https:\/\/www.notibras.com\/site\/wp-json\/wp\/v2\/media?parent=344761"}],"wp:term":[{"taxonomy":"category","embeddable":true,"href":"https:\/\/www.notibras.com\/site\/wp-json\/wp\/v2\/categories?post=344761"},{"taxonomy":"post_tag","embeddable":true,"href":"https:\/\/www.notibras.com\/site\/wp-json\/wp\/v2\/tags?post=344761"}],"curies":[{"name":"wp","href":"https:\/\/api.w.org\/{rel}","templated":true}]}}