{"id":344806,"date":"2025-01-05T07:52:20","date_gmt":"2025-01-05T10:52:20","guid":{"rendered":"https:\/\/www.notibras.com\/site\/?p=344806"},"modified":"2025-01-05T07:54:26","modified_gmt":"2025-01-05T10:54:26","slug":"encanto-nordestino-tem-sempre-uma-data-a-festejar","status":"publish","type":"post","link":"https:\/\/www.notibras.com\/site\/encanto-nordestino-tem-sempre-uma-data-a-festejar\/","title":{"rendered":"Encanto nordestino tem sempre uma data a festejar"},"content":{"rendered":"<p>Segunda-feira, 6, \u00e9 de comemora\u00e7\u00e3o da Folia de Reis &#8211; ou Dia de Reis &#8211; uma tradi\u00e7\u00e3o nordestina que se arrasta ao longo dos s\u00e9culos. No Nordeste, \u00e9 mais que uma data religiosa; trata-se de um mergulho na cultura e nas tradi\u00e7\u00f5es populares, com as ruas, vilas e comunidades ganhando vida com os n\u00facleos, os filhos e os sabores que s\u00f3 essa regi\u00e3o sabe oferecer.<\/p>\n<p>As manh\u00e3s come\u00e7am com os preparativos. Nas cozinhas, o aroma do bolo de reis, feito com frutas cristalizadas, invade o ar, enquanto o caf\u00e9 coado fumega nas mesas de madeira. Os idosos relembram hist\u00f3rias antigas, e as crian\u00e7as perguntam, com curiosidade, o que \u00e9 e o que significa. E logo aprendem que a festa \u00e9 sin\u00f4nimo de vida.<\/p>\n<p>\u00c0 tarde, \u00e9 hora de m\u00fasica e celebra\u00e7\u00f5es. Os grupos de reisado \u2014 com seus figurinos coloridos, chap\u00e9us adornados e violas nas m\u00e3os \u2014 percorrem as ruas. Dan\u00e7am, cantam e levam a mensagem dos reis magos que visitaram o Menino Jesus. As tradu\u00e7\u00f5es falam de f\u00e9, esperan\u00e7a e da simplicidade de um povo que transforma o dia-a-dia de espinhos em flores atemporais.<\/p>\n<p>A comunidade se re\u00fane para assistir aos reisados, e muitas vezes h\u00e1 improvisos que arrancam risos da plateia. Crian\u00e7as correm ao redor, imitando os movimentos dos dan\u00e7arinos. Para elas, a folia n\u00e3o \u00e9 apenas tradi\u00e7\u00e3o; \u00e9 o momento de viver intensamente.<\/p>\n<p>Quando chega a noite, as celebra\u00e7\u00f5es continuam. Nas pra\u00e7as, as pessoas se juntam para comer, conversar e assistir \u00e0s apresenta\u00e7\u00f5es culturais. Em algumas cidades, as festividades terminam com missas ou prociss\u00f5es, refor\u00e7ando o significado espiritual da data.<\/p>\n<p>O certo \u00e9 que a Folia de Reis no Nordeste \u00e9 uma lembran\u00e7a viva de que a cultura e a f\u00e9 caminham de m\u00e3os dadas. \u00c9 o momento em que passado e presente se encontram, e a magia de uma tradi\u00e7\u00e3o secular ganha novos significados, encantando quem vive e quem visita essa terra que, embora \u00e1rida, mant\u00e9m o sorriso no rosto das pessoas.<\/p>\n<p>Al\u00e9m da m\u00fasica, tamb\u00e9m \u00e9 tempo de reunir a fam\u00edlia e amigos para desmontar os pres\u00e9pios, uma tradi\u00e7\u00e3o mantida com carinho em muitas resid\u00eancias nordestinas. A data tamb\u00e9m \u00e9 um momento de despedida do ciclo natalino, quando as luzes piscantes s\u00e3o apagadas e as decora\u00e7\u00f5es guardadas.<\/p>\n<p>Em 2026 tem mais. Enquanto o sol do Nordeste ilumina os festejos, o Dia de Reis segue como uma celebra\u00e7\u00e3o que transcende o tempo, renovando a magia do Natal e reafirmando a for\u00e7a das tradi\u00e7\u00f5es que fazem do Brasil um pa\u00eds t\u00e3o singular.<\/p>\n","protected":false},"excerpt":{"rendered":"<p>Segunda-feira, 6, \u00e9 de comemora\u00e7\u00e3o da Folia de Reis &#8211; ou Dia de Reis &#8211; uma tradi\u00e7\u00e3o nordestina que se arrasta ao longo dos s\u00e9culos. No Nordeste, \u00e9 mais que uma data religiosa; trata-se de um mergulho na cultura e nas tradi\u00e7\u00f5es populares, com as ruas, vilas e comunidades ganhando vida com os n\u00facleos, os [&hellip;]<\/p>\n","protected":false},"author":2,"featured_media":344807,"comment_status":"closed","ping_status":"closed","sticky":false,"template":"","format":"standard","meta":{"_acf_changed":false,"footnotes":""},"categories":[165],"tags":[],"class_list":["post-344806","post","type-post","status-publish","format-standard","has-post-thumbnail","hentry","category-nordeste"],"acf":[],"_links":{"self":[{"href":"https:\/\/www.notibras.com\/site\/wp-json\/wp\/v2\/posts\/344806","targetHints":{"allow":["GET"]}}],"collection":[{"href":"https:\/\/www.notibras.com\/site\/wp-json\/wp\/v2\/posts"}],"about":[{"href":"https:\/\/www.notibras.com\/site\/wp-json\/wp\/v2\/types\/post"}],"author":[{"embeddable":true,"href":"https:\/\/www.notibras.com\/site\/wp-json\/wp\/v2\/users\/2"}],"replies":[{"embeddable":true,"href":"https:\/\/www.notibras.com\/site\/wp-json\/wp\/v2\/comments?post=344806"}],"version-history":[{"count":4,"href":"https:\/\/www.notibras.com\/site\/wp-json\/wp\/v2\/posts\/344806\/revisions"}],"predecessor-version":[{"id":344811,"href":"https:\/\/www.notibras.com\/site\/wp-json\/wp\/v2\/posts\/344806\/revisions\/344811"}],"wp:featuredmedia":[{"embeddable":true,"href":"https:\/\/www.notibras.com\/site\/wp-json\/wp\/v2\/media\/344807"}],"wp:attachment":[{"href":"https:\/\/www.notibras.com\/site\/wp-json\/wp\/v2\/media?parent=344806"}],"wp:term":[{"taxonomy":"category","embeddable":true,"href":"https:\/\/www.notibras.com\/site\/wp-json\/wp\/v2\/categories?post=344806"},{"taxonomy":"post_tag","embeddable":true,"href":"https:\/\/www.notibras.com\/site\/wp-json\/wp\/v2\/tags?post=344806"}],"curies":[{"name":"wp","href":"https:\/\/api.w.org\/{rel}","templated":true}]}}