{"id":34481,"date":"2015-01-19T23:23:05","date_gmt":"2015-01-20T02:23:05","guid":{"rendered":"http:\/\/www.notibras.com\/site\/?p=34481"},"modified":"2015-01-20T12:05:35","modified_gmt":"2015-01-20T15:05:35","slug":"combustivel-aumenta-iof-cresce-importar-fica-mais-caro-e-governo-cobre-rombo-do-cofre","status":"publish","type":"post","link":"https:\/\/www.notibras.com\/site\/combustivel-aumenta-iof-cresce-importar-fica-mais-caro-e-governo-cobre-rombo-do-cofre\/","title":{"rendered":"Combust\u00edvel aumenta, IOF cresce, importar fica mais caro&#8230; e o governo cobre o rombo dos cofres p\u00fablicos"},"content":{"rendered":"<p class=\"text\">O ministro da Fazenda, Joaquim Levy, divulgou nesta segunda-feira 19 quatro medidas de\u00a0aumento de impostos que devem gerar, segundo c\u00e1lculos do governo, arrecada\u00e7\u00e3o de R$ 20,63 bilh\u00f5es \u00e0 Uni\u00e3o em 2015. Entre as mudan\u00e7as est\u00e3o\u00a0a\u00a0alta de R$ 0,22 na gasolina e R$ 0,15\u00a0no diesel, a partir de 1\u00ba de fevereiro.<\/p>\n<p class=\"text\">&#8220;\u00c9 uma sequ\u00eancia de a\u00e7\u00f5es que est\u00e3o sendo tomadas\u00a0com o objetivo de aumentar a confian\u00e7a, o sentimento dos agentes econ\u00f4micos, de tal forma que no devido momento a gente possa ter uma retomada da economia em novas condi\u00e7\u00f5es&#8221;, disse Levy.<\/p>\n<blockquote>\n<p class=\"text\">O aumento nos combust\u00edveis ocorrer\u00e1 por meio dos tributos\u00a0PIS\/Cofins e CIDE Combust\u00edveis &#8211; este \u00faltimo atualmente\u00a0zerado. Por\u00e9m, a medida n\u00e3o ter\u00e1 impacto para os produtores de combust\u00edvel, como a Petrobras e a ind\u00fastria sucroalcooleira. &#8220;\u201c\u00c9 algo que depende da empresa &#8216;Petrobras'&#8221;, disse Levy sobre se a estatal\u00a0poderia tamb\u00e9m alterar os pre\u00e7os. O ganho calculado com o aumento \u00e9 de R$ 12,18 bilh\u00f5es em 2015 e R$ 14,07 bilh\u00f5es nos pr\u00f3ximos anos.<\/p>\n<\/blockquote>\n<p class=\"text\">Segundo Levy, a Cide e o PIS\/Cofins somados sobre a gasolina de R$\u00a00,22 por litro ser\u00e1 menos da metade do que foi no passado, quando considerado o tributo no passado corrigido pela infla\u00e7\u00e3o.<\/p>\n<p class=\"text\">O Imposto Sobre Opera\u00e7\u00f5es \u00a0Financeiras (IOF), incidente\u00a0sobre o cr\u00e9dito para\u00a0a pessoa f\u00edsica, dobrou, informou o ministro, passando dos atuais 1,5% ao ano para 3%. A al\u00edquota de 0,38%\u00a0cobrada na abertura da opera\u00e7\u00e3o de cr\u00e9dito est\u00e1 mantida. O governo espera arrecadar R$ 7,38 bilh\u00f5es com essa medida em 2015 e R$ 8,31 bilh\u00f5es a partir de 2016.<\/p>\n<blockquote>\n<p class=\"text\">Importar tamb\u00e9m ficar\u00e1 mais caro a partir de agora. Por meio da eleva\u00e7\u00e3o de 9,25% para\u00a011,75% do\u00a0PIS\/Cofins sobre os produtos oriundos de outros pa\u00edses, o governo ir\u00e1 restabelecer a carga tribut\u00e1ria original, de antes da exclus\u00e3o do ICMS da base.\u00a0&#8220;Hoje o PIS\/Cofins no produto dom\u00e9stico acaba sendo maior do que na importa\u00e7\u00e3o, ent\u00e3o a gente ajusta a al\u00edquota de modo que n\u00e3o prejudique a produ\u00e7\u00e3o dom\u00e9stica&#8221;, justificou Levy. O impacto positivo calculado\u00a0para os cofres do governo \u00e9 de R$ 694 milh\u00f5es em 2015, contando a partir de junho, e de R$ 1,19 bilh\u00e3o nos pr\u00f3ximos anos.<\/p>\n<\/blockquote>\n<p class=\"text\">Por fim, o Imposto sobre Produtos Industrializados\u00a0(IPI) sobre cosm\u00e9ticos ser\u00e1 padronizado, equiparando a incid\u00eancia do imposto no\u00a0atacadista a na ind\u00fastria. Essa medida, que ocorrer\u00e1 por decreto presidencial,\u00a0deve gerar um ganho de R$ 653,85 milh\u00f5es por ano a partir de 2016. Em 2015, ele trar\u00e1 R$ 381,41 milh\u00f5es ao governo, contando a partir de junho.<\/p>\n","protected":false},"excerpt":{"rendered":"<p>O ministro da Fazenda, Joaquim Levy, divulgou nesta segunda-feira 19 quatro medidas de\u00a0aumento de impostos que devem gerar, segundo c\u00e1lculos do governo, arrecada\u00e7\u00e3o de R$ 20,63 bilh\u00f5es \u00e0 Uni\u00e3o em 2015. Entre as mudan\u00e7as est\u00e3o\u00a0a\u00a0alta de R$ 0,22 na gasolina e R$ 0,15\u00a0no diesel, a partir de 1\u00ba de fevereiro. &#8220;\u00c9 uma sequ\u00eancia de a\u00e7\u00f5es [&hellip;]<\/p>\n","protected":false},"author":2,"featured_media":34482,"comment_status":"open","ping_status":"closed","sticky":false,"template":"","format":"standard","meta":{"_acf_changed":false,"footnotes":""},"categories":[16],"tags":[],"class_list":["post-34481","post","type-post","status-publish","format-standard","has-post-thumbnail","hentry","category-brasil"],"acf":[],"yoast_head":"<!-- This site is optimized with the Yoast SEO plugin v27.2 - https:\/\/yoast.com\/product\/yoast-seo-wordpress\/ -->\n<title>Combust\u00edvel aumenta, IOF cresce, importar fica mais caro... e o governo cobre o rombo dos cofres p\u00fablicos - Notibras<\/title>\n<meta name=\"robots\" content=\"index, follow, max-snippet:-1, max-image-preview:large, max-video-preview:-1\" \/>\n<link rel=\"canonical\" href=\"https:\/\/www.notibras.com\/site\/combustivel-aumenta-iof-cresce-importar-fica-mais-caro-e-governo-cobre-rombo-do-cofre\/\" \/>\n<meta property=\"og:locale\" content=\"pt_BR\" \/>\n<meta property=\"og:type\" content=\"article\" \/>\n<meta property=\"og:title\" content=\"Combust\u00edvel aumenta, IOF cresce, importar fica mais caro... e o governo cobre o rombo dos cofres p\u00fablicos - Notibras\" \/>\n<meta property=\"og:description\" content=\"O ministro da Fazenda, Joaquim Levy, divulgou nesta segunda-feira 19 quatro medidas de\u00a0aumento de impostos que devem gerar, segundo c\u00e1lculos do governo, arrecada\u00e7\u00e3o de R$ 20,63 bilh\u00f5es \u00e0 Uni\u00e3o em 2015. Entre as mudan\u00e7as est\u00e3o\u00a0a\u00a0alta de R$ 0,22 na gasolina e R$ 0,15\u00a0no diesel, a partir de 1\u00ba de fevereiro. &#8220;\u00c9 uma sequ\u00eancia de a\u00e7\u00f5es [&hellip;]\" \/>\n<meta property=\"og:url\" content=\"https:\/\/www.notibras.com\/site\/combustivel-aumenta-iof-cresce-importar-fica-mais-caro-e-governo-cobre-rombo-do-cofre\/\" \/>\n<meta property=\"og:site_name\" content=\"Notibras\" \/>\n<meta property=\"article:publisher\" content=\"https:\/\/www.facebook.com\/notibras\/\" \/>\n<meta property=\"article:published_time\" content=\"2015-01-20T02:23:05+00:00\" \/>\n<meta property=\"article:modified_time\" content=\"2015-01-20T15:05:35+00:00\" \/>\n<meta property=\"og:image\" content=\"https:\/\/www.notibras.com\/site\/wp-content\/uploads\/2015\/01\/negocios-macro-levy-impostos.jpg\" \/>\n\t<meta property=\"og:image:width\" content=\"460\" \/>\n\t<meta property=\"og:image:height\" content=\"306\" \/>\n\t<meta property=\"og:image:type\" content=\"image\/jpeg\" \/>\n<meta name=\"author\" content=\"Reda\u00e7\u00e3o\" \/>\n<meta name=\"twitter:card\" content=\"summary_large_image\" \/>\n<meta name=\"twitter:creator\" content=\"@Notibras\" \/>\n<meta name=\"twitter:site\" content=\"@Notibras\" \/>\n<meta name=\"twitter:label1\" content=\"Escrito por\" \/>\n\t<meta name=\"twitter:data1\" content=\"Reda\u00e7\u00e3o\" \/>\n\t<meta name=\"twitter:label2\" content=\"Est. tempo de leitura\" \/>\n\t<meta name=\"twitter:data2\" content=\"2 minutos\" \/>\n<script type=\"application\/ld+json\" class=\"yoast-schema-graph\">{\"@context\":\"https:\/\/schema.org\",\"@graph\":[{\"@type\":\"Article\",\"@id\":\"https:\/\/www.notibras.com\/site\/combustivel-aumenta-iof-cresce-importar-fica-mais-caro-e-governo-cobre-rombo-do-cofre\/#article\",\"isPartOf\":{\"@id\":\"https:\/\/www.notibras.com\/site\/combustivel-aumenta-iof-cresce-importar-fica-mais-caro-e-governo-cobre-rombo-do-cofre\/\"},\"author\":{\"name\":\"Reda\u00e7\u00e3o\",\"@id\":\"https:\/\/www.notibras.com\/site\/#\/schema\/person\/36ab0979449956132d3e5b517ea76ac8\"},\"headline\":\"Combust\u00edvel aumenta, IOF cresce, importar fica mais caro&#8230; e o governo cobre o rombo dos cofres p\u00fablicos\",\"datePublished\":\"2015-01-20T02:23:05+00:00\",\"dateModified\":\"2015-01-20T15:05:35+00:00\",\"mainEntityOfPage\":{\"@id\":\"https:\/\/www.notibras.com\/site\/combustivel-aumenta-iof-cresce-importar-fica-mais-caro-e-governo-cobre-rombo-do-cofre\/\"},\"wordCount\":463,\"commentCount\":0,\"publisher\":{\"@id\":\"https:\/\/www.notibras.com\/site\/#organization\"},\"image\":{\"@id\":\"https:\/\/www.notibras.com\/site\/combustivel-aumenta-iof-cresce-importar-fica-mais-caro-e-governo-cobre-rombo-do-cofre\/#primaryimage\"},\"thumbnailUrl\":\"https:\/\/www.notibras.com\/site\/wp-content\/uploads\/2015\/01\/negocios-macro-levy-impostos.jpg\",\"articleSection\":[\"Brasil\"],\"inLanguage\":\"pt-BR\",\"potentialAction\":[{\"@type\":\"CommentAction\",\"name\":\"Comment\",\"target\":[\"https:\/\/www.notibras.com\/site\/combustivel-aumenta-iof-cresce-importar-fica-mais-caro-e-governo-cobre-rombo-do-cofre\/#respond\"]}]},{\"@type\":\"WebPage\",\"@id\":\"https:\/\/www.notibras.com\/site\/combustivel-aumenta-iof-cresce-importar-fica-mais-caro-e-governo-cobre-rombo-do-cofre\/\",\"url\":\"https:\/\/www.notibras.com\/site\/combustivel-aumenta-iof-cresce-importar-fica-mais-caro-e-governo-cobre-rombo-do-cofre\/\",\"name\":\"Combust\u00edvel aumenta, IOF cresce, importar fica mais caro... e o governo cobre o rombo dos cofres p\u00fablicos - Notibras\",\"isPartOf\":{\"@id\":\"https:\/\/www.notibras.com\/site\/#website\"},\"primaryImageOfPage\":{\"@id\":\"https:\/\/www.notibras.com\/site\/combustivel-aumenta-iof-cresce-importar-fica-mais-caro-e-governo-cobre-rombo-do-cofre\/#primaryimage\"},\"image\":{\"@id\":\"https:\/\/www.notibras.com\/site\/combustivel-aumenta-iof-cresce-importar-fica-mais-caro-e-governo-cobre-rombo-do-cofre\/#primaryimage\"},\"thumbnailUrl\":\"https:\/\/www.notibras.com\/site\/wp-content\/uploads\/2015\/01\/negocios-macro-levy-impostos.jpg\",\"datePublished\":\"2015-01-20T02:23:05+00:00\",\"dateModified\":\"2015-01-20T15:05:35+00:00\",\"breadcrumb\":{\"@id\":\"https:\/\/www.notibras.com\/site\/combustivel-aumenta-iof-cresce-importar-fica-mais-caro-e-governo-cobre-rombo-do-cofre\/#breadcrumb\"},\"inLanguage\":\"pt-BR\",\"potentialAction\":[{\"@type\":\"ReadAction\",\"target\":[\"https:\/\/www.notibras.com\/site\/combustivel-aumenta-iof-cresce-importar-fica-mais-caro-e-governo-cobre-rombo-do-cofre\/\"]}]},{\"@type\":\"ImageObject\",\"inLanguage\":\"pt-BR\",\"@id\":\"https:\/\/www.notibras.com\/site\/combustivel-aumenta-iof-cresce-importar-fica-mais-caro-e-governo-cobre-rombo-do-cofre\/#primaryimage\",\"url\":\"https:\/\/www.notibras.com\/site\/wp-content\/uploads\/2015\/01\/negocios-macro-levy-impostos.jpg\",\"contentUrl\":\"https:\/\/www.notibras.com\/site\/wp-content\/uploads\/2015\/01\/negocios-macro-levy-impostos.jpg\",\"width\":460,\"height\":306},{\"@type\":\"BreadcrumbList\",\"@id\":\"https:\/\/www.notibras.com\/site\/combustivel-aumenta-iof-cresce-importar-fica-mais-caro-e-governo-cobre-rombo-do-cofre\/#breadcrumb\",\"itemListElement\":[{\"@type\":\"ListItem\",\"position\":1,\"name\":\"In\u00edcio\",\"item\":\"https:\/\/www.notibras.com\/site\/\"},{\"@type\":\"ListItem\",\"position\":2,\"name\":\"Combust\u00edvel aumenta, IOF cresce, importar fica mais caro&#8230; e o governo cobre o rombo dos cofres p\u00fablicos\"}]},{\"@type\":\"WebSite\",\"@id\":\"https:\/\/www.notibras.com\/site\/#website\",\"url\":\"https:\/\/www.notibras.com\/site\/\",\"name\":\"Notibras\",\"description\":\"Not\u00edcias de Bras\u00edlia, do Brasil e do Mundo\",\"publisher\":{\"@id\":\"https:\/\/www.notibras.com\/site\/#organization\"},\"potentialAction\":[{\"@type\":\"SearchAction\",\"target\":{\"@type\":\"EntryPoint\",\"urlTemplate\":\"https:\/\/www.notibras.com\/site\/?s={search_term_string}\"},\"query-input\":{\"@type\":\"PropertyValueSpecification\",\"valueRequired\":true,\"valueName\":\"search_term_string\"}}],\"inLanguage\":\"pt-BR\"},{\"@type\":\"Organization\",\"@id\":\"https:\/\/www.notibras.com\/site\/#organization\",\"name\":\"Grupo Notibras de Comunica\u00e7\u00e3o\",\"url\":\"https:\/\/www.notibras.com\/site\/\",\"logo\":{\"@type\":\"ImageObject\",\"inLanguage\":\"pt-BR\",\"@id\":\"https:\/\/www.notibras.com\/site\/#\/schema\/logo\/image\/\",\"url\":\"https:\/\/www.notibras.com\/site\/wp-content\/uploads\/2023\/01\/notibras23.png\",\"contentUrl\":\"https:\/\/www.notibras.com\/site\/wp-content\/uploads\/2023\/01\/notibras23.png\",\"width\":350,\"height\":87,\"caption\":\"Grupo Notibras de Comunica\u00e7\u00e3o\"},\"image\":{\"@id\":\"https:\/\/www.notibras.com\/site\/#\/schema\/logo\/image\/\"},\"sameAs\":[\"https:\/\/www.facebook.com\/notibras\/\",\"https:\/\/x.com\/Notibras\",\"https:\/\/www.instagram.com\/notibras\/\"]},{\"@type\":\"Person\",\"@id\":\"https:\/\/www.notibras.com\/site\/#\/schema\/person\/36ab0979449956132d3e5b517ea76ac8\",\"name\":\"Reda\u00e7\u00e3o\",\"image\":{\"@type\":\"ImageObject\",\"inLanguage\":\"pt-BR\",\"@id\":\"https:\/\/secure.gravatar.com\/avatar\/e0a867bdedb85fd243eadf09663511f96fc81e0720a4a42581f334ad4303aa6b?s=96&d=mm&r=g\",\"url\":\"https:\/\/secure.gravatar.com\/avatar\/e0a867bdedb85fd243eadf09663511f96fc81e0720a4a42581f334ad4303aa6b?s=96&d=mm&r=g\",\"contentUrl\":\"https:\/\/secure.gravatar.com\/avatar\/e0a867bdedb85fd243eadf09663511f96fc81e0720a4a42581f334ad4303aa6b?s=96&d=mm&r=g\",\"caption\":\"Reda\u00e7\u00e3o\"}}]}<\/script>\n<!-- \/ Yoast SEO plugin. -->","yoast_head_json":{"title":"Combust\u00edvel aumenta, IOF cresce, importar fica mais caro... e o governo cobre o rombo dos cofres p\u00fablicos - Notibras","robots":{"index":"index","follow":"follow","max-snippet":"max-snippet:-1","max-image-preview":"max-image-preview:large","max-video-preview":"max-video-preview:-1"},"canonical":"https:\/\/www.notibras.com\/site\/combustivel-aumenta-iof-cresce-importar-fica-mais-caro-e-governo-cobre-rombo-do-cofre\/","og_locale":"pt_BR","og_type":"article","og_title":"Combust\u00edvel aumenta, IOF cresce, importar fica mais caro... e o governo cobre o rombo dos cofres p\u00fablicos - Notibras","og_description":"O ministro da Fazenda, Joaquim Levy, divulgou nesta segunda-feira 19 quatro medidas de\u00a0aumento de impostos que devem gerar, segundo c\u00e1lculos do governo, arrecada\u00e7\u00e3o de R$ 20,63 bilh\u00f5es \u00e0 Uni\u00e3o em 2015. Entre as mudan\u00e7as est\u00e3o\u00a0a\u00a0alta de R$ 0,22 na gasolina e R$ 0,15\u00a0no diesel, a partir de 1\u00ba de fevereiro. &#8220;\u00c9 uma sequ\u00eancia de a\u00e7\u00f5es [&hellip;]","og_url":"https:\/\/www.notibras.com\/site\/combustivel-aumenta-iof-cresce-importar-fica-mais-caro-e-governo-cobre-rombo-do-cofre\/","og_site_name":"Notibras","article_publisher":"https:\/\/www.facebook.com\/notibras\/","article_published_time":"2015-01-20T02:23:05+00:00","article_modified_time":"2015-01-20T15:05:35+00:00","og_image":[{"width":460,"height":306,"url":"https:\/\/www.notibras.com\/site\/wp-content\/uploads\/2015\/01\/negocios-macro-levy-impostos.jpg","type":"image\/jpeg"}],"author":"Reda\u00e7\u00e3o","twitter_card":"summary_large_image","twitter_creator":"@Notibras","twitter_site":"@Notibras","twitter_misc":{"Escrito por":"Reda\u00e7\u00e3o","Est. tempo de leitura":"2 minutos"},"schema":{"@context":"https:\/\/schema.org","@graph":[{"@type":"Article","@id":"https:\/\/www.notibras.com\/site\/combustivel-aumenta-iof-cresce-importar-fica-mais-caro-e-governo-cobre-rombo-do-cofre\/#article","isPartOf":{"@id":"https:\/\/www.notibras.com\/site\/combustivel-aumenta-iof-cresce-importar-fica-mais-caro-e-governo-cobre-rombo-do-cofre\/"},"author":{"name":"Reda\u00e7\u00e3o","@id":"https:\/\/www.notibras.com\/site\/#\/schema\/person\/36ab0979449956132d3e5b517ea76ac8"},"headline":"Combust\u00edvel aumenta, IOF cresce, importar fica mais caro&#8230; e o governo cobre o rombo dos cofres p\u00fablicos","datePublished":"2015-01-20T02:23:05+00:00","dateModified":"2015-01-20T15:05:35+00:00","mainEntityOfPage":{"@id":"https:\/\/www.notibras.com\/site\/combustivel-aumenta-iof-cresce-importar-fica-mais-caro-e-governo-cobre-rombo-do-cofre\/"},"wordCount":463,"commentCount":0,"publisher":{"@id":"https:\/\/www.notibras.com\/site\/#organization"},"image":{"@id":"https:\/\/www.notibras.com\/site\/combustivel-aumenta-iof-cresce-importar-fica-mais-caro-e-governo-cobre-rombo-do-cofre\/#primaryimage"},"thumbnailUrl":"https:\/\/www.notibras.com\/site\/wp-content\/uploads\/2015\/01\/negocios-macro-levy-impostos.jpg","articleSection":["Brasil"],"inLanguage":"pt-BR","potentialAction":[{"@type":"CommentAction","name":"Comment","target":["https:\/\/www.notibras.com\/site\/combustivel-aumenta-iof-cresce-importar-fica-mais-caro-e-governo-cobre-rombo-do-cofre\/#respond"]}]},{"@type":"WebPage","@id":"https:\/\/www.notibras.com\/site\/combustivel-aumenta-iof-cresce-importar-fica-mais-caro-e-governo-cobre-rombo-do-cofre\/","url":"https:\/\/www.notibras.com\/site\/combustivel-aumenta-iof-cresce-importar-fica-mais-caro-e-governo-cobre-rombo-do-cofre\/","name":"Combust\u00edvel aumenta, IOF cresce, importar fica mais caro... e o governo cobre o rombo dos cofres p\u00fablicos - Notibras","isPartOf":{"@id":"https:\/\/www.notibras.com\/site\/#website"},"primaryImageOfPage":{"@id":"https:\/\/www.notibras.com\/site\/combustivel-aumenta-iof-cresce-importar-fica-mais-caro-e-governo-cobre-rombo-do-cofre\/#primaryimage"},"image":{"@id":"https:\/\/www.notibras.com\/site\/combustivel-aumenta-iof-cresce-importar-fica-mais-caro-e-governo-cobre-rombo-do-cofre\/#primaryimage"},"thumbnailUrl":"https:\/\/www.notibras.com\/site\/wp-content\/uploads\/2015\/01\/negocios-macro-levy-impostos.jpg","datePublished":"2015-01-20T02:23:05+00:00","dateModified":"2015-01-20T15:05:35+00:00","breadcrumb":{"@id":"https:\/\/www.notibras.com\/site\/combustivel-aumenta-iof-cresce-importar-fica-mais-caro-e-governo-cobre-rombo-do-cofre\/#breadcrumb"},"inLanguage":"pt-BR","potentialAction":[{"@type":"ReadAction","target":["https:\/\/www.notibras.com\/site\/combustivel-aumenta-iof-cresce-importar-fica-mais-caro-e-governo-cobre-rombo-do-cofre\/"]}]},{"@type":"ImageObject","inLanguage":"pt-BR","@id":"https:\/\/www.notibras.com\/site\/combustivel-aumenta-iof-cresce-importar-fica-mais-caro-e-governo-cobre-rombo-do-cofre\/#primaryimage","url":"https:\/\/www.notibras.com\/site\/wp-content\/uploads\/2015\/01\/negocios-macro-levy-impostos.jpg","contentUrl":"https:\/\/www.notibras.com\/site\/wp-content\/uploads\/2015\/01\/negocios-macro-levy-impostos.jpg","width":460,"height":306},{"@type":"BreadcrumbList","@id":"https:\/\/www.notibras.com\/site\/combustivel-aumenta-iof-cresce-importar-fica-mais-caro-e-governo-cobre-rombo-do-cofre\/#breadcrumb","itemListElement":[{"@type":"ListItem","position":1,"name":"In\u00edcio","item":"https:\/\/www.notibras.com\/site\/"},{"@type":"ListItem","position":2,"name":"Combust\u00edvel aumenta, IOF cresce, importar fica mais caro&#8230; e o governo cobre o rombo dos cofres p\u00fablicos"}]},{"@type":"WebSite","@id":"https:\/\/www.notibras.com\/site\/#website","url":"https:\/\/www.notibras.com\/site\/","name":"Notibras","description":"Not\u00edcias de Bras\u00edlia, do Brasil e do Mundo","publisher":{"@id":"https:\/\/www.notibras.com\/site\/#organization"},"potentialAction":[{"@type":"SearchAction","target":{"@type":"EntryPoint","urlTemplate":"https:\/\/www.notibras.com\/site\/?s={search_term_string}"},"query-input":{"@type":"PropertyValueSpecification","valueRequired":true,"valueName":"search_term_string"}}],"inLanguage":"pt-BR"},{"@type":"Organization","@id":"https:\/\/www.notibras.com\/site\/#organization","name":"Grupo Notibras de Comunica\u00e7\u00e3o","url":"https:\/\/www.notibras.com\/site\/","logo":{"@type":"ImageObject","inLanguage":"pt-BR","@id":"https:\/\/www.notibras.com\/site\/#\/schema\/logo\/image\/","url":"https:\/\/www.notibras.com\/site\/wp-content\/uploads\/2023\/01\/notibras23.png","contentUrl":"https:\/\/www.notibras.com\/site\/wp-content\/uploads\/2023\/01\/notibras23.png","width":350,"height":87,"caption":"Grupo Notibras de Comunica\u00e7\u00e3o"},"image":{"@id":"https:\/\/www.notibras.com\/site\/#\/schema\/logo\/image\/"},"sameAs":["https:\/\/www.facebook.com\/notibras\/","https:\/\/x.com\/Notibras","https:\/\/www.instagram.com\/notibras\/"]},{"@type":"Person","@id":"https:\/\/www.notibras.com\/site\/#\/schema\/person\/36ab0979449956132d3e5b517ea76ac8","name":"Reda\u00e7\u00e3o","image":{"@type":"ImageObject","inLanguage":"pt-BR","@id":"https:\/\/secure.gravatar.com\/avatar\/e0a867bdedb85fd243eadf09663511f96fc81e0720a4a42581f334ad4303aa6b?s=96&d=mm&r=g","url":"https:\/\/secure.gravatar.com\/avatar\/e0a867bdedb85fd243eadf09663511f96fc81e0720a4a42581f334ad4303aa6b?s=96&d=mm&r=g","contentUrl":"https:\/\/secure.gravatar.com\/avatar\/e0a867bdedb85fd243eadf09663511f96fc81e0720a4a42581f334ad4303aa6b?s=96&d=mm&r=g","caption":"Reda\u00e7\u00e3o"}}]}},"amp_enabled":true,"_links":{"self":[{"href":"https:\/\/www.notibras.com\/site\/wp-json\/wp\/v2\/posts\/34481","targetHints":{"allow":["GET"]}}],"collection":[{"href":"https:\/\/www.notibras.com\/site\/wp-json\/wp\/v2\/posts"}],"about":[{"href":"https:\/\/www.notibras.com\/site\/wp-json\/wp\/v2\/types\/post"}],"author":[{"embeddable":true,"href":"https:\/\/www.notibras.com\/site\/wp-json\/wp\/v2\/users\/2"}],"replies":[{"embeddable":true,"href":"https:\/\/www.notibras.com\/site\/wp-json\/wp\/v2\/comments?post=34481"}],"version-history":[{"count":0,"href":"https:\/\/www.notibras.com\/site\/wp-json\/wp\/v2\/posts\/34481\/revisions"}],"wp:featuredmedia":[{"embeddable":true,"href":"https:\/\/www.notibras.com\/site\/wp-json\/wp\/v2\/media\/34482"}],"wp:attachment":[{"href":"https:\/\/www.notibras.com\/site\/wp-json\/wp\/v2\/media?parent=34481"}],"wp:term":[{"taxonomy":"category","embeddable":true,"href":"https:\/\/www.notibras.com\/site\/wp-json\/wp\/v2\/categories?post=34481"},{"taxonomy":"post_tag","embeddable":true,"href":"https:\/\/www.notibras.com\/site\/wp-json\/wp\/v2\/tags?post=34481"}],"curies":[{"name":"wp","href":"https:\/\/api.w.org\/{rel}","templated":true}]}}