{"id":344812,"date":"2025-01-05T00:00:14","date_gmt":"2025-01-05T03:00:14","guid":{"rendered":"https:\/\/www.notibras.com\/site\/?p=344812"},"modified":"2025-01-05T08:01:03","modified_gmt":"2025-01-05T11:01:03","slug":"mortes-por-queda-de-ponte-no-maranhao-sobem-para-14","status":"publish","type":"post","link":"https:\/\/www.notibras.com\/site\/mortes-por-queda-de-ponte-no-maranhao-sobem-para-14\/","title":{"rendered":"Mortes por queda de ponte no Maranh\u00e3o sobem para 14"},"content":{"rendered":"<p>Mais um corpo foi resgatado no s\u00e1bado (4) no Rio Tocantins, onde desabou a Ponte Juscelino Kubitschek de Oliveira que ligava Aguiarn\u00f3polis (TO) a Estreito, no Maranh\u00e3o. Com a localiza\u00e7\u00e3o da v\u00edtima, chegam a 14 as mortes confirmadas e tr\u00eas pessoas ainda permanecem desaparecidas.<\/p>\n<p>Segundo o Comando do 4\u00ba Distrito Naval da Marinha, que integra a for\u00e7a-tarefa de busca e resgate no rio Tocantins, o corpo estava nas proximidades dos destro\u00e7os e foi retirado do local \u00e0s 10h25.<\/p>\n<p>Segundo o chefe do destacamento de mergulhadores da Marinha, capit\u00e3o de mar e guerra Albino Santos, os destro\u00e7os no local do desabamento aumentam o desafio no trabalho de busca e resgate das v\u00edtimas, exigindo o emprego de profissionais altamente especializados e o uso de diferentes t\u00e9cnicas.<\/p>\n<p>S\u00e3o realizados diariamente mergulhos para identificar e marcar os pontos de interesse, e mergulhos a ar dependente, com mais autonomia e tempo para explora\u00e7\u00e3o nas \u00e1reas que ultrapassam 40 metros de profundidade.<\/p>\n<p>\u201cO mergulho a ar dependente conta com uma s\u00e9rie de aparatos pr\u00f3prios destinados a essa t\u00e9cnica. Por exemplo, a tradicional m\u00e1scara \u00e9 substitu\u00edda por capacete. Com ele, o mergulhador consegue receber o ar que vem da superf\u00edcie\u201d, explica.<\/p>\n","protected":false},"excerpt":{"rendered":"<p>Mais um corpo foi resgatado no s\u00e1bado (4) no Rio Tocantins, onde desabou a Ponte Juscelino Kubitschek de Oliveira que ligava Aguiarn\u00f3polis (TO) a Estreito, no Maranh\u00e3o. Com a localiza\u00e7\u00e3o da v\u00edtima, chegam a 14 as mortes confirmadas e tr\u00eas pessoas ainda permanecem desaparecidas. Segundo o Comando do 4\u00ba Distrito Naval da Marinha, que integra [&hellip;]<\/p>\n","protected":false},"author":2,"featured_media":344813,"comment_status":"closed","ping_status":"closed","sticky":false,"template":"","format":"standard","meta":{"_acf_changed":false,"footnotes":""},"categories":[165],"tags":[],"class_list":["post-344812","post","type-post","status-publish","format-standard","has-post-thumbnail","hentry","category-nordeste"],"acf":[],"_links":{"self":[{"href":"https:\/\/www.notibras.com\/site\/wp-json\/wp\/v2\/posts\/344812","targetHints":{"allow":["GET"]}}],"collection":[{"href":"https:\/\/www.notibras.com\/site\/wp-json\/wp\/v2\/posts"}],"about":[{"href":"https:\/\/www.notibras.com\/site\/wp-json\/wp\/v2\/types\/post"}],"author":[{"embeddable":true,"href":"https:\/\/www.notibras.com\/site\/wp-json\/wp\/v2\/users\/2"}],"replies":[{"embeddable":true,"href":"https:\/\/www.notibras.com\/site\/wp-json\/wp\/v2\/comments?post=344812"}],"version-history":[{"count":1,"href":"https:\/\/www.notibras.com\/site\/wp-json\/wp\/v2\/posts\/344812\/revisions"}],"predecessor-version":[{"id":344814,"href":"https:\/\/www.notibras.com\/site\/wp-json\/wp\/v2\/posts\/344812\/revisions\/344814"}],"wp:featuredmedia":[{"embeddable":true,"href":"https:\/\/www.notibras.com\/site\/wp-json\/wp\/v2\/media\/344813"}],"wp:attachment":[{"href":"https:\/\/www.notibras.com\/site\/wp-json\/wp\/v2\/media?parent=344812"}],"wp:term":[{"taxonomy":"category","embeddable":true,"href":"https:\/\/www.notibras.com\/site\/wp-json\/wp\/v2\/categories?post=344812"},{"taxonomy":"post_tag","embeddable":true,"href":"https:\/\/www.notibras.com\/site\/wp-json\/wp\/v2\/tags?post=344812"}],"curies":[{"name":"wp","href":"https:\/\/api.w.org\/{rel}","templated":true}]}}