{"id":344817,"date":"2025-01-05T08:18:28","date_gmt":"2025-01-05T11:18:28","guid":{"rendered":"https:\/\/www.notibras.com\/site\/?p=344817"},"modified":"2025-01-05T08:20:04","modified_gmt":"2025-01-05T11:20:04","slug":"zuleika-fofoqueira-justifica-intrigas-como-ato-de-evolucao-da-humanidade","status":"publish","type":"post","link":"https:\/\/www.notibras.com\/site\/zuleika-fofoqueira-justifica-intrigas-como-ato-de-evolucao-da-humanidade\/","title":{"rendered":"Zuleika, fofoqueira, justifica intrigas como ato de evolu\u00e7\u00e3o da humanidade"},"content":{"rendered":"<p>Zuleica era afeita a falar da vida alheia. De t\u00e3o tarimbada, comentava qualquer assunto que tivesse oportunidade de ouvir e, caso n\u00e3o o achasse suficientemente palat\u00e1vel, acrescentava tempero a gosto do fregu\u00eas. Uma pimentinha aqui, um punhado de coentro ali, um tanto de cebola acol\u00e1, sem falar do sal, que, vez ou outra, fazia a press\u00e3o arterial dos ouvintes se elevar a tal n\u00edvel que, n\u00e3o raro, sobrava cobras e lagartos para todo lado.<\/p>\n<p>Quem n\u00e3o se conformava com a mania da mulher era justamente Heraldo, o marido. Cansado de passar desconforto por conta das fofocas da esposa, o gajo apertou o passo para chegar logo ao lar, doce lar. Mal abriu a porta, flagrou a amada tagarelando maledic\u00eancias com Neide, vizinha do andar acima.<\/p>\n<p>\u2014 Que coisa, Zuleica!<\/p>\n<p>\u2014 Pra voc\u00ea ver, mulher! N\u00e3o d\u00e1 pra confiar em ningu\u00e9m mais neste mundo.<\/p>\n<p>\u2014 \u00c9 verdade! Coitado do marido da Claudete.<\/p>\n<p>\u2014 Coitado nada! Aquele ali tamb\u00e9m n\u00e3o \u00e9 flor que se cheire.<\/p>\n<p>\u2014 S\u00e9rio?<\/p>\n<p>\u2014 Hum! Se eu te conto, tu cai dura aqui!<\/p>\n<p>\u2014 Pois conte, mulher!<\/p>\n<p>De t\u00e3o entretida com a conversa, as duas amigas quase n\u00e3o perceberam a chegada do homem. Ele beijou o rosto da Zuleica e cumprimentou a convidada.<\/p>\n<p>\u2014 Oi, amor! Chegou mais cedo hoje.<\/p>\n<p>\u2014 \u00c9 que n\u00e3o estava me sentindo bem.<\/p>\n<p>\u2014 Hum! Aposto que andou comendo besteira de novo.<\/p>\n<p>\u2014 Estou melhor agora.<\/p>\n<p>\u2014 Hum! Vou preparar um ch\u00e1 de boldo pra voc\u00ea. Quer tamb\u00e9m, Neide?<\/p>\n<p>\u2014 Obrigada, Zuleica. Mas preciso ir, que o Juli\u00e3o j\u00e1, j\u00e1 chega tamb\u00e9m.<\/p>\n<p>Ap\u00f3s Neide sair, Heraldo, cara amarrada, acomodou-se no sof\u00e1.<\/p>\n<p>\u2014 Que cara \u00e9 essa, meu bem?<\/p>\n<p>\u2014 Nada.<\/p>\n<p>\u2014 Como n\u00e3o \u00e9 nada?<\/p>\n<p>\u2014 Zuleica, que mania feia de ficar futricando a vida dos outros!<\/p>\n<p>\u2014 Hum!<\/p>\n<p>\u2014 Quando \u00e9 que voc\u00ea vai parar com isso? O povo vive comentando.<\/p>\n<p>\u2014 Heraldo, meu querido, se n\u00e3o fosse o mexerico, a humanidade ainda estaria grunhindo.<\/p>\n<p>&#8230;&#8230;&#8230;&#8230;&#8230;&#8230;&#8230;&#8230;&#8230;&#8230;&#8230;&#8230;.<\/p>\n<div>*<strong>Eduardo Mart\u00ednez \u00e9 autor do livro \u201c57 Contos e Cr\u00f4nicas por um Autor muito Velho\u201d.<\/strong><\/div>\n<div>\n<div class=\"mvp-post-soc-in\">\n<div id=\"mvp-content-body\" class=\"left relative\">\n<div id=\"mvp-content-body-top\" class=\"left relative\">\n<div id=\"mvp-content-main\" class=\"left relative\">\n<p>Compre aqui\u00a0<span class=\"x19la9d6 x1fc57z9 x6ikm8r x10wlt62 x19co3pv x1g5zs5t xfibh0p xiy17q3 x1xsqp64 x1lkfr7t xexx8yu x4uap5 x18d9i69 xkhd6sd\"><span class=\"xrtxmta x1bhl96m\"><img decoding=\"async\" class=\"emoji\" role=\"img\" draggable=\"false\" src=\"https:\/\/s.w.org\/images\/core\/emoji\/14.0.0\/svg\/1f447-1f3ff.svg\" alt=\"&#x1f447;&#x1f3ff;\" \/><\/span><\/span><span class=\"x19la9d6 x1fc57z9 x6ikm8r x10wlt62 x19co3pv x1g5zs5t xfibh0p xiy17q3 x1xsqp64 x1lkfr7t xexx8yu x4uap5 x18d9i69 xkhd6sd\"><span class=\"xrtxmta x1bhl96m\"><img decoding=\"async\" class=\"emoji\" role=\"img\" draggable=\"false\" src=\"https:\/\/s.w.org\/images\/core\/emoji\/14.0.0\/svg\/1f447-1f3ff.svg\" alt=\"&#x1f447;&#x1f3ff;\" \/><\/span><\/span><span class=\"x19la9d6 x1fc57z9 x6ikm8r x10wlt62 x19co3pv x1g5zs5t xfibh0p xiy17q3 x1xsqp64 x1lkfr7t xexx8yu x4uap5 x18d9i69 xkhd6sd\"><span class=\"xrtxmta x1bhl96m\"><img decoding=\"async\" class=\"emoji\" role=\"img\" draggable=\"false\" src=\"https:\/\/s.w.org\/images\/core\/emoji\/14.0.0\/svg\/1f447-1f3ff.svg\" alt=\"&#x1f447;&#x1f3ff;\" \/><\/span><\/span><\/p>\n<p><a href=\"http:\/\/www.joanineditora.com.br\/57-contos-e-cronicas-por-um-autor-muito-velho\">http:\/\/www.joanineditora.com.br\/57-contos-e-cronicas-por-um-autor-muito-velho<\/a><\/p>\n<\/div>\n<\/div>\n<\/div>\n<\/div>\n<\/div>\n<div id=\"wpdevar_comment_4\"><\/div>\n","protected":false},"excerpt":{"rendered":"<p>Zuleica era afeita a falar da vida alheia. De t\u00e3o tarimbada, comentava qualquer assunto que tivesse oportunidade de ouvir e, caso n\u00e3o o achasse suficientemente palat\u00e1vel, acrescentava tempero a gosto do fregu\u00eas. Uma pimentinha aqui, um punhado de coentro ali, um tanto de cebola acol\u00e1, sem falar do sal, que, vez ou outra, fazia a [&hellip;]<\/p>\n","protected":false},"author":2,"featured_media":344818,"comment_status":"closed","ping_status":"closed","sticky":false,"template":"","format":"standard","meta":{"_acf_changed":false,"footnotes":""},"categories":[161],"tags":[],"class_list":["post-344817","post","type-post","status-publish","format-standard","has-post-thumbnail","hentry","category-quadradinho-em-foco"],"acf":[],"_links":{"self":[{"href":"https:\/\/www.notibras.com\/site\/wp-json\/wp\/v2\/posts\/344817","targetHints":{"allow":["GET"]}}],"collection":[{"href":"https:\/\/www.notibras.com\/site\/wp-json\/wp\/v2\/posts"}],"about":[{"href":"https:\/\/www.notibras.com\/site\/wp-json\/wp\/v2\/types\/post"}],"author":[{"embeddable":true,"href":"https:\/\/www.notibras.com\/site\/wp-json\/wp\/v2\/users\/2"}],"replies":[{"embeddable":true,"href":"https:\/\/www.notibras.com\/site\/wp-json\/wp\/v2\/comments?post=344817"}],"version-history":[{"count":3,"href":"https:\/\/www.notibras.com\/site\/wp-json\/wp\/v2\/posts\/344817\/revisions"}],"predecessor-version":[{"id":344821,"href":"https:\/\/www.notibras.com\/site\/wp-json\/wp\/v2\/posts\/344817\/revisions\/344821"}],"wp:featuredmedia":[{"embeddable":true,"href":"https:\/\/www.notibras.com\/site\/wp-json\/wp\/v2\/media\/344818"}],"wp:attachment":[{"href":"https:\/\/www.notibras.com\/site\/wp-json\/wp\/v2\/media?parent=344817"}],"wp:term":[{"taxonomy":"category","embeddable":true,"href":"https:\/\/www.notibras.com\/site\/wp-json\/wp\/v2\/categories?post=344817"},{"taxonomy":"post_tag","embeddable":true,"href":"https:\/\/www.notibras.com\/site\/wp-json\/wp\/v2\/tags?post=344817"}],"curies":[{"name":"wp","href":"https:\/\/api.w.org\/{rel}","templated":true}]}}