{"id":344822,"date":"2025-01-05T00:24:20","date_gmt":"2025-01-05T03:24:20","guid":{"rendered":"https:\/\/www.notibras.com\/site\/?p=344822"},"modified":"2025-01-05T08:26:16","modified_gmt":"2025-01-05T11:26:16","slug":"investimentos-na-aquisicao-de-alimentos-fortalecem-agricultura-familiar","status":"publish","type":"post","link":"https:\/\/www.notibras.com\/site\/investimentos-na-aquisicao-de-alimentos-fortalecem-agricultura-familiar\/","title":{"rendered":"Investimentos na aquisi\u00e7\u00e3o de alimentos fortalecem agricultura familiar"},"content":{"rendered":"<p>Alimentos de qualidade para quem mais precisa e renda para o agricultor familiar. Essa \u00e9 a ess\u00eancia da pol\u00edtica p\u00fablica deste Governo do Distrito Federal (GDF) que, por meio de programas de aquisi\u00e7\u00e3o de alimentos, tem garantido a seguran\u00e7a alimentar de mais de um milh\u00e3o de pessoas, entre crian\u00e7as, jovens e idosos, al\u00e9m da sustentabilidade das pequenas propriedades rurais da capital do pa\u00eds. Neste ano, o Executivo investiu mais de R$ 44,3 milh\u00f5es para a manuten\u00e7\u00e3o das iniciativas, beneficiando diretamente 1.884 produtores.<\/p>\n<p>Em 12 meses, foram mais de 5,3 mil toneladas de frutas, legumes e verduras distribu\u00eddos por meio dos programas de Aquisi\u00e7\u00e3o de Alimentos (PAA-DF); Alimenta\u00e7\u00e3o Escolar do Distrito Federal (PAE-DF); e de Aquisi\u00e7\u00e3o da Produ\u00e7\u00e3o da Agricultura (Papa-DF) \u2013 tudo em benef\u00edcio de parcelas distintas da popula\u00e7\u00e3o garantindo ao DF uma posi\u00e7\u00e3o de destaque no que diz respeito \u00e0 seguran\u00e7a alimentar.<\/p>\n<p>Aos 50 anos, o produtor rural Genivaldo Jos\u00e9 dos Santos \u00e9 um exemplo de como os programas sociais de aquisi\u00e7\u00e3o de alimentos transformam vidas. Com d\u00e9cadas dedicadas ao cultivo de frutas e hortali\u00e7as, sendo 12 anos em sua propriedade, no N\u00facleo Rural Betinho, em Brazl\u00e2ndia, ele destaca a import\u00e2ncia do apoio do GDF para manter a produ\u00e7\u00e3o e assegurar \u00e0 fam\u00edlia uma fonte de renda est\u00e1vel: \u201cO governo me ajuda demais. Se n\u00e3o fosse por essa ajuda, n\u00e3o teria condi\u00e7\u00f5es de dar in\u00edcio \u00e0 minha produ\u00e7\u00e3o\u201d, enfatiza.<\/p>\n<p><strong>Assist\u00eancia qualificada<\/strong><br \/>\nA extensionista rural Vanessa Lira, da Emater-DF, diz que os produtores s\u00e3o orientados sobre o acesso a programas de compras p\u00fablicas. \u201cPor se tratar de compras estabelecidas em contrato, isso permite aos produtores que permane\u00e7am no campo e tenham uma renda a mais garantida\u201d, afirma<\/p>\n<p>Mais do que apenas comprar periodicamente os alimentos produzidos por Genivaldo, o governo tamb\u00e9m oferece toda a estrutura necess\u00e1ria para garantir a continuidade de sua atividade. Neste contexto, o produtor tem como grande parceira a Empresa de Assist\u00eancia T\u00e9cnica e Extens\u00e3o Rural do DF (Emater-DF). \u201cEles me ajudam em tudo, desde a parte t\u00e9cnica da produ\u00e7\u00e3o at\u00e9 a quest\u00e3o de viabilizar o cr\u00e9dito rural. A Emater n\u00e3o mede esfor\u00e7os para me ajudar aqui\u201d, completa.<\/p>\n<p>Entre os v\u00e1rios t\u00e9cnicos \u00e0 disposi\u00e7\u00e3o dos agricultores da regi\u00e3o, est\u00e1 a extensionista rural Vanessa Lira, lotada na Ger\u00eancia de Comercializa\u00e7\u00e3o e Organiza\u00e7\u00e3o Rural da Emater. \u201cA gente d\u00e1 o apoio para esses produtores acessarem as compras p\u00fablicas. Temos alguns grupos de acompanhamento desses programas e fazemos a interlocu\u00e7\u00e3o do agricultor com outros \u00f3rg\u00e3os para viabilizar essas aquisi\u00e7\u00f5es\u201d, explica.<\/p>\n<p>\u201cPor se tratar de compras estabelecidas em contrato, isso permite aos produtores que permane\u00e7am no campo e tenham uma renda a mais garantida. Al\u00e9m disso, o pre\u00e7o pago por cada alimento \u00e9 sempre o mesmo, n\u00e3o oscilando conforme a flutua\u00e7\u00e3o do mercado\u201d, prossegue a t\u00e9cnica.<\/p>\n<p>Segundo a tamb\u00e9m extensionista rural Bruna Heckler, a Emater atua, inclusive, na formaliza\u00e7\u00e3o dos agricultores. \u201cPara ele participar dessas compras, \u00e9 preciso emitir nota fiscal e a gente os auxilia nesse processo. Outro benef\u00edcio direto da nossa atua\u00e7\u00e3o \u00e9 preparar esse agricultor para o mercado privado. Por meio das compras p\u00fablicas, ele aprende o padr\u00e3o comercial do produto e a necessidade de ter um cronograma de plantio para atender as demandas\u201d, detalha.<\/p>\n<p><strong>Seguran\u00e7a alimentar<\/strong><br \/>\nCamila Beir\u00f3, diretora de Alimenta\u00e7\u00e3o Escolar da Secretaria de Educa\u00e7\u00e3o, enfatiza a relev\u00e2ncia dos programas de aquisi\u00e7\u00e3o de alimentos para a alimenta\u00e7\u00e3o escolar no Distrito Federal. \u201cOs programas de aquisi\u00e7\u00e3o proporcionam a compra de alimentos frescos e bem diversificados, respeitando a cultura alimentar local e a sazonalidade dos produtos\u201d, destaca.<\/p>\n<p>A estrat\u00e9gia, de acordo com a servidora, enriquece a dieta dos estudantes com uma alimenta\u00e7\u00e3o rica em nutrientes e tamb\u00e9m promove o contato com novos sabores e alimentos na sua forma in natura, auxiliando no desenvolvimento f\u00edsico e mental das crian\u00e7as.<\/p>\n<p>A diretora ainda refor\u00e7a a import\u00e2ncia da colabora\u00e7\u00e3o entre a pasta, a Emater e a Secretaria de Agricultura e Pecu\u00e1ria (Seagri), formando um grupo que impulsiona a aquisi\u00e7\u00e3o de alimentos da agricultura familiar no DF. \u201cEssa parceria garante alimentos de origem assegurada e diretamente do campo para a refei\u00e7\u00e3o dos alunos\u201d, afirma.<\/p>\n<p>Como resultado, desde 2023, alunos de tr\u00eas regionais de ensino \u2013 Guar\u00e1, N\u00facleo Bandeirante e S\u00e3o Sebasti\u00e3o \u2013 j\u00e1 t\u00eam acesso a frutas e hortali\u00e7as org\u00e2nicas, promovendo uma alimenta\u00e7\u00e3o escolar ainda mais saud\u00e1vel e ben\u00e9fica.<\/p>\n<p>H\u00e1, ainda, as unidades educacionais da rede p\u00fablica abastecidas com frutas e hortali\u00e7as frescas convencionais, como o Centro Educacional (CED) Incra 8. Na escola p\u00fablica, o empenho dos agricultores familiares de Brazl\u00e2ndia \u00e9 a certeza de um card\u00e1pio diverso e saud\u00e1vel para os mais de 900 alunos, com idades entre 9 e 18 anos.<\/p>\n<p>\u201cRecebemos semanalmente alimentos frescos, como frutas, verduras e carnes. Esses produtos garantem a seguran\u00e7a alimentar das crian\u00e7as, especialmente aquelas que dependem da escola para fazerem suas refei\u00e7\u00f5es di\u00e1rias\u201d, defende Raul Igor Trindade, vice-diretor do CED Incra 8.<\/p>\n","protected":false},"excerpt":{"rendered":"<p>Alimentos de qualidade para quem mais precisa e renda para o agricultor familiar. Essa \u00e9 a ess\u00eancia da pol\u00edtica p\u00fablica deste Governo do Distrito Federal (GDF) que, por meio de programas de aquisi\u00e7\u00e3o de alimentos, tem garantido a seguran\u00e7a alimentar de mais de um milh\u00e3o de pessoas, entre crian\u00e7as, jovens e idosos, al\u00e9m da sustentabilidade [&hellip;]<\/p>\n","protected":false},"author":2,"featured_media":344823,"comment_status":"closed","ping_status":"closed","sticky":false,"template":"","format":"standard","meta":{"_acf_changed":false,"footnotes":""},"categories":[161],"tags":[],"class_list":["post-344822","post","type-post","status-publish","format-standard","has-post-thumbnail","hentry","category-quadradinho-em-foco"],"acf":[],"_links":{"self":[{"href":"https:\/\/www.notibras.com\/site\/wp-json\/wp\/v2\/posts\/344822","targetHints":{"allow":["GET"]}}],"collection":[{"href":"https:\/\/www.notibras.com\/site\/wp-json\/wp\/v2\/posts"}],"about":[{"href":"https:\/\/www.notibras.com\/site\/wp-json\/wp\/v2\/types\/post"}],"author":[{"embeddable":true,"href":"https:\/\/www.notibras.com\/site\/wp-json\/wp\/v2\/users\/2"}],"replies":[{"embeddable":true,"href":"https:\/\/www.notibras.com\/site\/wp-json\/wp\/v2\/comments?post=344822"}],"version-history":[{"count":1,"href":"https:\/\/www.notibras.com\/site\/wp-json\/wp\/v2\/posts\/344822\/revisions"}],"predecessor-version":[{"id":344824,"href":"https:\/\/www.notibras.com\/site\/wp-json\/wp\/v2\/posts\/344822\/revisions\/344824"}],"wp:featuredmedia":[{"embeddable":true,"href":"https:\/\/www.notibras.com\/site\/wp-json\/wp\/v2\/media\/344823"}],"wp:attachment":[{"href":"https:\/\/www.notibras.com\/site\/wp-json\/wp\/v2\/media?parent=344822"}],"wp:term":[{"taxonomy":"category","embeddable":true,"href":"https:\/\/www.notibras.com\/site\/wp-json\/wp\/v2\/categories?post=344822"},{"taxonomy":"post_tag","embeddable":true,"href":"https:\/\/www.notibras.com\/site\/wp-json\/wp\/v2\/tags?post=344822"}],"curies":[{"name":"wp","href":"https:\/\/api.w.org\/{rel}","templated":true}]}}