{"id":344825,"date":"2025-01-05T00:00:22","date_gmt":"2025-01-05T03:00:22","guid":{"rendered":"https:\/\/www.notibras.com\/site\/?p=344825"},"modified":"2025-01-05T08:33:15","modified_gmt":"2025-01-05T11:33:15","slug":"liberada-nova-baia-para-onibus-e-trecho-em-calcadas-para-pedestres","status":"publish","type":"post","link":"https:\/\/www.notibras.com\/site\/liberada-nova-baia-para-onibus-e-trecho-em-calcadas-para-pedestres\/","title":{"rendered":"Liberada nova ba\u00eda para \u00f4nibus e trecho em cal\u00e7adas para pedestres"},"content":{"rendered":"<p>Mais um trecho da Pra\u00e7a do Rel\u00f3gio em Taguatinga foi devolvido para a popula\u00e7\u00e3o. Na manh\u00e3 deste s\u00e1bado (4), o Governo do Distrito Federal (GDF), por meio da Secretaria de Obras e Infraestrutura (SODF), liberou a circula\u00e7\u00e3o de pedestres nas cal\u00e7adas em frente ao rel\u00f3gio e \u00e0 nova ba\u00eda de \u00f4nibus. O objetivo \u00e9 melhorar a fluidez do tr\u00e2nsito e permitir a circula\u00e7\u00e3o de pedestres na regi\u00e3o que est\u00e1 em obras.<\/p>\n<p>Quem gostou da novidade foi a dona de casa Margarida Brand\u00e3o, 65 anos. Moradora de Taguatinga, ela costuma pegar \u00f4nibus na Pra\u00e7a do Rel\u00f3gio para ir at\u00e9 sua casa, no Pist\u00e3o Sul. \u201cA gente estava precisando de uma melhoria [no tr\u00e2nsito]. Foi muito dif\u00edcil. N\u00e3o tinha lugar certo para os \u00f4nibus pararem. O tr\u00e2nsito foi horr\u00edvel, agora vai ficar bom para a popula\u00e7\u00e3o\u201d, comentou.<\/p>\n<p>Apesar de morar em Vicente Pires, a aposentada Vera Sandra de Souza, 64 anos, tem na Pra\u00e7a do Rel\u00f3gio como um caminho constante em suas andan\u00e7as. Ela lembrou que o trecho estava bastante abandonado. \u201cA pra\u00e7a estava muito feia. Por isso acho importante a reforma\u201d, disse. Sobre a libera\u00e7\u00e3o da nova \u00e1rea para o transporte p\u00fablico, Vera s\u00e3o consideradas fundamentais para melhorar o tr\u00e2nsito. \u201cEstava um pouco congestionado aqui por causa da parada. Acho que agora vai melhorar sim\u201d.<\/p>\n<p>Antes da constru\u00e7\u00e3o do novo retorno, os coletivos estavam fazendo o embarque e o desembarque de passageiros na sua pr\u00f3pria pista de rolamento causando reten\u00e7\u00e3o de ve\u00edculos em frente \u00e0 Pra\u00e7a do Rel\u00f3gio. Com a libera\u00e7\u00e3o da nova baia, os \u00f4nibus do transporte p\u00fablico passam a entrar na \u00e1rea exclusiva e os usu\u00e1rios aguardam provisoriamente em tendas instaladas nos passeios. Nos pr\u00f3ximos dias, a Secretaria de Transporte e Mobilidade (Semob-DF) far\u00e1 a instala\u00e7\u00e3o dos abrigos permanentes.<\/p>\n<p><strong>Reforma<\/strong><br \/>\nUm dos cart\u00f5es postais de Taguatinga, a Pra\u00e7a do Rel\u00f3gio est\u00e1 sendo totalmente reformada. Est\u00e3o sendo investidos aproximadamente R$ 6 milh\u00f5es pelo GDF para levar mais acessibilidade, substituir a ilumina\u00e7\u00e3o e as pedras portuguesas, al\u00e9m das implanta\u00e7\u00f5es de novo paisagismo, mobili\u00e1rio urbano \u2013 bancos e lixeiras \u2013 e conectar a \u00e1rea com o projeto do boulevard acima do T\u00fanel Rei Pel\u00e9.<\/p>\n<p>\u201c\u00c9 uma obra muito importante para a cidade de Taguatinga. \u00c9 uma revitaliza\u00e7\u00e3o esperada h\u00e1 muito tempo. N\u00f3s liberamos aqui a parte da ba\u00eda, as cal\u00e7adas e o acesso ao Metr\u00f4. Toda aquela parte de paisagismo est\u00e1 sendo finalizada. Vamos colocar o rel\u00f3gio em funcionamento, para que seja entregue rapidamente com a pra\u00e7a completa\u201d, revelou Erinaldo.<\/p>\n","protected":false},"excerpt":{"rendered":"<p>Mais um trecho da Pra\u00e7a do Rel\u00f3gio em Taguatinga foi devolvido para a popula\u00e7\u00e3o. Na manh\u00e3 deste s\u00e1bado (4), o Governo do Distrito Federal (GDF), por meio da Secretaria de Obras e Infraestrutura (SODF), liberou a circula\u00e7\u00e3o de pedestres nas cal\u00e7adas em frente ao rel\u00f3gio e \u00e0 nova ba\u00eda de \u00f4nibus. O objetivo \u00e9 melhorar [&hellip;]<\/p>\n","protected":false},"author":2,"featured_media":344826,"comment_status":"closed","ping_status":"closed","sticky":false,"template":"","format":"standard","meta":{"_acf_changed":false,"footnotes":""},"categories":[161],"tags":[],"class_list":["post-344825","post","type-post","status-publish","format-standard","has-post-thumbnail","hentry","category-quadradinho-em-foco"],"acf":[],"_links":{"self":[{"href":"https:\/\/www.notibras.com\/site\/wp-json\/wp\/v2\/posts\/344825","targetHints":{"allow":["GET"]}}],"collection":[{"href":"https:\/\/www.notibras.com\/site\/wp-json\/wp\/v2\/posts"}],"about":[{"href":"https:\/\/www.notibras.com\/site\/wp-json\/wp\/v2\/types\/post"}],"author":[{"embeddable":true,"href":"https:\/\/www.notibras.com\/site\/wp-json\/wp\/v2\/users\/2"}],"replies":[{"embeddable":true,"href":"https:\/\/www.notibras.com\/site\/wp-json\/wp\/v2\/comments?post=344825"}],"version-history":[{"count":1,"href":"https:\/\/www.notibras.com\/site\/wp-json\/wp\/v2\/posts\/344825\/revisions"}],"predecessor-version":[{"id":344827,"href":"https:\/\/www.notibras.com\/site\/wp-json\/wp\/v2\/posts\/344825\/revisions\/344827"}],"wp:featuredmedia":[{"embeddable":true,"href":"https:\/\/www.notibras.com\/site\/wp-json\/wp\/v2\/media\/344826"}],"wp:attachment":[{"href":"https:\/\/www.notibras.com\/site\/wp-json\/wp\/v2\/media?parent=344825"}],"wp:term":[{"taxonomy":"category","embeddable":true,"href":"https:\/\/www.notibras.com\/site\/wp-json\/wp\/v2\/categories?post=344825"},{"taxonomy":"post_tag","embeddable":true,"href":"https:\/\/www.notibras.com\/site\/wp-json\/wp\/v2\/tags?post=344825"}],"curies":[{"name":"wp","href":"https:\/\/api.w.org\/{rel}","templated":true}]}}