{"id":344876,"date":"2025-01-06T00:10:07","date_gmt":"2025-01-06T03:10:07","guid":{"rendered":"https:\/\/www.notibras.com\/site\/?p=344876"},"modified":"2025-01-06T07:11:39","modified_gmt":"2025-01-06T10:11:39","slug":"estudantes-nordestinos-correm-para-garantir-dinheiro-da-faculdade","status":"publish","type":"post","link":"https:\/\/www.notibras.com\/site\/estudantes-nordestinos-correm-para-garantir-dinheiro-da-faculdade\/","title":{"rendered":"Estudantes nordestinos correm para garantir dinheiro da faculdade"},"content":{"rendered":"<p>Das 112.168 novas vagas anunciadas pelo Minist\u00e9rio da Educa\u00e7\u00e3o para o Fundo de Financiamento Estudantil (Fies) ao longo de 2025, metade ser\u00e1 destinada a candidatos inscritos no Cadastro \u00danico para Programas Sociais do Governo Federal (Cad\u00danico) e com renda familiar per capita at\u00e9 meio sal\u00e1rio m\u00ednimo.<\/p>\n<p>O an\u00fancio provocou rebuli\u00e7o entre estudantes da regi\u00e3o Nordeste, tida como a mais pobre do pa\u00eds. E da Bahia ao Maranh\u00e3o, milhares de &#8216;futuros doutores&#8217; est\u00e3o correndo para garantir uma fatia do bolo que permitir\u00e1 o t\u00e3o sonhado diploma de curso superior.<\/p>\n<p>A modalidade Fies Social, lan\u00e7ada em 2024, permite o financiamento at\u00e9 100% dos encargos educacionais, al\u00e9m de reservar cotas para pretos, pardos, ind\u00edgenas, quilombolas e pessoas com defici\u00eancia. Dados do minist\u00e9rio mostram que, no primeiro semestre de 2024, 39.419 estudantes migraram do Fies para o Fies Social.<\/p>\n<p>O Fies foi institu\u00eddo pela Lei n\u00ba 10.260, de 12 de julho de 2001. O objetivo \u00e9 conceder financiamento a estudantes de cursos de gradua\u00e7\u00e3o em institui\u00e7\u00f5es de educa\u00e7\u00e3o superior privadas aderentes ao programa e com avalia\u00e7\u00e3o positiva no Sistema Nacional de Avalia\u00e7\u00e3o da Educa\u00e7\u00e3o Superior (Sinaes).<\/p>\n<p>Desde 2018, segundo o MEC, o fundo possibilita juros zero e uma escala de financiamento que varia conforme a renda familiar do candidato.<\/p>\n","protected":false},"excerpt":{"rendered":"<p>Das 112.168 novas vagas anunciadas pelo Minist\u00e9rio da Educa\u00e7\u00e3o para o Fundo de Financiamento Estudantil (Fies) ao longo de 2025, metade ser\u00e1 destinada a candidatos inscritos no Cadastro \u00danico para Programas Sociais do Governo Federal (Cad\u00danico) e com renda familiar per capita at\u00e9 meio sal\u00e1rio m\u00ednimo. O an\u00fancio provocou rebuli\u00e7o entre estudantes da regi\u00e3o Nordeste, [&hellip;]<\/p>\n","protected":false},"author":2,"featured_media":344877,"comment_status":"closed","ping_status":"closed","sticky":false,"template":"","format":"standard","meta":{"_acf_changed":false,"footnotes":""},"categories":[165],"tags":[],"class_list":["post-344876","post","type-post","status-publish","format-standard","has-post-thumbnail","hentry","category-nordeste"],"acf":[],"_links":{"self":[{"href":"https:\/\/www.notibras.com\/site\/wp-json\/wp\/v2\/posts\/344876","targetHints":{"allow":["GET"]}}],"collection":[{"href":"https:\/\/www.notibras.com\/site\/wp-json\/wp\/v2\/posts"}],"about":[{"href":"https:\/\/www.notibras.com\/site\/wp-json\/wp\/v2\/types\/post"}],"author":[{"embeddable":true,"href":"https:\/\/www.notibras.com\/site\/wp-json\/wp\/v2\/users\/2"}],"replies":[{"embeddable":true,"href":"https:\/\/www.notibras.com\/site\/wp-json\/wp\/v2\/comments?post=344876"}],"version-history":[{"count":1,"href":"https:\/\/www.notibras.com\/site\/wp-json\/wp\/v2\/posts\/344876\/revisions"}],"predecessor-version":[{"id":344878,"href":"https:\/\/www.notibras.com\/site\/wp-json\/wp\/v2\/posts\/344876\/revisions\/344878"}],"wp:featuredmedia":[{"embeddable":true,"href":"https:\/\/www.notibras.com\/site\/wp-json\/wp\/v2\/media\/344877"}],"wp:attachment":[{"href":"https:\/\/www.notibras.com\/site\/wp-json\/wp\/v2\/media?parent=344876"}],"wp:term":[{"taxonomy":"category","embeddable":true,"href":"https:\/\/www.notibras.com\/site\/wp-json\/wp\/v2\/categories?post=344876"},{"taxonomy":"post_tag","embeddable":true,"href":"https:\/\/www.notibras.com\/site\/wp-json\/wp\/v2\/tags?post=344876"}],"curies":[{"name":"wp","href":"https:\/\/api.w.org\/{rel}","templated":true}]}}