{"id":344879,"date":"2025-01-06T00:00:15","date_gmt":"2025-01-06T03:00:15","guid":{"rendered":"https:\/\/www.notibras.com\/site\/?p=344879"},"modified":"2025-01-06T07:21:46","modified_gmt":"2025-01-06T10:21:46","slug":"ciclista-de-82-anos-morre-apos-acidente-envolvendo-carro","status":"publish","type":"post","link":"https:\/\/www.notibras.com\/site\/ciclista-de-82-anos-morre-apos-acidente-envolvendo-carro\/","title":{"rendered":"Ciclista de 82 anos morre ap\u00f3s acidente envolvendo carro"},"content":{"rendered":"<p>Um idoso de 82 anos morreu np domingo (5), ap\u00f3s sofrer um acidente na cidade de Serrinha, no interior baiano.<\/p>\n<p>Segundo a Pol\u00edcia Civil a v\u00edtima era Jos\u00e9 Ferreira de Lima Filho, que pedalava uma bicicleta quando teria supostamente sido atingido por um ve\u00edculo.<\/p>\n<p>O acidente aconteceu na Avenida Manoel Novaes, bairro da Rodagem. Informa\u00e7\u00f5es oficiais indicam que a v\u00edtima morreu no local. A motorista do carro foi conduzida para a delegacia.<\/p>\n","protected":false},"excerpt":{"rendered":"<p>Um idoso de 82 anos morreu np domingo (5), ap\u00f3s sofrer um acidente na cidade de Serrinha, no interior baiano. Segundo a Pol\u00edcia Civil a v\u00edtima era Jos\u00e9 Ferreira de Lima Filho, que pedalava uma bicicleta quando teria supostamente sido atingido por um ve\u00edculo. O acidente aconteceu na Avenida Manoel Novaes, bairro da Rodagem. Informa\u00e7\u00f5es [&hellip;]<\/p>\n","protected":false},"author":2,"featured_media":344880,"comment_status":"closed","ping_status":"closed","sticky":false,"template":"","format":"standard","meta":{"_acf_changed":false,"footnotes":""},"categories":[165],"tags":[],"class_list":["post-344879","post","type-post","status-publish","format-standard","has-post-thumbnail","hentry","category-nordeste"],"acf":[],"_links":{"self":[{"href":"https:\/\/www.notibras.com\/site\/wp-json\/wp\/v2\/posts\/344879","targetHints":{"allow":["GET"]}}],"collection":[{"href":"https:\/\/www.notibras.com\/site\/wp-json\/wp\/v2\/posts"}],"about":[{"href":"https:\/\/www.notibras.com\/site\/wp-json\/wp\/v2\/types\/post"}],"author":[{"embeddable":true,"href":"https:\/\/www.notibras.com\/site\/wp-json\/wp\/v2\/users\/2"}],"replies":[{"embeddable":true,"href":"https:\/\/www.notibras.com\/site\/wp-json\/wp\/v2\/comments?post=344879"}],"version-history":[{"count":1,"href":"https:\/\/www.notibras.com\/site\/wp-json\/wp\/v2\/posts\/344879\/revisions"}],"predecessor-version":[{"id":344881,"href":"https:\/\/www.notibras.com\/site\/wp-json\/wp\/v2\/posts\/344879\/revisions\/344881"}],"wp:featuredmedia":[{"embeddable":true,"href":"https:\/\/www.notibras.com\/site\/wp-json\/wp\/v2\/media\/344880"}],"wp:attachment":[{"href":"https:\/\/www.notibras.com\/site\/wp-json\/wp\/v2\/media?parent=344879"}],"wp:term":[{"taxonomy":"category","embeddable":true,"href":"https:\/\/www.notibras.com\/site\/wp-json\/wp\/v2\/categories?post=344879"},{"taxonomy":"post_tag","embeddable":true,"href":"https:\/\/www.notibras.com\/site\/wp-json\/wp\/v2\/tags?post=344879"}],"curies":[{"name":"wp","href":"https:\/\/api.w.org\/{rel}","templated":true}]}}