{"id":344935,"date":"2025-01-07T04:45:20","date_gmt":"2025-01-07T07:45:20","guid":{"rendered":"https:\/\/www.notibras.com\/site\/?p=344935"},"modified":"2025-01-07T04:46:26","modified_gmt":"2025-01-07T07:46:26","slug":"joao-abre-corrida-para-governar-pernambuco-mas-raquel-tem-bala-de-prata","status":"publish","type":"post","link":"https:\/\/www.notibras.com\/site\/joao-abre-corrida-para-governar-pernambuco-mas-raquel-tem-bala-de-prata\/","title":{"rendered":"Jo\u00e3o abre corrida para governar Pernambuco, mas Raquel tem bala de prata"},"content":{"rendered":"<p>Escancarando aquele sorriso de aeromo\u00e7a que Ant\u00f4nio Carlos Magalh\u00e3es cravou em Fernando Henrique Cardoso, o prefeito do Recife, Jo\u00e3o Campos (PSB) aproveitou sua posse no segundo mandato \u00e0 frente da capital pernambucana, no primeiro dia de 2025, para lan\u00e7ar sua candidatura ao governo do estado, daqui a dois anos, quando dever\u00e1 enfrentar nas urnas a atual governadora Raquel Lyra (PSDB), mas que deve mudar de legenda, provavelmente para o PSD.<\/p>\n<p>O sorriso de aeromo\u00e7a passou a ser uma marca registrada do prefeito em sua tentativa de caminhar em dire\u00e7\u00e3o ao Pal\u00e1cio do Campo das Princesas para contrastar com os antigos inquilinos da sede do governo de Pernambuco, geralmente carrancudos, como observou essa semana a jornalista e ex-deputada estadual Terezinha Nunes (PSDB) em seu blog &#8220;Delas&#8221;. A exemplo do bisav\u00f4 de Jo\u00e3o Campos, Miguel Arraes, os governadores de Pernambuco tinham sempre a cara amarrada, estilo que o atual prefeito do Recife pretende substituir por um sorriso &#8211; ainda que falso &#8211; mas que agrada os jovens, sobre os quais ele pretende fazer uma ponte para chegar ao eleitorado do interior, cuja vida pesada lhes d\u00e1 menos motivos para sorrir.<\/p>\n<p>Nessa corrida, Jo\u00e3o Campos tem a seu favor o eleitorado do Recife, cujo apoio lhe garante quase 80% dos votos da capital. O seu desafio ser\u00e1 vencer Raquel Lyra no interior do estado &#8211; Zona da Mata, Agreste e Sert\u00e3o &#8211; onde a governadora tem s\u00f3lidas bases que a levaram ao segundo turno para vencer a elei\u00e7\u00e3o de 2022 com uma acachapante vit\u00f3ria sobre o PSB de Campos, que governava Pernambuco havia 16 anos, em ciclo iniciado por Eduardo Campos, pai do prefeito. Com todo esse tempo no governo, o PSB n\u00e3o conseguiu levar seu candidato Danilo Cabral nem ao segundo turno.<\/p>\n<p>E \u00e9 com a pol\u00edtica de pai para filho, como no tempo das capitanias heredit\u00e1rias, uma marca registrada do poder em Pernambuco (tanto o prefeito do Recife quanto a governadora s\u00e3o frutos dessa pol\u00edtica de pai para filho), que Joao Campos pretende fazer \u00e1gua no barco que Raquel Lyra navega pelo interior, ainda que em rios com n\u00edveis de \u00e1gua cada vez mais baixos a amea\u00e7ar o abastecimento e a agropecu\u00e1ria sempre que chega o ensolarado ver\u00e3o.<\/p>\n<p>Em seu secretariado, cujo arco de alian\u00e7as pol\u00edticas \u00e9 capaz de fazer inveja ao presidente Luiz In\u00e1cio Lula da Silva, que vai do PL ao PCdoB, Jo\u00e3o Campos cuidou de montar duas cabe\u00e7as de ponte em territ\u00f3rios dominados por Raquel Lyra, e o fez no melhor estilo da pol\u00edtica pernambucana. Da Zona da Mata, trouxe T\u00falio Arruda, filho do prefeito de Vit\u00f3ria de Santo Ant\u00e3o, Paulo Roberto Arruda, para a Secretaria de Cidadania e Cultura da Paz.<\/p>\n<p>Seguindo o mesmo crit\u00e9rio de hereditariedade, Jo\u00e3o Campos montou sua segunda cabe\u00e7a de ponte em Garanhuns, uma das mais importantes cidades do Agreste da caruaruense Raquel Lyra. O prefeito nomeou para a Secretaria de Esportes o deputado estadual Eriberto Filho (PSB), abrindo sua vaga na Assembleia Legislativa para o suplente Cayo Albino, do mesmo partido e filho do prefeito de Garanhuns, Sinval Albino, tamb\u00e9m socialista.<\/p>\n<p>Bem posicionada nas cercanias do Recife, em cuja regi\u00e3o metropolitana elegeu o maior n\u00famero de prefeitos no \u00faltimo pleito municipal, Raquel Lyra aponta suas baterias para a capital pernambucana buscando alian\u00e7as \u00e2 esquerda para minar o terreiro de Jo\u00e3o Campos. J\u00e1 no ano passado ela trouxe para o seu governo o ent\u00e3o vice-prefeito de \u00c1guas Belas, Maur\u00edcio de Josu\u00e9, do PT, para a presid\u00eancia da empresa ProRural, cargo antes ocupado por um indicado do PL. Enquanto a governadora procura dist\u00e2ncia do partido de Bolsonaro, o prefeito faz o caminho inverso.<\/p>\n<p>Essa aproxima\u00e7\u00e3o do prefeito com os bolsonaristas tem gerado questionamentos dentro de setores da esquerda, especialmente no que diz respeito \u00e0 manuten\u00e7\u00e3o da alian\u00e7a hist\u00f3rica entre PSB e PT. O deputado estadual Jo\u00e3o Paulo (PT), ex-prefeito do Recife e uma das mais importante lideran\u00e7as da esquerda em Pernambuco, em publica\u00e7\u00e3o em suas redes sociais classificou a atitude de Jo\u00e3o Campos como \u201cestranha\u201d e fez duras cr\u00edticas ao poss\u00edvel alinhamento. \u201cRecebi com estranheza as sinaliza\u00e7\u00f5es do prefeito do Recife, Jo\u00e3o Campos, aos setores do PL bolsonarista. Em minha an\u00e1lise, apontar para um acordo com o partido que perseguiu o presidente Lula e amea\u00e7ou a democracia \u00e9 uma falta de respeito a todo o campo da esquerda\u201d, fuzilou.<\/p>\n<p>Jo\u00e3o Paulo, que n\u00e3o morre de amores pela alian\u00e7a do PT com o PSB no estado, a qual tem se revelado um desastre eleitoral para o Partido dos Trabalhadores, refor\u00e7ou na mesma postagem a necessidade do seu partido adotar uma postura mais independente em Pernambuco. \u201cDefendo que o PT adote uma postura independente e promova um debate interno para resgatar seu protagonismo e fortalecer a base do governo Lula em Pernambuco\u201d, afirmou. Sobre a alian\u00e7a com o PSB no estado, Jo\u00e3o Paulo disse que o PT tem pago um alto pre\u00e7o por atuar como um \u201cpartido auxiliar\u201d. Segundo ele, a alian\u00e7a recente entre as siglas na elei\u00e7\u00e3o do Recife \u00e9 um exemplo disso.<\/p>\n<p>Esse posicionamento do ex-prefeito ganha for\u00e7a \u00e2 medida que o PT perde protagonismo at\u00e9 mesmo na pr\u00f3pria Prefeitura do Recife, depois de ajudar a reeleger Jo\u00e3o Campos. Refrat\u00e1rio a dar espa\u00e7o ao PT, para quem o partido persegue a hegemonia, Campos reservou apenas duas secretarias para os petistas: Meio Ambiente, com Oscar Barreto, e Habita\u00e7\u00e3o, com Felipe Cury. O outro doce que o prefeito deu ao PT foi a convoca\u00e7\u00e3o do vereador Marco Aur\u00e9lio (PV) para a Secretaria de Direitos Humanos, abrindo vaga na C\u00e2mara Municipal para o suplente, o petista Osmar Ricardo, aliado do prefeito, ao contr\u00e1rio dos outros dois vereadores do PT, Liana Cirne e Kari Santos.<\/p>\n<p>A nomea\u00e7\u00e3o de um petista para o seu governo seguida do afastamento do PL levou Jo\u00e3o Paulo a se aproximar de Raquel Lyra, passando a defender a participa\u00e7\u00e3o do PT na base de apoio ao governo do estado. Ele j\u00e1 tem conseguido, na Assembleia Legislativa, os votos dos petistas aos projetos do Executivo estadual. Al\u00e9m disso, o deputado destaca a parceria de Raquel Lyra com o governo federal e o seu entusiasmado reconhecimento p\u00fablico da ajuda que o presidente Lula d\u00e1 ao seu governo para a realiza\u00e7\u00e3o de importantes obras em Pernambuco, o que n\u00e3o acontece com Jo\u00e3o Campos nas parcerias da prefeitura com o governo federal.<\/p>\n<p>Jo\u00e3o Paulo entende que essa aproxima\u00e7\u00e3o de Raquel Lyra com o presidente poder\u00e1 render um maior entrosamento do PT com a governadora, o que poder\u00e1 culminar com uma natural participa\u00e7\u00e3o de petistas cr\u00edticos \u00e0 administra\u00e7\u00e3o municipal at\u00e9 mesmo no primeiro escal\u00e3o do governo estadual. Raquel Lyra trabalha para isso, vislumbrando apoio do presidente regional do PT, senador Humberto Costa, cujo grupo ficou alijado da administra\u00e7\u00e3o de Jo\u00e3o Campos. Dessa forma, a governadora teria sua bala de prata para 2026, apoiando a reelei\u00e7\u00e3o de Costa e tendo por vice o deputado Jo\u00e3o Paulo.<\/p>\n","protected":false},"excerpt":{"rendered":"<p>Escancarando aquele sorriso de aeromo\u00e7a que Ant\u00f4nio Carlos Magalh\u00e3es cravou em Fernando Henrique Cardoso, o prefeito do Recife, Jo\u00e3o Campos (PSB) aproveitou sua posse no segundo mandato \u00e0 frente da capital pernambucana, no primeiro dia de 2025, para lan\u00e7ar sua candidatura ao governo do estado, daqui a dois anos, quando dever\u00e1 enfrentar nas urnas a [&hellip;]<\/p>\n","protected":false},"author":2,"featured_media":344937,"comment_status":"closed","ping_status":"closed","sticky":false,"template":"","format":"standard","meta":{"_acf_changed":false,"footnotes":""},"categories":[165],"tags":[],"class_list":["post-344935","post","type-post","status-publish","format-standard","has-post-thumbnail","hentry","category-nordeste"],"acf":[],"_links":{"self":[{"href":"https:\/\/www.notibras.com\/site\/wp-json\/wp\/v2\/posts\/344935","targetHints":{"allow":["GET"]}}],"collection":[{"href":"https:\/\/www.notibras.com\/site\/wp-json\/wp\/v2\/posts"}],"about":[{"href":"https:\/\/www.notibras.com\/site\/wp-json\/wp\/v2\/types\/post"}],"author":[{"embeddable":true,"href":"https:\/\/www.notibras.com\/site\/wp-json\/wp\/v2\/users\/2"}],"replies":[{"embeddable":true,"href":"https:\/\/www.notibras.com\/site\/wp-json\/wp\/v2\/comments?post=344935"}],"version-history":[{"count":2,"href":"https:\/\/www.notibras.com\/site\/wp-json\/wp\/v2\/posts\/344935\/revisions"}],"predecessor-version":[{"id":344939,"href":"https:\/\/www.notibras.com\/site\/wp-json\/wp\/v2\/posts\/344935\/revisions\/344939"}],"wp:featuredmedia":[{"embeddable":true,"href":"https:\/\/www.notibras.com\/site\/wp-json\/wp\/v2\/media\/344937"}],"wp:attachment":[{"href":"https:\/\/www.notibras.com\/site\/wp-json\/wp\/v2\/media?parent=344935"}],"wp:term":[{"taxonomy":"category","embeddable":true,"href":"https:\/\/www.notibras.com\/site\/wp-json\/wp\/v2\/categories?post=344935"},{"taxonomy":"post_tag","embeddable":true,"href":"https:\/\/www.notibras.com\/site\/wp-json\/wp\/v2\/tags?post=344935"}],"curies":[{"name":"wp","href":"https:\/\/api.w.org\/{rel}","templated":true}]}}