{"id":34494,"date":"2015-01-19T18:15:34","date_gmt":"2015-01-19T21:15:34","guid":{"rendered":"http:\/\/www.notibras.com\/site\/?p=34494"},"modified":"2015-01-20T00:22:34","modified_gmt":"2015-01-20T03:22:34","slug":"minha-vida-acabou-fernando-irmao-de-dalberto-morto-drogado-em-cancun","status":"publish","type":"post","link":"https:\/\/www.notibras.com\/site\/minha-vida-acabou-fernando-irmao-de-dalberto-morto-drogado-em-cancun\/","title":{"rendered":"&#8216;Minha vida acabou&#8217;. Frase de Fernando, irm\u00e3o de Dalberto, morto drogado em Canc\u00fan"},"content":{"rendered":"<p>Nada parece consolar o empres\u00e1rio Fernando Lu\u00eds da Silva, 33,\u00a0 que estava em Canc\u00fan, no M\u00e9xico, quando o irm\u00e3o Dealberto Jorge da Silva J\u00fanior, 35, que morreu no domingo 11, ap\u00f3s uma superdose de ecstasy e hero\u00edna. &#8220;A droga acabou com minha vida&#8221;, disse, chorando, ao voltar ao Brasil.<\/p>\n<p>Fernando reconheceu que em nenhum momento eles foram perseguidos por traficantes, como havia sido divulgado quando Dealberto morreu. &#8220;N\u00e3o foi, de forma alguma [persegui\u00e7\u00e3o de traficantes]. A queda do meu irm\u00e3o foi acidental&#8221;, disse.<\/p>\n<blockquote><p>Segundo a Procuradoria-Geral de Justi\u00e7a de Quintana Roo, Estado ao qual pertence Playa del Carmen, onde o rapaz passava uns dias ap\u00f3s participar de um casamento de amigos, os irm\u00e3os tiveram um &#8220;del\u00edrio de persegui\u00e7\u00e3o&#8221; que seria resultado &#8220;de abuso de drogas e de \u00e1lcool&#8221; e que levou os dois irm\u00e3os de Santa Catarina a dizer que sofriam amea\u00e7a de sequestro.<\/p><\/blockquote>\n<p>Dealberto morreu ap\u00f3s cair de um pr\u00e9dio. Ele morreu por fratura cr\u00e2nio-encef\u00e1lica ap\u00f3s uma queda acidental, conforme laudo da pol\u00edcia t\u00e9cnica.<\/p>\n<blockquote><p>&#8220;Era uma paranoia, uma loucura&#8221;, disse Fernando, que afirmou que ele e o irm\u00e3o consumiram ecstasy. &#8220;Perdi meu melhor amigo. Tenho um pai e uma m\u00e3e que n\u00e3o podiam estar passando por isso&#8221;, disse.<\/p><\/blockquote>\n","protected":false},"excerpt":{"rendered":"<p>Nada parece consolar o empres\u00e1rio Fernando Lu\u00eds da Silva, 33,\u00a0 que estava em Canc\u00fan, no M\u00e9xico, quando o irm\u00e3o Dealberto Jorge da Silva J\u00fanior, 35, que morreu no domingo 11, ap\u00f3s uma superdose de ecstasy e hero\u00edna. &#8220;A droga acabou com minha vida&#8221;, disse, chorando, ao voltar ao Brasil. Fernando reconheceu que em nenhum momento [&hellip;]<\/p>\n","protected":false},"author":2,"featured_media":34495,"comment_status":"open","ping_status":"closed","sticky":false,"template":"","format":"standard","meta":{"_acf_changed":false,"footnotes":""},"categories":[16],"tags":[],"class_list":["post-34494","post","type-post","status-publish","format-standard","has-post-thumbnail","hentry","category-brasil"],"acf":[],"yoast_head":"<!-- This site is optimized with the Yoast SEO plugin v27.2 - https:\/\/yoast.com\/product\/yoast-seo-wordpress\/ -->\n<title>&#039;Minha vida acabou&#039;. Frase de Fernando, irm\u00e3o de Dalberto, morto drogado em Canc\u00fan - Notibras<\/title>\n<meta name=\"robots\" content=\"index, follow, max-snippet:-1, max-image-preview:large, max-video-preview:-1\" \/>\n<link rel=\"canonical\" href=\"https:\/\/www.notibras.com\/site\/minha-vida-acabou-fernando-irmao-de-dalberto-morto-drogado-em-cancun\/\" \/>\n<meta property=\"og:locale\" content=\"pt_BR\" \/>\n<meta property=\"og:type\" content=\"article\" \/>\n<meta property=\"og:title\" content=\"&#039;Minha vida acabou&#039;. Frase de Fernando, irm\u00e3o de Dalberto, morto drogado em Canc\u00fan - Notibras\" \/>\n<meta property=\"og:description\" content=\"Nada parece consolar o empres\u00e1rio Fernando Lu\u00eds da Silva, 33,\u00a0 que estava em Canc\u00fan, no M\u00e9xico, quando o irm\u00e3o Dealberto Jorge da Silva J\u00fanior, 35, que morreu no domingo 11, ap\u00f3s uma superdose de ecstasy e hero\u00edna. &#8220;A droga acabou com minha vida&#8221;, disse, chorando, ao voltar ao Brasil. Fernando reconheceu que em nenhum momento [&hellip;]\" \/>\n<meta property=\"og:url\" content=\"https:\/\/www.notibras.com\/site\/minha-vida-acabou-fernando-irmao-de-dalberto-morto-drogado-em-cancun\/\" \/>\n<meta property=\"og:site_name\" content=\"Notibras\" \/>\n<meta property=\"article:publisher\" content=\"https:\/\/www.facebook.com\/notibras\/\" \/>\n<meta property=\"article:published_time\" content=\"2015-01-19T21:15:34+00:00\" \/>\n<meta property=\"article:modified_time\" content=\"2015-01-20T03:22:34+00:00\" \/>\n<meta property=\"og:image\" content=\"https:\/\/www.notibras.com\/site\/wp-content\/uploads\/2015\/01\/br.1.jpg\" \/>\n\t<meta property=\"og:image:width\" content=\"300\" \/>\n\t<meta property=\"og:image:height\" content=\"300\" \/>\n\t<meta property=\"og:image:type\" content=\"image\/jpeg\" \/>\n<meta name=\"author\" content=\"Reda\u00e7\u00e3o\" \/>\n<meta name=\"twitter:card\" content=\"summary_large_image\" \/>\n<meta name=\"twitter:creator\" content=\"@Notibras\" \/>\n<meta name=\"twitter:site\" content=\"@Notibras\" \/>\n<meta name=\"twitter:label1\" content=\"Escrito por\" \/>\n\t<meta name=\"twitter:data1\" content=\"Reda\u00e7\u00e3o\" \/>\n\t<meta name=\"twitter:label2\" content=\"Est. tempo de leitura\" \/>\n\t<meta name=\"twitter:data2\" content=\"1 minuto\" \/>\n<script type=\"application\/ld+json\" class=\"yoast-schema-graph\">{\"@context\":\"https:\/\/schema.org\",\"@graph\":[{\"@type\":\"Article\",\"@id\":\"https:\/\/www.notibras.com\/site\/minha-vida-acabou-fernando-irmao-de-dalberto-morto-drogado-em-cancun\/#article\",\"isPartOf\":{\"@id\":\"https:\/\/www.notibras.com\/site\/minha-vida-acabou-fernando-irmao-de-dalberto-morto-drogado-em-cancun\/\"},\"author\":{\"name\":\"Reda\u00e7\u00e3o\",\"@id\":\"https:\/\/www.notibras.com\/site\/#\/schema\/person\/36ab0979449956132d3e5b517ea76ac8\"},\"headline\":\"&#8216;Minha vida acabou&#8217;. Frase de Fernando, irm\u00e3o de Dalberto, morto drogado em Canc\u00fan\",\"datePublished\":\"2015-01-19T21:15:34+00:00\",\"dateModified\":\"2015-01-20T03:22:34+00:00\",\"mainEntityOfPage\":{\"@id\":\"https:\/\/www.notibras.com\/site\/minha-vida-acabou-fernando-irmao-de-dalberto-morto-drogado-em-cancun\/\"},\"wordCount\":239,\"commentCount\":0,\"publisher\":{\"@id\":\"https:\/\/www.notibras.com\/site\/#organization\"},\"image\":{\"@id\":\"https:\/\/www.notibras.com\/site\/minha-vida-acabou-fernando-irmao-de-dalberto-morto-drogado-em-cancun\/#primaryimage\"},\"thumbnailUrl\":\"https:\/\/www.notibras.com\/site\/wp-content\/uploads\/2015\/01\/br.1.jpg\",\"articleSection\":[\"Brasil\"],\"inLanguage\":\"pt-BR\",\"potentialAction\":[{\"@type\":\"CommentAction\",\"name\":\"Comment\",\"target\":[\"https:\/\/www.notibras.com\/site\/minha-vida-acabou-fernando-irmao-de-dalberto-morto-drogado-em-cancun\/#respond\"]}]},{\"@type\":\"WebPage\",\"@id\":\"https:\/\/www.notibras.com\/site\/minha-vida-acabou-fernando-irmao-de-dalberto-morto-drogado-em-cancun\/\",\"url\":\"https:\/\/www.notibras.com\/site\/minha-vida-acabou-fernando-irmao-de-dalberto-morto-drogado-em-cancun\/\",\"name\":\"'Minha vida acabou'. Frase de Fernando, irm\u00e3o de Dalberto, morto drogado em Canc\u00fan - Notibras\",\"isPartOf\":{\"@id\":\"https:\/\/www.notibras.com\/site\/#website\"},\"primaryImageOfPage\":{\"@id\":\"https:\/\/www.notibras.com\/site\/minha-vida-acabou-fernando-irmao-de-dalberto-morto-drogado-em-cancun\/#primaryimage\"},\"image\":{\"@id\":\"https:\/\/www.notibras.com\/site\/minha-vida-acabou-fernando-irmao-de-dalberto-morto-drogado-em-cancun\/#primaryimage\"},\"thumbnailUrl\":\"https:\/\/www.notibras.com\/site\/wp-content\/uploads\/2015\/01\/br.1.jpg\",\"datePublished\":\"2015-01-19T21:15:34+00:00\",\"dateModified\":\"2015-01-20T03:22:34+00:00\",\"breadcrumb\":{\"@id\":\"https:\/\/www.notibras.com\/site\/minha-vida-acabou-fernando-irmao-de-dalberto-morto-drogado-em-cancun\/#breadcrumb\"},\"inLanguage\":\"pt-BR\",\"potentialAction\":[{\"@type\":\"ReadAction\",\"target\":[\"https:\/\/www.notibras.com\/site\/minha-vida-acabou-fernando-irmao-de-dalberto-morto-drogado-em-cancun\/\"]}]},{\"@type\":\"ImageObject\",\"inLanguage\":\"pt-BR\",\"@id\":\"https:\/\/www.notibras.com\/site\/minha-vida-acabou-fernando-irmao-de-dalberto-morto-drogado-em-cancun\/#primaryimage\",\"url\":\"https:\/\/www.notibras.com\/site\/wp-content\/uploads\/2015\/01\/br.1.jpg\",\"contentUrl\":\"https:\/\/www.notibras.com\/site\/wp-content\/uploads\/2015\/01\/br.1.jpg\",\"width\":300,\"height\":300},{\"@type\":\"BreadcrumbList\",\"@id\":\"https:\/\/www.notibras.com\/site\/minha-vida-acabou-fernando-irmao-de-dalberto-morto-drogado-em-cancun\/#breadcrumb\",\"itemListElement\":[{\"@type\":\"ListItem\",\"position\":1,\"name\":\"In\u00edcio\",\"item\":\"https:\/\/www.notibras.com\/site\/\"},{\"@type\":\"ListItem\",\"position\":2,\"name\":\"&#8216;Minha vida acabou&#8217;. Frase de Fernando, irm\u00e3o de Dalberto, morto drogado em Canc\u00fan\"}]},{\"@type\":\"WebSite\",\"@id\":\"https:\/\/www.notibras.com\/site\/#website\",\"url\":\"https:\/\/www.notibras.com\/site\/\",\"name\":\"Notibras\",\"description\":\"Not\u00edcias de Bras\u00edlia, do Brasil e do Mundo\",\"publisher\":{\"@id\":\"https:\/\/www.notibras.com\/site\/#organization\"},\"potentialAction\":[{\"@type\":\"SearchAction\",\"target\":{\"@type\":\"EntryPoint\",\"urlTemplate\":\"https:\/\/www.notibras.com\/site\/?s={search_term_string}\"},\"query-input\":{\"@type\":\"PropertyValueSpecification\",\"valueRequired\":true,\"valueName\":\"search_term_string\"}}],\"inLanguage\":\"pt-BR\"},{\"@type\":\"Organization\",\"@id\":\"https:\/\/www.notibras.com\/site\/#organization\",\"name\":\"Grupo Notibras de Comunica\u00e7\u00e3o\",\"url\":\"https:\/\/www.notibras.com\/site\/\",\"logo\":{\"@type\":\"ImageObject\",\"inLanguage\":\"pt-BR\",\"@id\":\"https:\/\/www.notibras.com\/site\/#\/schema\/logo\/image\/\",\"url\":\"https:\/\/www.notibras.com\/site\/wp-content\/uploads\/2023\/01\/notibras23.png\",\"contentUrl\":\"https:\/\/www.notibras.com\/site\/wp-content\/uploads\/2023\/01\/notibras23.png\",\"width\":350,\"height\":87,\"caption\":\"Grupo Notibras de Comunica\u00e7\u00e3o\"},\"image\":{\"@id\":\"https:\/\/www.notibras.com\/site\/#\/schema\/logo\/image\/\"},\"sameAs\":[\"https:\/\/www.facebook.com\/notibras\/\",\"https:\/\/x.com\/Notibras\",\"https:\/\/www.instagram.com\/notibras\/\"]},{\"@type\":\"Person\",\"@id\":\"https:\/\/www.notibras.com\/site\/#\/schema\/person\/36ab0979449956132d3e5b517ea76ac8\",\"name\":\"Reda\u00e7\u00e3o\",\"image\":{\"@type\":\"ImageObject\",\"inLanguage\":\"pt-BR\",\"@id\":\"https:\/\/secure.gravatar.com\/avatar\/e0a867bdedb85fd243eadf09663511f96fc81e0720a4a42581f334ad4303aa6b?s=96&d=mm&r=g\",\"url\":\"https:\/\/secure.gravatar.com\/avatar\/e0a867bdedb85fd243eadf09663511f96fc81e0720a4a42581f334ad4303aa6b?s=96&d=mm&r=g\",\"contentUrl\":\"https:\/\/secure.gravatar.com\/avatar\/e0a867bdedb85fd243eadf09663511f96fc81e0720a4a42581f334ad4303aa6b?s=96&d=mm&r=g\",\"caption\":\"Reda\u00e7\u00e3o\"}}]}<\/script>\n<!-- \/ Yoast SEO plugin. -->","yoast_head_json":{"title":"'Minha vida acabou'. Frase de Fernando, irm\u00e3o de Dalberto, morto drogado em Canc\u00fan - Notibras","robots":{"index":"index","follow":"follow","max-snippet":"max-snippet:-1","max-image-preview":"max-image-preview:large","max-video-preview":"max-video-preview:-1"},"canonical":"https:\/\/www.notibras.com\/site\/minha-vida-acabou-fernando-irmao-de-dalberto-morto-drogado-em-cancun\/","og_locale":"pt_BR","og_type":"article","og_title":"'Minha vida acabou'. Frase de Fernando, irm\u00e3o de Dalberto, morto drogado em Canc\u00fan - Notibras","og_description":"Nada parece consolar o empres\u00e1rio Fernando Lu\u00eds da Silva, 33,\u00a0 que estava em Canc\u00fan, no M\u00e9xico, quando o irm\u00e3o Dealberto Jorge da Silva J\u00fanior, 35, que morreu no domingo 11, ap\u00f3s uma superdose de ecstasy e hero\u00edna. &#8220;A droga acabou com minha vida&#8221;, disse, chorando, ao voltar ao Brasil. Fernando reconheceu que em nenhum momento [&hellip;]","og_url":"https:\/\/www.notibras.com\/site\/minha-vida-acabou-fernando-irmao-de-dalberto-morto-drogado-em-cancun\/","og_site_name":"Notibras","article_publisher":"https:\/\/www.facebook.com\/notibras\/","article_published_time":"2015-01-19T21:15:34+00:00","article_modified_time":"2015-01-20T03:22:34+00:00","og_image":[{"width":300,"height":300,"url":"https:\/\/www.notibras.com\/site\/wp-content\/uploads\/2015\/01\/br.1.jpg","type":"image\/jpeg"}],"author":"Reda\u00e7\u00e3o","twitter_card":"summary_large_image","twitter_creator":"@Notibras","twitter_site":"@Notibras","twitter_misc":{"Escrito por":"Reda\u00e7\u00e3o","Est. tempo de leitura":"1 minuto"},"schema":{"@context":"https:\/\/schema.org","@graph":[{"@type":"Article","@id":"https:\/\/www.notibras.com\/site\/minha-vida-acabou-fernando-irmao-de-dalberto-morto-drogado-em-cancun\/#article","isPartOf":{"@id":"https:\/\/www.notibras.com\/site\/minha-vida-acabou-fernando-irmao-de-dalberto-morto-drogado-em-cancun\/"},"author":{"name":"Reda\u00e7\u00e3o","@id":"https:\/\/www.notibras.com\/site\/#\/schema\/person\/36ab0979449956132d3e5b517ea76ac8"},"headline":"&#8216;Minha vida acabou&#8217;. Frase de Fernando, irm\u00e3o de Dalberto, morto drogado em Canc\u00fan","datePublished":"2015-01-19T21:15:34+00:00","dateModified":"2015-01-20T03:22:34+00:00","mainEntityOfPage":{"@id":"https:\/\/www.notibras.com\/site\/minha-vida-acabou-fernando-irmao-de-dalberto-morto-drogado-em-cancun\/"},"wordCount":239,"commentCount":0,"publisher":{"@id":"https:\/\/www.notibras.com\/site\/#organization"},"image":{"@id":"https:\/\/www.notibras.com\/site\/minha-vida-acabou-fernando-irmao-de-dalberto-morto-drogado-em-cancun\/#primaryimage"},"thumbnailUrl":"https:\/\/www.notibras.com\/site\/wp-content\/uploads\/2015\/01\/br.1.jpg","articleSection":["Brasil"],"inLanguage":"pt-BR","potentialAction":[{"@type":"CommentAction","name":"Comment","target":["https:\/\/www.notibras.com\/site\/minha-vida-acabou-fernando-irmao-de-dalberto-morto-drogado-em-cancun\/#respond"]}]},{"@type":"WebPage","@id":"https:\/\/www.notibras.com\/site\/minha-vida-acabou-fernando-irmao-de-dalberto-morto-drogado-em-cancun\/","url":"https:\/\/www.notibras.com\/site\/minha-vida-acabou-fernando-irmao-de-dalberto-morto-drogado-em-cancun\/","name":"'Minha vida acabou'. Frase de Fernando, irm\u00e3o de Dalberto, morto drogado em Canc\u00fan - Notibras","isPartOf":{"@id":"https:\/\/www.notibras.com\/site\/#website"},"primaryImageOfPage":{"@id":"https:\/\/www.notibras.com\/site\/minha-vida-acabou-fernando-irmao-de-dalberto-morto-drogado-em-cancun\/#primaryimage"},"image":{"@id":"https:\/\/www.notibras.com\/site\/minha-vida-acabou-fernando-irmao-de-dalberto-morto-drogado-em-cancun\/#primaryimage"},"thumbnailUrl":"https:\/\/www.notibras.com\/site\/wp-content\/uploads\/2015\/01\/br.1.jpg","datePublished":"2015-01-19T21:15:34+00:00","dateModified":"2015-01-20T03:22:34+00:00","breadcrumb":{"@id":"https:\/\/www.notibras.com\/site\/minha-vida-acabou-fernando-irmao-de-dalberto-morto-drogado-em-cancun\/#breadcrumb"},"inLanguage":"pt-BR","potentialAction":[{"@type":"ReadAction","target":["https:\/\/www.notibras.com\/site\/minha-vida-acabou-fernando-irmao-de-dalberto-morto-drogado-em-cancun\/"]}]},{"@type":"ImageObject","inLanguage":"pt-BR","@id":"https:\/\/www.notibras.com\/site\/minha-vida-acabou-fernando-irmao-de-dalberto-morto-drogado-em-cancun\/#primaryimage","url":"https:\/\/www.notibras.com\/site\/wp-content\/uploads\/2015\/01\/br.1.jpg","contentUrl":"https:\/\/www.notibras.com\/site\/wp-content\/uploads\/2015\/01\/br.1.jpg","width":300,"height":300},{"@type":"BreadcrumbList","@id":"https:\/\/www.notibras.com\/site\/minha-vida-acabou-fernando-irmao-de-dalberto-morto-drogado-em-cancun\/#breadcrumb","itemListElement":[{"@type":"ListItem","position":1,"name":"In\u00edcio","item":"https:\/\/www.notibras.com\/site\/"},{"@type":"ListItem","position":2,"name":"&#8216;Minha vida acabou&#8217;. Frase de Fernando, irm\u00e3o de Dalberto, morto drogado em Canc\u00fan"}]},{"@type":"WebSite","@id":"https:\/\/www.notibras.com\/site\/#website","url":"https:\/\/www.notibras.com\/site\/","name":"Notibras","description":"Not\u00edcias de Bras\u00edlia, do Brasil e do Mundo","publisher":{"@id":"https:\/\/www.notibras.com\/site\/#organization"},"potentialAction":[{"@type":"SearchAction","target":{"@type":"EntryPoint","urlTemplate":"https:\/\/www.notibras.com\/site\/?s={search_term_string}"},"query-input":{"@type":"PropertyValueSpecification","valueRequired":true,"valueName":"search_term_string"}}],"inLanguage":"pt-BR"},{"@type":"Organization","@id":"https:\/\/www.notibras.com\/site\/#organization","name":"Grupo Notibras de Comunica\u00e7\u00e3o","url":"https:\/\/www.notibras.com\/site\/","logo":{"@type":"ImageObject","inLanguage":"pt-BR","@id":"https:\/\/www.notibras.com\/site\/#\/schema\/logo\/image\/","url":"https:\/\/www.notibras.com\/site\/wp-content\/uploads\/2023\/01\/notibras23.png","contentUrl":"https:\/\/www.notibras.com\/site\/wp-content\/uploads\/2023\/01\/notibras23.png","width":350,"height":87,"caption":"Grupo Notibras de Comunica\u00e7\u00e3o"},"image":{"@id":"https:\/\/www.notibras.com\/site\/#\/schema\/logo\/image\/"},"sameAs":["https:\/\/www.facebook.com\/notibras\/","https:\/\/x.com\/Notibras","https:\/\/www.instagram.com\/notibras\/"]},{"@type":"Person","@id":"https:\/\/www.notibras.com\/site\/#\/schema\/person\/36ab0979449956132d3e5b517ea76ac8","name":"Reda\u00e7\u00e3o","image":{"@type":"ImageObject","inLanguage":"pt-BR","@id":"https:\/\/secure.gravatar.com\/avatar\/e0a867bdedb85fd243eadf09663511f96fc81e0720a4a42581f334ad4303aa6b?s=96&d=mm&r=g","url":"https:\/\/secure.gravatar.com\/avatar\/e0a867bdedb85fd243eadf09663511f96fc81e0720a4a42581f334ad4303aa6b?s=96&d=mm&r=g","contentUrl":"https:\/\/secure.gravatar.com\/avatar\/e0a867bdedb85fd243eadf09663511f96fc81e0720a4a42581f334ad4303aa6b?s=96&d=mm&r=g","caption":"Reda\u00e7\u00e3o"}}]}},"amp_enabled":true,"_links":{"self":[{"href":"https:\/\/www.notibras.com\/site\/wp-json\/wp\/v2\/posts\/34494","targetHints":{"allow":["GET"]}}],"collection":[{"href":"https:\/\/www.notibras.com\/site\/wp-json\/wp\/v2\/posts"}],"about":[{"href":"https:\/\/www.notibras.com\/site\/wp-json\/wp\/v2\/types\/post"}],"author":[{"embeddable":true,"href":"https:\/\/www.notibras.com\/site\/wp-json\/wp\/v2\/users\/2"}],"replies":[{"embeddable":true,"href":"https:\/\/www.notibras.com\/site\/wp-json\/wp\/v2\/comments?post=34494"}],"version-history":[{"count":0,"href":"https:\/\/www.notibras.com\/site\/wp-json\/wp\/v2\/posts\/34494\/revisions"}],"wp:featuredmedia":[{"embeddable":true,"href":"https:\/\/www.notibras.com\/site\/wp-json\/wp\/v2\/media\/34495"}],"wp:attachment":[{"href":"https:\/\/www.notibras.com\/site\/wp-json\/wp\/v2\/media?parent=34494"}],"wp:term":[{"taxonomy":"category","embeddable":true,"href":"https:\/\/www.notibras.com\/site\/wp-json\/wp\/v2\/categories?post=34494"},{"taxonomy":"post_tag","embeddable":true,"href":"https:\/\/www.notibras.com\/site\/wp-json\/wp\/v2\/tags?post=34494"}],"curies":[{"name":"wp","href":"https:\/\/api.w.org\/{rel}","templated":true}]}}