{"id":344960,"date":"2025-01-07T00:00:42","date_gmt":"2025-01-07T03:00:42","guid":{"rendered":"https:\/\/www.notibras.com\/site\/?p=344960"},"modified":"2025-01-07T06:01:01","modified_gmt":"2025-01-07T09:01:01","slug":"governo-autoriza-funai-a-contratar-1-mil-900-servidores-temporarios","status":"publish","type":"post","link":"https:\/\/www.notibras.com\/site\/governo-autoriza-funai-a-contratar-1-mil-900-servidores-temporarios\/","title":{"rendered":"Governo autoriza Funai a contratar 1 mil 900 servidores tempor\u00e1rios"},"content":{"rendered":"<p>Coordenadora e principal executora da pol\u00edtica indigenista do governo federal, a Funda\u00e7\u00e3o Nacional dos Povos Ind\u00edgenas (Funai) receber\u00e1, em breve, o refor\u00e7o de 1.938 novos servidores tempor\u00e1rios.<\/p>\n<p>A contrata\u00e7\u00e3o provis\u00f3ria foi autorizada pelos minist\u00e9rios da Gest\u00e3o e da Inova\u00e7\u00e3o em Servi\u00e7os P\u00fablicos e dos Povos Ind\u00edgenas, na semana passada.<\/p>\n<p>Segundo a Secretaria de Comunica\u00e7\u00e3o Social (Secom), a medida atende a uma necessidade tempor\u00e1ria, \u201cde excepcional interesse p\u00fablico\u201d, e tem o objetivo de \u201cfortalecer estrat\u00e9gias de prote\u00e7\u00e3o territorial e o cumprimento de decis\u00f5es judiciais que garantem os direitos dos povos ind\u00edgenas e a preserva\u00e7\u00e3o ambiental\u201d.<\/p>\n<p>Ainda de acordo com a Secom, a contrata\u00e7\u00e3o provis\u00f3ria \u00e9 considerada determinante em um momento de crescente press\u00e3o sobre os territ\u00f3rios ind\u00edgenas, como o avan\u00e7o do garimpo ilegal e a degrada\u00e7\u00e3o ambiental.<\/p>\n<p>\u201cCom as novas contrata\u00e7\u00f5es, o governo potencializa a Funai e sua integra\u00e7\u00e3o com os diversos \u00f3rg\u00e3os envolvidos na prote\u00e7\u00e3o territorial, intensificando o combate \u00e0s amea\u00e7as que comprometem o futuro das Terras Ind\u00edgenas e da Amaz\u00f4nia como um todo\u201d, acrescenta a secretaria.<\/p>\n","protected":false},"excerpt":{"rendered":"<p>Coordenadora e principal executora da pol\u00edtica indigenista do governo federal, a Funda\u00e7\u00e3o Nacional dos Povos Ind\u00edgenas (Funai) receber\u00e1, em breve, o refor\u00e7o de 1.938 novos servidores tempor\u00e1rios. A contrata\u00e7\u00e3o provis\u00f3ria foi autorizada pelos minist\u00e9rios da Gest\u00e3o e da Inova\u00e7\u00e3o em Servi\u00e7os P\u00fablicos e dos Povos Ind\u00edgenas, na semana passada. Segundo a Secretaria de Comunica\u00e7\u00e3o Social [&hellip;]<\/p>\n","protected":false},"author":2,"featured_media":344961,"comment_status":"closed","ping_status":"closed","sticky":false,"template":"","format":"standard","meta":{"_acf_changed":false,"footnotes":""},"categories":[161],"tags":[],"class_list":["post-344960","post","type-post","status-publish","format-standard","has-post-thumbnail","hentry","category-quadradinho-em-foco"],"acf":[],"_links":{"self":[{"href":"https:\/\/www.notibras.com\/site\/wp-json\/wp\/v2\/posts\/344960","targetHints":{"allow":["GET"]}}],"collection":[{"href":"https:\/\/www.notibras.com\/site\/wp-json\/wp\/v2\/posts"}],"about":[{"href":"https:\/\/www.notibras.com\/site\/wp-json\/wp\/v2\/types\/post"}],"author":[{"embeddable":true,"href":"https:\/\/www.notibras.com\/site\/wp-json\/wp\/v2\/users\/2"}],"replies":[{"embeddable":true,"href":"https:\/\/www.notibras.com\/site\/wp-json\/wp\/v2\/comments?post=344960"}],"version-history":[{"count":1,"href":"https:\/\/www.notibras.com\/site\/wp-json\/wp\/v2\/posts\/344960\/revisions"}],"predecessor-version":[{"id":344962,"href":"https:\/\/www.notibras.com\/site\/wp-json\/wp\/v2\/posts\/344960\/revisions\/344962"}],"wp:featuredmedia":[{"embeddable":true,"href":"https:\/\/www.notibras.com\/site\/wp-json\/wp\/v2\/media\/344961"}],"wp:attachment":[{"href":"https:\/\/www.notibras.com\/site\/wp-json\/wp\/v2\/media?parent=344960"}],"wp:term":[{"taxonomy":"category","embeddable":true,"href":"https:\/\/www.notibras.com\/site\/wp-json\/wp\/v2\/categories?post=344960"},{"taxonomy":"post_tag","embeddable":true,"href":"https:\/\/www.notibras.com\/site\/wp-json\/wp\/v2\/tags?post=344960"}],"curies":[{"name":"wp","href":"https:\/\/api.w.org\/{rel}","templated":true}]}}