{"id":345026,"date":"2025-01-08T00:01:52","date_gmt":"2025-01-08T03:01:52","guid":{"rendered":"https:\/\/www.notibras.com\/site\/?p=345026"},"modified":"2025-01-08T08:00:28","modified_gmt":"2025-01-08T11:00:28","slug":"governo-decide-dar-mais-estimulos-a-producao-de-frutos-do-cerrado","status":"publish","type":"post","link":"https:\/\/www.notibras.com\/site\/governo-decide-dar-mais-estimulos-a-producao-de-frutos-do-cerrado\/","title":{"rendered":"Governo decide dar mais est\u00edmulos \u00e0 produ\u00e7\u00e3o de frutos do Cerrado"},"content":{"rendered":"<p>O presidente Luiz In\u00e1cio Lula da Silva sancionou um projeto de lei que estimula produ\u00e7\u00e3o e uso de frutos do Cerrado, em especial o pequi, al\u00e9m de dar mais efici\u00eancia ao combate ao desmatamento deste bioma.<\/p>\n<p>O an\u00fancio foi feito nas redes sociais do presidente e, tamb\u00e9m, do autor do projeto, o deputado Rog\u00e9rio Correia (PT-MG).<\/p>\n<p>\u201cSancionei o Projeto de Lei 1970\/2019, que vai organizar e estimular a produ\u00e7\u00e3o do pequi e demais frutos do Cerrado. A lei tamb\u00e9m pro\u00edbe a derrubada predat\u00f3ria e estimula a planta\u00e7\u00e3o de mudas desse bioma.\u201d<\/p>\n<p>Segundo ele, n\u00e3o se trata de um projeto que beneficiar\u00e1 apenas quem gosta de comer pequi. Al\u00e9m de ajudar a preservar o meio ambiente, ajudar\u00e1 principalmente quem tem esses frutos como fonte de renda e modo de vida.<\/p>\n<p>\u201cMuita gente n\u00e3o conhece o pequi e pode se perguntar &#8216;por que o Lula tem que se preocupar com o pequi?&#8217;. Eu respondo: \u00e0s vezes o que n\u00e3o \u00e9 importante para quem mora na Paulista ou na Avenida Atl\u00e2ntica pode ser a coisa mais importante para quem vive no Cerrado brasileiro\u201d, disse o presidente.<\/p>\n<p>Aprovado em dezembro no Senado, o projeto pro\u00edbe a derrubada e o uso predat\u00f3rio de pequizeiros, mas cria exce\u00e7\u00f5es a serem observadas por \u00f3rg\u00e3o competente.<\/p>\n<p>Ele estabelece pol\u00edticas de manejo para a fruta com o objetivo de incentivar a preserva\u00e7\u00e3o de \u00e1reas com presen\u00e7a de pequizeiro e de outros produtos nativos do Cerrado. Al\u00e9m disso, cria mecanismos para a identifica\u00e7\u00e3o de comunidades tradicionais de produtores.<\/p>\n<p>A legisla\u00e7\u00e3o tamb\u00e9m prev\u00ea formas de viabilizar eventos culturais que estimulem o turismo e o com\u00e9rcio desses produtos. Por fim, desenvolve selos de qualidade e de proced\u00eancia dos frutos do Cerrado.<\/p>\n<p>Autor do projeto, Correia usou as redes sociais para comemorar a san\u00e7\u00e3o presidencial. Ele destacou que a pol\u00edtica nacional institu\u00edda pela nova lei visa viabilizar o manejo sustent\u00e1vel, plantio, extra\u00e7\u00e3o, consumo, comercializa\u00e7\u00e3o e transforma\u00e7\u00e3o n\u00e3o s\u00f3 do Pequi, mas tamb\u00e9m de v\u00e1rios outros frutos e produtos nativos do Cerrado.<\/p>\n<p>\u201cAo investir na produ\u00e7\u00e3o de base sustent\u00e1vel dos frutos do Cerrado, n\u00f3s tamb\u00e9m investimos no sustento dos agricultores-agroextrativistas e na profissionaliza\u00e7\u00e3o de uma cadeia produtiva importante para o pa\u00eds. \u00c9 mais dignidade\u201d, postou o deputado.<\/p>\n","protected":false},"excerpt":{"rendered":"<p>O presidente Luiz In\u00e1cio Lula da Silva sancionou um projeto de lei que estimula produ\u00e7\u00e3o e uso de frutos do Cerrado, em especial o pequi, al\u00e9m de dar mais efici\u00eancia ao combate ao desmatamento deste bioma. O an\u00fancio foi feito nas redes sociais do presidente e, tamb\u00e9m, do autor do projeto, o deputado Rog\u00e9rio Correia [&hellip;]<\/p>\n","protected":false},"author":2,"featured_media":345027,"comment_status":"closed","ping_status":"closed","sticky":false,"template":"","format":"standard","meta":{"_acf_changed":false,"footnotes":""},"categories":[161],"tags":[],"class_list":["post-345026","post","type-post","status-publish","format-standard","has-post-thumbnail","hentry","category-quadradinho-em-foco"],"acf":[],"_links":{"self":[{"href":"https:\/\/www.notibras.com\/site\/wp-json\/wp\/v2\/posts\/345026","targetHints":{"allow":["GET"]}}],"collection":[{"href":"https:\/\/www.notibras.com\/site\/wp-json\/wp\/v2\/posts"}],"about":[{"href":"https:\/\/www.notibras.com\/site\/wp-json\/wp\/v2\/types\/post"}],"author":[{"embeddable":true,"href":"https:\/\/www.notibras.com\/site\/wp-json\/wp\/v2\/users\/2"}],"replies":[{"embeddable":true,"href":"https:\/\/www.notibras.com\/site\/wp-json\/wp\/v2\/comments?post=345026"}],"version-history":[{"count":1,"href":"https:\/\/www.notibras.com\/site\/wp-json\/wp\/v2\/posts\/345026\/revisions"}],"predecessor-version":[{"id":345028,"href":"https:\/\/www.notibras.com\/site\/wp-json\/wp\/v2\/posts\/345026\/revisions\/345028"}],"wp:featuredmedia":[{"embeddable":true,"href":"https:\/\/www.notibras.com\/site\/wp-json\/wp\/v2\/media\/345027"}],"wp:attachment":[{"href":"https:\/\/www.notibras.com\/site\/wp-json\/wp\/v2\/media?parent=345026"}],"wp:term":[{"taxonomy":"category","embeddable":true,"href":"https:\/\/www.notibras.com\/site\/wp-json\/wp\/v2\/categories?post=345026"},{"taxonomy":"post_tag","embeddable":true,"href":"https:\/\/www.notibras.com\/site\/wp-json\/wp\/v2\/tags?post=345026"}],"curies":[{"name":"wp","href":"https:\/\/api.w.org\/{rel}","templated":true}]}}