{"id":345032,"date":"2025-01-08T00:00:16","date_gmt":"2025-01-08T03:00:16","guid":{"rendered":"https:\/\/www.notibras.com\/site\/?p=345032"},"modified":"2025-01-08T08:11:38","modified_gmt":"2025-01-08T11:11:38","slug":"candidatos-negros-tem-nova-chance-de-fazer-a-heteroidentificacao","status":"publish","type":"post","link":"https:\/\/www.notibras.com\/site\/candidatos-negros-tem-nova-chance-de-fazer-a-heteroidentificacao\/","title":{"rendered":"Candidatos negros t\u00eam nova chance de fazer a heteroidentifica\u00e7\u00e3o"},"content":{"rendered":"<p>Candidatos negros que prestaram o Concurso Nacional Unificado (CNU) e foram eliminados por n\u00e3o cumprir a etapa de heteroidentifica\u00e7\u00e3o poder\u00e3o participar desta etapa no s\u00e1bado (11) e domingo (12). Para saber o dia, o hor\u00e1rio e o local, a consulta deve ser feita na se\u00e7\u00e3o &#8220;\u00c1rea do candidato&#8221; no site da Funda\u00e7\u00e3o Cesgranrio.<\/p>\n<p>A heteroidentifica\u00e7\u00e3o consiste na verifica\u00e7\u00e3o de que os tra\u00e7os f\u00edsicos dos candidatos e candidatas que se autodeclaram pretos ou pardos correspondem aos de pessoas negras. O processo serve para que se garanta que as vagas reservadas a essa parcela sejam de fato ocupadas por negros e negras, evitando quem n\u00e3o tem direito se beneficie da pol\u00edtica afirmativa.<\/p>\n<p>O Minist\u00e9rio da Gest\u00e3o e da Inova\u00e7\u00e3o em Servi\u00e7os P\u00fablicos (MGI) e a Cesgranrio atenderam \u00e0 recomenda\u00e7\u00e3o do Minist\u00e9rio P\u00fablico Federal (MPF) para oferecer uma nova oportunidade de aprova\u00e7\u00e3o a 4.048 candidatos eliminados depois de faltar ao processo de heteroidentifica\u00e7\u00e3o, realizado em novembro de 2024. O MPF explicou, em nota, que muitos candidatos podem ter deixado de comparecer porque as instru\u00e7\u00f5es divulgadas pela organiza\u00e7\u00e3o do concurso podem ter causado confus\u00e3o.<\/p>\n<p>A Procuradoria Regional dos Direitos do Cidad\u00e3o (PRDC) no Rio de Janeiro recebeu relatos de candidatos que apontaram falta de clareza e dificuldades no acesso \u00e0s orienta\u00e7\u00f5es dadas sobre a convoca\u00e7\u00e3o. &#8220;O link de acesso \u00e0 convoca\u00e7\u00e3o na \u00e1rea do candidato era o mesmo utilizado para comunicar os resultados de recursos contra a prova discursiva, o que gerou confus\u00e3o e levou \u00e0 aus\u00eancia involunt\u00e1ria de diversos candidatos no procedimento&#8221;, acrescentou o MPF.<\/p>\n<p>Na mensagem, o MPF destaca, ainda, que o MGI publicou um edital, especificamente para divulgar a retomada do processo de heteroidentifica\u00e7\u00e3o. Al\u00e9m disso, a pasta tamb\u00e9m entrou em contato diretamente com os convocados, via \u00e1rea do candidato, no site da Funda\u00e7\u00e3o Cesgranrio, e na p\u00e1gina oficial do concurso, al\u00e9m dos demais meios de comunica\u00e7\u00e3o usados pela banca, a partir das informa\u00e7\u00f5es cadastradas pelos candidatos.<\/p>\n<p>O CNU registrou 2.114.145 inscri\u00e7\u00f5es. Os candidatos concorrem a 6.640 vagas, separadas em oito blocos tem\u00e1ticos. A previs\u00e3o \u00e9 de que o resultado final seja divulgado no dia 11 de fevereiro.<\/p>\n","protected":false},"excerpt":{"rendered":"<p>Candidatos negros que prestaram o Concurso Nacional Unificado (CNU) e foram eliminados por n\u00e3o cumprir a etapa de heteroidentifica\u00e7\u00e3o poder\u00e3o participar desta etapa no s\u00e1bado (11) e domingo (12). Para saber o dia, o hor\u00e1rio e o local, a consulta deve ser feita na se\u00e7\u00e3o &#8220;\u00c1rea do candidato&#8221; no site da Funda\u00e7\u00e3o Cesgranrio. A heteroidentifica\u00e7\u00e3o [&hellip;]<\/p>\n","protected":false},"author":2,"featured_media":345033,"comment_status":"closed","ping_status":"closed","sticky":false,"template":"","format":"standard","meta":{"_acf_changed":false,"footnotes":""},"categories":[161],"tags":[],"class_list":["post-345032","post","type-post","status-publish","format-standard","has-post-thumbnail","hentry","category-quadradinho-em-foco"],"acf":[],"_links":{"self":[{"href":"https:\/\/www.notibras.com\/site\/wp-json\/wp\/v2\/posts\/345032","targetHints":{"allow":["GET"]}}],"collection":[{"href":"https:\/\/www.notibras.com\/site\/wp-json\/wp\/v2\/posts"}],"about":[{"href":"https:\/\/www.notibras.com\/site\/wp-json\/wp\/v2\/types\/post"}],"author":[{"embeddable":true,"href":"https:\/\/www.notibras.com\/site\/wp-json\/wp\/v2\/users\/2"}],"replies":[{"embeddable":true,"href":"https:\/\/www.notibras.com\/site\/wp-json\/wp\/v2\/comments?post=345032"}],"version-history":[{"count":1,"href":"https:\/\/www.notibras.com\/site\/wp-json\/wp\/v2\/posts\/345032\/revisions"}],"predecessor-version":[{"id":345034,"href":"https:\/\/www.notibras.com\/site\/wp-json\/wp\/v2\/posts\/345032\/revisions\/345034"}],"wp:featuredmedia":[{"embeddable":true,"href":"https:\/\/www.notibras.com\/site\/wp-json\/wp\/v2\/media\/345033"}],"wp:attachment":[{"href":"https:\/\/www.notibras.com\/site\/wp-json\/wp\/v2\/media?parent=345032"}],"wp:term":[{"taxonomy":"category","embeddable":true,"href":"https:\/\/www.notibras.com\/site\/wp-json\/wp\/v2\/categories?post=345032"},{"taxonomy":"post_tag","embeddable":true,"href":"https:\/\/www.notibras.com\/site\/wp-json\/wp\/v2\/tags?post=345032"}],"curies":[{"name":"wp","href":"https:\/\/api.w.org\/{rel}","templated":true}]}}