{"id":345035,"date":"2025-01-08T00:00:08","date_gmt":"2025-01-08T03:00:08","guid":{"rendered":"https:\/\/www.notibras.com\/site\/?p=345035"},"modified":"2025-01-08T08:22:44","modified_gmt":"2025-01-08T11:22:44","slug":"agricultor-familiar-recebera-sementes-para-fortalecer-producao","status":"publish","type":"post","link":"https:\/\/www.notibras.com\/site\/agricultor-familiar-recebera-sementes-para-fortalecer-producao\/","title":{"rendered":"Agricultor familiar receber\u00e1 sementes para fortalecer produ\u00e7\u00e3o"},"content":{"rendered":"<p>Mais de 200 fam\u00edlias de agricultores familiares assentados no Distrito Federal receber\u00e3o kits de sementes distribu\u00eddos pela Secretaria de Agricultura, Abastecimento e Desenvolvimento Rural (Seagri-DF). A entrega \u00e9 parte da primeira chamada p\u00fablica do Programa de Aquisi\u00e7\u00e3o de Alimentos (PAA \u2013 Sementes), divulgada na segunda-feira (6). Os kits, compostos por milho crioulo, feij\u00e3o-carioca e amendoim, totalizam 11 toneladas de insumos e foram selecionados conforme as demandas das comunidades, com o objetivo de fortalecer a produ\u00e7\u00e3o agr\u00edcola sustent\u00e1vel e contribuir para a seguran\u00e7a alimentar.<\/p>\n<p>O evento ser\u00e1 realizado no dia 10 de janeiro, a partir das 8h, na Casa do Cerrado, localizada no Parque Esta\u00e7\u00e3o Biol\u00f3gica, no final da Asa Norte. A a\u00e7\u00e3o \u00e9 destinada a fam\u00edlias assentadas em diferentes regi\u00f5es administrativas do DF, com prioridade para aquelas chefiadas por mulheres. Para participar, \u00e9 necess\u00e1rio apresentar a Declara\u00e7\u00e3o de Aptid\u00e3o ao Pronaf (DAF) e estar inscrito no Cadastro Nacional da Agricultura Familiar (CAF).<\/p>\n<p>A entrega ocorre em um momento estrat\u00e9gico para a produ\u00e7\u00e3o rural no Distrito Federal: o in\u00edcio da segunda safra. Esse per\u00edodo ocorre ap\u00f3s a colheita da primeira safra e permite que os agricultores utilizem o mesmo terreno para plantar novamente no mesmo ano agr\u00edcola. De acordo com o secret\u00e1rio de Agricultura, Abastecimento e Desenvolvimento Rural, Rafael Bueno, sementes como as de milho e feij\u00e3o desempenham um papel fundamental tanto na alimenta\u00e7\u00e3o das fam\u00edlias quanto na comercializa\u00e7\u00e3o dos excedentes.<\/p>\n<p>\u201cEssa a\u00e7\u00e3o apoia as fam\u00edlias com sementes essenciais para a alimenta\u00e7\u00e3o, a comercializa\u00e7\u00e3o e a gera\u00e7\u00e3o de renda. O governador Ibaneis Rocha e a vice-governadora Celina Le\u00e3o t\u00eam se empenhado para garantir qualidade de vida no campo, especialmente para as fam\u00edlias de menor poder aquisitivo\u201d, afirmou.<\/p>\n<p>O Programa de Aquisi\u00e7\u00e3o de Alimentos (PAA) apresentou resultados expressivos em 2024. Ao todo, 263 institui\u00e7\u00f5es foram atendidas, beneficiando diretamente mais de 68 mil pessoas. Al\u00e9m disso, 224 agricultores familiares participaram, fornecendo 161.478 toneladas de alimentos. Esses n\u00fameros refletem o impacto significativo do programa no fortalecimento da agricultura familiar e na promo\u00e7\u00e3o da seguran\u00e7a alimentar no DF.<\/p>\n<p>Os produtores rurais interessados em receber os kits dever\u00e3o acessar o edital completo, dispon\u00edvel no site da Seagri, em que est\u00e3o detalhados os crit\u00e9rios para participa\u00e7\u00e3o. A distribui\u00e7\u00e3o respeitar\u00e1 as condi\u00e7\u00f5es estabelecidas no documento, considerando que o n\u00famero de kits \u00e9 limitado. No dia do evento, \u00e9 indispens\u00e1vel apresentar a documenta\u00e7\u00e3o exigida. Para mais informa\u00e7\u00f5es, a secretaria disponibiliza os telefones (61) 3051-6418 e (61) 3051-6401.<\/p>\n","protected":false},"excerpt":{"rendered":"<p>Mais de 200 fam\u00edlias de agricultores familiares assentados no Distrito Federal receber\u00e3o kits de sementes distribu\u00eddos pela Secretaria de Agricultura, Abastecimento e Desenvolvimento Rural (Seagri-DF). A entrega \u00e9 parte da primeira chamada p\u00fablica do Programa de Aquisi\u00e7\u00e3o de Alimentos (PAA \u2013 Sementes), divulgada na segunda-feira (6). Os kits, compostos por milho crioulo, feij\u00e3o-carioca e amendoim, [&hellip;]<\/p>\n","protected":false},"author":2,"featured_media":345036,"comment_status":"closed","ping_status":"closed","sticky":false,"template":"","format":"standard","meta":{"_acf_changed":false,"footnotes":""},"categories":[161],"tags":[],"class_list":["post-345035","post","type-post","status-publish","format-standard","has-post-thumbnail","hentry","category-quadradinho-em-foco"],"acf":[],"_links":{"self":[{"href":"https:\/\/www.notibras.com\/site\/wp-json\/wp\/v2\/posts\/345035","targetHints":{"allow":["GET"]}}],"collection":[{"href":"https:\/\/www.notibras.com\/site\/wp-json\/wp\/v2\/posts"}],"about":[{"href":"https:\/\/www.notibras.com\/site\/wp-json\/wp\/v2\/types\/post"}],"author":[{"embeddable":true,"href":"https:\/\/www.notibras.com\/site\/wp-json\/wp\/v2\/users\/2"}],"replies":[{"embeddable":true,"href":"https:\/\/www.notibras.com\/site\/wp-json\/wp\/v2\/comments?post=345035"}],"version-history":[{"count":1,"href":"https:\/\/www.notibras.com\/site\/wp-json\/wp\/v2\/posts\/345035\/revisions"}],"predecessor-version":[{"id":345037,"href":"https:\/\/www.notibras.com\/site\/wp-json\/wp\/v2\/posts\/345035\/revisions\/345037"}],"wp:featuredmedia":[{"embeddable":true,"href":"https:\/\/www.notibras.com\/site\/wp-json\/wp\/v2\/media\/345036"}],"wp:attachment":[{"href":"https:\/\/www.notibras.com\/site\/wp-json\/wp\/v2\/media?parent=345035"}],"wp:term":[{"taxonomy":"category","embeddable":true,"href":"https:\/\/www.notibras.com\/site\/wp-json\/wp\/v2\/categories?post=345035"},{"taxonomy":"post_tag","embeddable":true,"href":"https:\/\/www.notibras.com\/site\/wp-json\/wp\/v2\/tags?post=345035"}],"curies":[{"name":"wp","href":"https:\/\/api.w.org\/{rel}","templated":true}]}}