{"id":345038,"date":"2025-01-08T00:00:34","date_gmt":"2025-01-08T03:00:34","guid":{"rendered":"https:\/\/www.notibras.com\/site\/?p=345038"},"modified":"2025-01-08T08:28:05","modified_gmt":"2025-01-08T11:28:05","slug":"saude-inicia-contratacao-de-mais-pediatras-para-a-rede-publica","status":"publish","type":"post","link":"https:\/\/www.notibras.com\/site\/saude-inicia-contratacao-de-mais-pediatras-para-a-rede-publica\/","title":{"rendered":"Sa\u00fade inicia contrata\u00e7\u00e3o de mais pediatras para a rede p\u00fablica"},"content":{"rendered":"<p>Para garantir que nenhuma crian\u00e7a fique sem o cuidado m\u00e9dico necess\u00e1rio, a Secretaria de Sa\u00fade (SES-DF) vai contratar empresas especializadas em servi\u00e7os de pediatria. Os profissionais atuar\u00e3o em regime de plant\u00e3o e ser\u00e3o distribu\u00eddos para v\u00e1rios hospitais da rede p\u00fablica. O aviso de contrata\u00e7\u00e3o foi publicado nesta ter\u00e7a-feira (7), no Di\u00e1rio Oficial do Distrito Federal.<\/p>\n<p>O investimento do Governo do Distrito Federal (GDF) chega a mais de R$ 17 milh\u00f5es. Com a contrata\u00e7\u00e3o, os novos pediatras passar\u00e3o a atender nos hospitais regionais do Guar\u00e1 (HRGu), Ceil\u00e2ndia (HRC), Brazl\u00e2ndia (HRBz), Taguatinga (HRT), Sobradinho (HRS), Planaltina (HRPL), Regi\u00e3o Leste (HRL) e Materno Infantil de Bras\u00edlia (Hmib).<\/p>\n<p><strong>Contrata\u00e7\u00f5es<\/strong><br \/>\n\u201cA Rede de Aten\u00e7\u00e3o no DF \u00e9 robusta, por\u00e9m a demanda do SUS [Sistema \u00danico de Sa\u00fade] \u00e9 crescente\u201d, afirma a secret\u00e1ria de Sa\u00fade, Lucilene Flor\u00eancio. \u201cPrecisamos ampliar o acesso e fortalecer a linha de cuidado, especialmente para os per\u00edodos de sazonalidade das doen\u00e7as respirat\u00f3rias, que come\u00e7aram em dezembro.\u201d<\/p>\n<p>A gestora lembra que, desde 2022 outras iniciativas j\u00e1 foram realizadas, como abertura de concurso p\u00fablico, oferta de mudan\u00e7a de especialidade para m\u00e9dicos, horas adicionais por meio do trabalho por tempo determinado e amplia\u00e7\u00e3o da carga hor\u00e1ria de pediatras de 20 para 40 horas semanais. \u201cPartimos agora para a modalidade de contrata\u00e7\u00e3o de pessoa jur\u00eddica, um modelo j\u00e1 experimentado em v\u00e1rias unidades da Federa\u00e7\u00e3o, com grande sucesso\u201d, aponta.<\/p>\n<p>As empresas interessadas podem enviar as propostas at\u00e9 as 7h59 do dia 14 deste m\u00eas. A abertura dos projetos ser\u00e1 feita no mesmo dia, \u00e0s 14h. \u00c9 poss\u00edvel conferir o aviso de contrata\u00e7\u00e3o sem \u00f4nus, no Portal de Compras do GDF ou, com \u00f4nus, no SRTVN, Quadra 701, Conjunto C, Edif\u00edcio PO 700, 2\u00ba andar, Central de Compras\/DAQ\/Sucomp.<\/p>\n<p>Para a coordenadora de Aten\u00e7\u00e3o Especializada \u00e0 Sa\u00fade da SES-DF, Julliana Mac\u00eado, o movimento da pasta vai reduzir as lacunas nas equipes e fortalecer o acesso ao atendimento pedi\u00e1trico.<\/p>\n<p>\u201cA contrata\u00e7\u00e3o de pessoas jur\u00eddicas na rede ser\u00e1 essencial para garantir a continuidade e a efici\u00eancia dos servi\u00e7os de sa\u00fade destinados a crian\u00e7as e adolescentes\u201d, pontua. O principal objetivo, de acordo com a servidora, \u00e9 garantir que esse p\u00fablico n\u00e3o fique sem o cuidado m\u00e9dico necess\u00e1rio.<\/p>\n<p>\u201cO refor\u00e7o na equipe de pediatras possibilita, entre outros fatores, ofertar assist\u00eancia ao alto volume de atendimentos e emerg\u00eancias de crian\u00e7as menores de 2 anos, especialmente durante o per\u00edodo cr\u00edtico de transmissibilidade das viroses respirat\u00f3rias\u201d, refor\u00e7a a secret\u00e1ria de Sa\u00fade. \u201cAl\u00e9m disso, o DF \u00e9 refer\u00eancia em suporte \u00e0 popula\u00e7\u00e3o do Entorno, que busca a rede p\u00fablica principalmente para atendimentos de alta complexidade.\u201d<\/p>\n","protected":false},"excerpt":{"rendered":"<p>Para garantir que nenhuma crian\u00e7a fique sem o cuidado m\u00e9dico necess\u00e1rio, a Secretaria de Sa\u00fade (SES-DF) vai contratar empresas especializadas em servi\u00e7os de pediatria. Os profissionais atuar\u00e3o em regime de plant\u00e3o e ser\u00e3o distribu\u00eddos para v\u00e1rios hospitais da rede p\u00fablica. O aviso de contrata\u00e7\u00e3o foi publicado nesta ter\u00e7a-feira (7), no Di\u00e1rio Oficial do Distrito Federal. [&hellip;]<\/p>\n","protected":false},"author":2,"featured_media":345039,"comment_status":"closed","ping_status":"closed","sticky":false,"template":"","format":"standard","meta":{"_acf_changed":false,"footnotes":""},"categories":[161],"tags":[],"class_list":["post-345038","post","type-post","status-publish","format-standard","has-post-thumbnail","hentry","category-quadradinho-em-foco"],"acf":[],"_links":{"self":[{"href":"https:\/\/www.notibras.com\/site\/wp-json\/wp\/v2\/posts\/345038","targetHints":{"allow":["GET"]}}],"collection":[{"href":"https:\/\/www.notibras.com\/site\/wp-json\/wp\/v2\/posts"}],"about":[{"href":"https:\/\/www.notibras.com\/site\/wp-json\/wp\/v2\/types\/post"}],"author":[{"embeddable":true,"href":"https:\/\/www.notibras.com\/site\/wp-json\/wp\/v2\/users\/2"}],"replies":[{"embeddable":true,"href":"https:\/\/www.notibras.com\/site\/wp-json\/wp\/v2\/comments?post=345038"}],"version-history":[{"count":1,"href":"https:\/\/www.notibras.com\/site\/wp-json\/wp\/v2\/posts\/345038\/revisions"}],"predecessor-version":[{"id":345040,"href":"https:\/\/www.notibras.com\/site\/wp-json\/wp\/v2\/posts\/345038\/revisions\/345040"}],"wp:featuredmedia":[{"embeddable":true,"href":"https:\/\/www.notibras.com\/site\/wp-json\/wp\/v2\/media\/345039"}],"wp:attachment":[{"href":"https:\/\/www.notibras.com\/site\/wp-json\/wp\/v2\/media?parent=345038"}],"wp:term":[{"taxonomy":"category","embeddable":true,"href":"https:\/\/www.notibras.com\/site\/wp-json\/wp\/v2\/categories?post=345038"},{"taxonomy":"post_tag","embeddable":true,"href":"https:\/\/www.notibras.com\/site\/wp-json\/wp\/v2\/tags?post=345038"}],"curies":[{"name":"wp","href":"https:\/\/api.w.org\/{rel}","templated":true}]}}