{"id":34508,"date":"2015-01-20T11:33:42","date_gmt":"2015-01-20T14:33:42","guid":{"rendered":"http:\/\/www.notibras.com\/site\/?p=34508"},"modified":"2015-01-21T01:07:00","modified_gmt":"2015-01-21T04:07:00","slug":"gabrielli-ex-petrobras-braco-direito-de-lula-coloca-dilma-no-olho-do-furacao-da-pasadena","status":"publish","type":"post","link":"https:\/\/www.notibras.com\/site\/gabrielli-ex-petrobras-braco-direito-de-lula-coloca-dilma-no-olho-do-furacao-da-pasadena\/","title":{"rendered":"Gabrielli p\u00f5e Dilma no olho do furac\u00e3o da refinaria Pasadena"},"content":{"rendered":"<p>A catastr\u00f3fica compra da Pasadena nos Estados Unidos, ainda pode dar muito o que falar. Isso porque, em defesa apresentada ao Tribunal de Contas da Uni\u00e3o, o ex-presidente da Petrobr\u00e1s Jos\u00e9 Sergio Gabrielli pede para ser exclu\u00eddo, junto com outros dez ex-integrantes da Diretoria Executiva da estatal, do processo que determinou que o bloqueio de bens dos executivos respons\u00e1veis pela compra da refinaria.<\/p>\n<p>A presidente Dilma Rousseff entraria, assim, no olho do furac\u00e3o das in vestiga\u00e7\u00f5es, segundo informa o jornal O Estado de S.Paulo. Caso o pedido n\u00e3o seja aceito pelo TCU, Gabrielli, ex-bra\u00e7o direito de Lula na estatal, pede que o Conselho de Administra\u00e7\u00e3o que autorizou o neg\u00f3cio em 2006 seja responsabilizado pelo preju\u00edzo da compra e tenha o mesmo tratamento dos ex-diretores: todos precisam ser ouvidos no processo e ter o patrim\u00f4nio congelado.<\/p>\n<p>Dilma Rousseff era presidente do Conselho de Administra\u00e7\u00e3o da estatal \u00e0 \u00e9poca. O argumento da hoje presidente da Rep\u00fablica para ter aprovado o neg\u00f3cio \u00e9 que o conselho se baseou em um resumo t\u00e9cnico &#8220;falho&#8221; e &#8220;incompleto&#8221; a respeito do neg\u00f3cio.<\/p>\n<p>Em decis\u00e3o preliminar de julho do ano passado, o tribunal isentou o Conselho de Administra\u00e7\u00e3o. Na segunda-feira, 19, em resposta ao jornal O Estado de S. Paulo, o TCU n\u00e3o descartou a possibilidade de arrolar Dilma e os demais ex-conselheiros no processo sobre a compra da refinaria.<\/p>\n<blockquote><p>Segundo concluiu o tribunal, o preju\u00edzo da Petrobr\u00e1s com o neg\u00f3cio foi de US$ 792 milh\u00f5es. A defesa de Gabrielli argumenta que o Conselho de Administra\u00e7\u00e3o teve tanta ou mais responsabilidade do que a Diretoria Executiva na compra da refinaria.<\/p><\/blockquote>\n<p>No texto de 64 p\u00e1ginas, entregue no dia 5 de dezembro, Gabrielli diz que n\u00e3o se sustenta a justificativa de Dilma de que o relat\u00f3rio de N\u00e9stor Cerver\u00f3 &#8211; ent\u00e3o diretor de Internacional &#8211; era falho por omitir que o contrato tinha as cl\u00e1usulas Marlim (que garantia rentabilidade m\u00ednima de 6,9% \u00e0 Astra Oil, parceira da Petrobr\u00e1s na refinaria) e Put Option (que obrigava a Petrobr\u00e1s a comprar a parte da s\u00f3cia se houvesse diverg\u00eancia de gest\u00e3o).<\/p>\n<p>De acordo com a defesa de Gabrielli, o Conselho tinha &#8220;obriga\u00e7\u00e3o de fazer uma avalia\u00e7\u00e3o criteriosa&#8221; de todos elementos do contrato antes de autorizar a compra, e contava com &#8220;os mesmos elementos fornecidos pelas mesmas pessoas&#8221; com os quais a Diretoria tomou a decis\u00e3o.<\/p>\n<p>Conforme o documento assinado pelo advogado Antonio Perilo Teixeira, ao contr\u00e1rio de outras empresas nas quais as fun\u00e7\u00f5es dos conselhos se limitam a planejamento e estrat\u00e9gia, o estatuto da Petrobr\u00e1s confere ao Conselho de Administra\u00e7\u00e3o poderes executivos. &#8220;Esse fato \u00e9 demonstrado na pr\u00f3pria aquisi\u00e7\u00e3o de Pasadena, tendo visto que a Diretoria havia aprovado sugest\u00e3o de Cerver\u00f3 de adquirir a segunda metade da Astra mas essa posi\u00e7\u00e3o foi rejeitada pelo Conselho&#8221;, diz o texto.<\/p>\n<blockquote><p>\u00c9 com base no estatuto que Gabrielli pede que os integrantes do Conselho tamb\u00e9m sejam responsabilizados. &#8220;Caso este tribunal entenda que n\u00e3o \u00e9 poss\u00edvel afastar a responsabilidade dos integrantes da Diretoria Executiva, que sejam ent\u00e3o chamados para manifestar-se todos integrantes envolvidos na aprova\u00e7\u00e3o dos contratos, incluindo os membros do Conselho de Administra\u00e7\u00e3o.&#8221;<\/p><\/blockquote>\n<p>Ao final, a defesa de Gabrielli sustenta que caso o TCU se negue a excluir a Diretoria Executiva do processo, &#8220;que os integrantes do Conselho de Administra\u00e7\u00e3o sejam citados para integrar a lide, tendo seus bens bloqueados em igualdade de condi\u00e7\u00f5es com os atuais requeridos&#8221;.<\/p>\n<p>No documento, a defesa cita Dilma explicitamente ao lembrar da primeira conclus\u00e3o do TCU. &#8220;Essa posi\u00e7\u00e3o (de que os conselheiros s\u00e3o respons\u00e1veis), que implicaria a oitiva da Presidenta da Rep\u00fablica e de outras altas autoridades do atual governo, rec\u00e9m reeleito, foi descartada.&#8221;<\/p>\n<p>Al\u00e9m de Dilma, faziam parte do Conselho o atual ministro da Defesa, Jaques Wagner, o ex-presidente do PT e da Petrobr\u00e1s Jos\u00e9 Eduardo Dutra, o ex-ministro Antonio Palocci, o atual presidente da Abril M\u00eddia, F\u00e1bio Barbosa; o economista Cl\u00e1udio Haddad, presidente do Insper, os empres\u00e1rios Jorge Gerdau e Arthur Sendas (falecido) e o ex-comandante do Ex\u00e9rcito Gleuber Viana.<\/p>\n<p>Em julho do ano passado, logo ap\u00f3s o TCU dar sua decis\u00e3o preliminar, Cerver\u00f3 e Ildo Sauer, ex-diretor da \u00e1rea de G\u00e1s e Energia, tamb\u00e9m tentaram responsabilizar o Conselho. Cerver\u00f3 encontra-se atualmente preso na Superintend\u00eancia da Pol\u00edcia Federal em Curitiba. Ele \u00e9 acusado pela Opera\u00e7\u00e3o Lava Jato de receber propina em contratos da Petrobr\u00e1s.<\/p>\n<p>No documento de sua defesa, Gabrielli aproveita para defender a compra de Pasadena. Diz que os lucros j\u00e1 cobriram os gastos, contesta os crit\u00e9rios e n\u00fameros apontados pelo TCU e diz que em momento algum foi demonstrado dolo ou culpa da dire\u00e7\u00e3o da Petrobr\u00e1s. Para fins legais, o ex-presidente da estatal compara o neg\u00f3cio a um erro m\u00e9dico, &#8220;no qual a rela\u00e7\u00e3o com o paciente \u00e9 de meio e n\u00e3o de fim&#8221;. Para Gabrielli, a compra de Pasadena &#8220;n\u00e3o foi, certamente, a maior barganha realizada pela Petrobr\u00e1s, mas tampouco foi a maior venda da Astra&#8221;. Gabrielli aproveita para provocar a desafeta Gra\u00e7a Foster, atual presidente da estatal, dizendo que a Petrobr\u00e1s n\u00e3o forneceu uma s\u00e9rie de documentos que poderia ajud\u00e1-lo na defesa.<\/p>\n","protected":false},"excerpt":{"rendered":"<p>A catastr\u00f3fica compra da Pasadena nos Estados Unidos, ainda pode dar muito o que falar. Isso porque, em defesa apresentada ao Tribunal de Contas da Uni\u00e3o, o ex-presidente da Petrobr\u00e1s Jos\u00e9 Sergio Gabrielli pede para ser exclu\u00eddo, junto com outros dez ex-integrantes da Diretoria Executiva da estatal, do processo que determinou que o bloqueio de [&hellip;]<\/p>\n","protected":false},"author":2,"featured_media":34509,"comment_status":"open","ping_status":"closed","sticky":false,"template":"","format":"standard","meta":{"_acf_changed":false,"footnotes":""},"categories":[16],"tags":[],"class_list":["post-34508","post","type-post","status-publish","format-standard","has-post-thumbnail","hentry","category-brasil"],"acf":[],"yoast_head":"<!-- This site is optimized with the Yoast SEO plugin v27.2 - https:\/\/yoast.com\/product\/yoast-seo-wordpress\/ -->\n<title>Gabrielli p\u00f5e Dilma no olho do furac\u00e3o da refinaria Pasadena - Notibras<\/title>\n<meta name=\"robots\" content=\"index, follow, max-snippet:-1, max-image-preview:large, max-video-preview:-1\" \/>\n<link rel=\"canonical\" href=\"https:\/\/www.notibras.com\/site\/gabrielli-ex-petrobras-braco-direito-de-lula-coloca-dilma-no-olho-do-furacao-da-pasadena\/\" \/>\n<meta property=\"og:locale\" content=\"pt_BR\" \/>\n<meta property=\"og:type\" content=\"article\" \/>\n<meta property=\"og:title\" content=\"Gabrielli p\u00f5e Dilma no olho do furac\u00e3o da refinaria Pasadena - Notibras\" \/>\n<meta property=\"og:description\" content=\"A catastr\u00f3fica compra da Pasadena nos Estados Unidos, ainda pode dar muito o que falar. Isso porque, em defesa apresentada ao Tribunal de Contas da Uni\u00e3o, o ex-presidente da Petrobr\u00e1s Jos\u00e9 Sergio Gabrielli pede para ser exclu\u00eddo, junto com outros dez ex-integrantes da Diretoria Executiva da estatal, do processo que determinou que o bloqueio de [&hellip;]\" \/>\n<meta property=\"og:url\" content=\"https:\/\/www.notibras.com\/site\/gabrielli-ex-petrobras-braco-direito-de-lula-coloca-dilma-no-olho-do-furacao-da-pasadena\/\" \/>\n<meta property=\"og:site_name\" content=\"Notibras\" \/>\n<meta property=\"article:publisher\" content=\"https:\/\/www.facebook.com\/notibras\/\" \/>\n<meta property=\"article:published_time\" content=\"2015-01-20T14:33:42+00:00\" \/>\n<meta property=\"article:modified_time\" content=\"2015-01-21T04:07:00+00:00\" \/>\n<meta property=\"og:image\" content=\"https:\/\/www.notibras.com\/site\/wp-content\/uploads\/2015\/01\/A-DILMA-LULA-GABRIELLI-PETROBR\u00c1S.jpg\" \/>\n\t<meta property=\"og:image:width\" content=\"400\" \/>\n\t<meta property=\"og:image:height\" content=\"264\" \/>\n\t<meta property=\"og:image:type\" content=\"image\/jpeg\" \/>\n<meta name=\"author\" content=\"Reda\u00e7\u00e3o\" \/>\n<meta name=\"twitter:card\" content=\"summary_large_image\" \/>\n<meta name=\"twitter:creator\" content=\"@Notibras\" \/>\n<meta name=\"twitter:site\" content=\"@Notibras\" \/>\n<meta name=\"twitter:label1\" content=\"Escrito por\" \/>\n\t<meta name=\"twitter:data1\" content=\"Reda\u00e7\u00e3o\" \/>\n\t<meta name=\"twitter:label2\" content=\"Est. tempo de leitura\" \/>\n\t<meta name=\"twitter:data2\" content=\"5 minutos\" \/>\n<script type=\"application\/ld+json\" class=\"yoast-schema-graph\">{\"@context\":\"https:\/\/schema.org\",\"@graph\":[{\"@type\":\"Article\",\"@id\":\"https:\/\/www.notibras.com\/site\/gabrielli-ex-petrobras-braco-direito-de-lula-coloca-dilma-no-olho-do-furacao-da-pasadena\/#article\",\"isPartOf\":{\"@id\":\"https:\/\/www.notibras.com\/site\/gabrielli-ex-petrobras-braco-direito-de-lula-coloca-dilma-no-olho-do-furacao-da-pasadena\/\"},\"author\":{\"name\":\"Reda\u00e7\u00e3o\",\"@id\":\"https:\/\/www.notibras.com\/site\/#\/schema\/person\/36ab0979449956132d3e5b517ea76ac8\"},\"headline\":\"Gabrielli p\u00f5e Dilma no olho do furac\u00e3o da refinaria Pasadena\",\"datePublished\":\"2015-01-20T14:33:42+00:00\",\"dateModified\":\"2015-01-21T04:07:00+00:00\",\"mainEntityOfPage\":{\"@id\":\"https:\/\/www.notibras.com\/site\/gabrielli-ex-petrobras-braco-direito-de-lula-coloca-dilma-no-olho-do-furacao-da-pasadena\/\"},\"wordCount\":923,\"commentCount\":0,\"publisher\":{\"@id\":\"https:\/\/www.notibras.com\/site\/#organization\"},\"image\":{\"@id\":\"https:\/\/www.notibras.com\/site\/gabrielli-ex-petrobras-braco-direito-de-lula-coloca-dilma-no-olho-do-furacao-da-pasadena\/#primaryimage\"},\"thumbnailUrl\":\"https:\/\/www.notibras.com\/site\/wp-content\/uploads\/2015\/01\/A-DILMA-LULA-GABRIELLI-PETROBR\u00c1S.jpg\",\"articleSection\":[\"Brasil\"],\"inLanguage\":\"pt-BR\",\"potentialAction\":[{\"@type\":\"CommentAction\",\"name\":\"Comment\",\"target\":[\"https:\/\/www.notibras.com\/site\/gabrielli-ex-petrobras-braco-direito-de-lula-coloca-dilma-no-olho-do-furacao-da-pasadena\/#respond\"]}]},{\"@type\":\"WebPage\",\"@id\":\"https:\/\/www.notibras.com\/site\/gabrielli-ex-petrobras-braco-direito-de-lula-coloca-dilma-no-olho-do-furacao-da-pasadena\/\",\"url\":\"https:\/\/www.notibras.com\/site\/gabrielli-ex-petrobras-braco-direito-de-lula-coloca-dilma-no-olho-do-furacao-da-pasadena\/\",\"name\":\"Gabrielli p\u00f5e Dilma no olho do furac\u00e3o da refinaria Pasadena - Notibras\",\"isPartOf\":{\"@id\":\"https:\/\/www.notibras.com\/site\/#website\"},\"primaryImageOfPage\":{\"@id\":\"https:\/\/www.notibras.com\/site\/gabrielli-ex-petrobras-braco-direito-de-lula-coloca-dilma-no-olho-do-furacao-da-pasadena\/#primaryimage\"},\"image\":{\"@id\":\"https:\/\/www.notibras.com\/site\/gabrielli-ex-petrobras-braco-direito-de-lula-coloca-dilma-no-olho-do-furacao-da-pasadena\/#primaryimage\"},\"thumbnailUrl\":\"https:\/\/www.notibras.com\/site\/wp-content\/uploads\/2015\/01\/A-DILMA-LULA-GABRIELLI-PETROBR\u00c1S.jpg\",\"datePublished\":\"2015-01-20T14:33:42+00:00\",\"dateModified\":\"2015-01-21T04:07:00+00:00\",\"breadcrumb\":{\"@id\":\"https:\/\/www.notibras.com\/site\/gabrielli-ex-petrobras-braco-direito-de-lula-coloca-dilma-no-olho-do-furacao-da-pasadena\/#breadcrumb\"},\"inLanguage\":\"pt-BR\",\"potentialAction\":[{\"@type\":\"ReadAction\",\"target\":[\"https:\/\/www.notibras.com\/site\/gabrielli-ex-petrobras-braco-direito-de-lula-coloca-dilma-no-olho-do-furacao-da-pasadena\/\"]}]},{\"@type\":\"ImageObject\",\"inLanguage\":\"pt-BR\",\"@id\":\"https:\/\/www.notibras.com\/site\/gabrielli-ex-petrobras-braco-direito-de-lula-coloca-dilma-no-olho-do-furacao-da-pasadena\/#primaryimage\",\"url\":\"https:\/\/www.notibras.com\/site\/wp-content\/uploads\/2015\/01\/A-DILMA-LULA-GABRIELLI-PETROBR\u00c1S.jpg\",\"contentUrl\":\"https:\/\/www.notibras.com\/site\/wp-content\/uploads\/2015\/01\/A-DILMA-LULA-GABRIELLI-PETROBR\u00c1S.jpg\",\"width\":400,\"height\":264},{\"@type\":\"BreadcrumbList\",\"@id\":\"https:\/\/www.notibras.com\/site\/gabrielli-ex-petrobras-braco-direito-de-lula-coloca-dilma-no-olho-do-furacao-da-pasadena\/#breadcrumb\",\"itemListElement\":[{\"@type\":\"ListItem\",\"position\":1,\"name\":\"In\u00edcio\",\"item\":\"https:\/\/www.notibras.com\/site\/\"},{\"@type\":\"ListItem\",\"position\":2,\"name\":\"Gabrielli p\u00f5e Dilma no olho do furac\u00e3o da refinaria Pasadena\"}]},{\"@type\":\"WebSite\",\"@id\":\"https:\/\/www.notibras.com\/site\/#website\",\"url\":\"https:\/\/www.notibras.com\/site\/\",\"name\":\"Notibras\",\"description\":\"Not\u00edcias de Bras\u00edlia, do Brasil e do Mundo\",\"publisher\":{\"@id\":\"https:\/\/www.notibras.com\/site\/#organization\"},\"potentialAction\":[{\"@type\":\"SearchAction\",\"target\":{\"@type\":\"EntryPoint\",\"urlTemplate\":\"https:\/\/www.notibras.com\/site\/?s={search_term_string}\"},\"query-input\":{\"@type\":\"PropertyValueSpecification\",\"valueRequired\":true,\"valueName\":\"search_term_string\"}}],\"inLanguage\":\"pt-BR\"},{\"@type\":\"Organization\",\"@id\":\"https:\/\/www.notibras.com\/site\/#organization\",\"name\":\"Grupo Notibras de Comunica\u00e7\u00e3o\",\"url\":\"https:\/\/www.notibras.com\/site\/\",\"logo\":{\"@type\":\"ImageObject\",\"inLanguage\":\"pt-BR\",\"@id\":\"https:\/\/www.notibras.com\/site\/#\/schema\/logo\/image\/\",\"url\":\"https:\/\/www.notibras.com\/site\/wp-content\/uploads\/2023\/01\/notibras23.png\",\"contentUrl\":\"https:\/\/www.notibras.com\/site\/wp-content\/uploads\/2023\/01\/notibras23.png\",\"width\":350,\"height\":87,\"caption\":\"Grupo Notibras de Comunica\u00e7\u00e3o\"},\"image\":{\"@id\":\"https:\/\/www.notibras.com\/site\/#\/schema\/logo\/image\/\"},\"sameAs\":[\"https:\/\/www.facebook.com\/notibras\/\",\"https:\/\/x.com\/Notibras\",\"https:\/\/www.instagram.com\/notibras\/\"]},{\"@type\":\"Person\",\"@id\":\"https:\/\/www.notibras.com\/site\/#\/schema\/person\/36ab0979449956132d3e5b517ea76ac8\",\"name\":\"Reda\u00e7\u00e3o\",\"image\":{\"@type\":\"ImageObject\",\"inLanguage\":\"pt-BR\",\"@id\":\"https:\/\/secure.gravatar.com\/avatar\/e0a867bdedb85fd243eadf09663511f96fc81e0720a4a42581f334ad4303aa6b?s=96&d=mm&r=g\",\"url\":\"https:\/\/secure.gravatar.com\/avatar\/e0a867bdedb85fd243eadf09663511f96fc81e0720a4a42581f334ad4303aa6b?s=96&d=mm&r=g\",\"contentUrl\":\"https:\/\/secure.gravatar.com\/avatar\/e0a867bdedb85fd243eadf09663511f96fc81e0720a4a42581f334ad4303aa6b?s=96&d=mm&r=g\",\"caption\":\"Reda\u00e7\u00e3o\"}}]}<\/script>\n<!-- \/ Yoast SEO plugin. -->","yoast_head_json":{"title":"Gabrielli p\u00f5e Dilma no olho do furac\u00e3o da refinaria Pasadena - Notibras","robots":{"index":"index","follow":"follow","max-snippet":"max-snippet:-1","max-image-preview":"max-image-preview:large","max-video-preview":"max-video-preview:-1"},"canonical":"https:\/\/www.notibras.com\/site\/gabrielli-ex-petrobras-braco-direito-de-lula-coloca-dilma-no-olho-do-furacao-da-pasadena\/","og_locale":"pt_BR","og_type":"article","og_title":"Gabrielli p\u00f5e Dilma no olho do furac\u00e3o da refinaria Pasadena - Notibras","og_description":"A catastr\u00f3fica compra da Pasadena nos Estados Unidos, ainda pode dar muito o que falar. Isso porque, em defesa apresentada ao Tribunal de Contas da Uni\u00e3o, o ex-presidente da Petrobr\u00e1s Jos\u00e9 Sergio Gabrielli pede para ser exclu\u00eddo, junto com outros dez ex-integrantes da Diretoria Executiva da estatal, do processo que determinou que o bloqueio de [&hellip;]","og_url":"https:\/\/www.notibras.com\/site\/gabrielli-ex-petrobras-braco-direito-de-lula-coloca-dilma-no-olho-do-furacao-da-pasadena\/","og_site_name":"Notibras","article_publisher":"https:\/\/www.facebook.com\/notibras\/","article_published_time":"2015-01-20T14:33:42+00:00","article_modified_time":"2015-01-21T04:07:00+00:00","og_image":[{"width":400,"height":264,"url":"https:\/\/www.notibras.com\/site\/wp-content\/uploads\/2015\/01\/A-DILMA-LULA-GABRIELLI-PETROBR\u00c1S.jpg","type":"image\/jpeg"}],"author":"Reda\u00e7\u00e3o","twitter_card":"summary_large_image","twitter_creator":"@Notibras","twitter_site":"@Notibras","twitter_misc":{"Escrito por":"Reda\u00e7\u00e3o","Est. tempo de leitura":"5 minutos"},"schema":{"@context":"https:\/\/schema.org","@graph":[{"@type":"Article","@id":"https:\/\/www.notibras.com\/site\/gabrielli-ex-petrobras-braco-direito-de-lula-coloca-dilma-no-olho-do-furacao-da-pasadena\/#article","isPartOf":{"@id":"https:\/\/www.notibras.com\/site\/gabrielli-ex-petrobras-braco-direito-de-lula-coloca-dilma-no-olho-do-furacao-da-pasadena\/"},"author":{"name":"Reda\u00e7\u00e3o","@id":"https:\/\/www.notibras.com\/site\/#\/schema\/person\/36ab0979449956132d3e5b517ea76ac8"},"headline":"Gabrielli p\u00f5e Dilma no olho do furac\u00e3o da refinaria Pasadena","datePublished":"2015-01-20T14:33:42+00:00","dateModified":"2015-01-21T04:07:00+00:00","mainEntityOfPage":{"@id":"https:\/\/www.notibras.com\/site\/gabrielli-ex-petrobras-braco-direito-de-lula-coloca-dilma-no-olho-do-furacao-da-pasadena\/"},"wordCount":923,"commentCount":0,"publisher":{"@id":"https:\/\/www.notibras.com\/site\/#organization"},"image":{"@id":"https:\/\/www.notibras.com\/site\/gabrielli-ex-petrobras-braco-direito-de-lula-coloca-dilma-no-olho-do-furacao-da-pasadena\/#primaryimage"},"thumbnailUrl":"https:\/\/www.notibras.com\/site\/wp-content\/uploads\/2015\/01\/A-DILMA-LULA-GABRIELLI-PETROBR\u00c1S.jpg","articleSection":["Brasil"],"inLanguage":"pt-BR","potentialAction":[{"@type":"CommentAction","name":"Comment","target":["https:\/\/www.notibras.com\/site\/gabrielli-ex-petrobras-braco-direito-de-lula-coloca-dilma-no-olho-do-furacao-da-pasadena\/#respond"]}]},{"@type":"WebPage","@id":"https:\/\/www.notibras.com\/site\/gabrielli-ex-petrobras-braco-direito-de-lula-coloca-dilma-no-olho-do-furacao-da-pasadena\/","url":"https:\/\/www.notibras.com\/site\/gabrielli-ex-petrobras-braco-direito-de-lula-coloca-dilma-no-olho-do-furacao-da-pasadena\/","name":"Gabrielli p\u00f5e Dilma no olho do furac\u00e3o da refinaria Pasadena - Notibras","isPartOf":{"@id":"https:\/\/www.notibras.com\/site\/#website"},"primaryImageOfPage":{"@id":"https:\/\/www.notibras.com\/site\/gabrielli-ex-petrobras-braco-direito-de-lula-coloca-dilma-no-olho-do-furacao-da-pasadena\/#primaryimage"},"image":{"@id":"https:\/\/www.notibras.com\/site\/gabrielli-ex-petrobras-braco-direito-de-lula-coloca-dilma-no-olho-do-furacao-da-pasadena\/#primaryimage"},"thumbnailUrl":"https:\/\/www.notibras.com\/site\/wp-content\/uploads\/2015\/01\/A-DILMA-LULA-GABRIELLI-PETROBR\u00c1S.jpg","datePublished":"2015-01-20T14:33:42+00:00","dateModified":"2015-01-21T04:07:00+00:00","breadcrumb":{"@id":"https:\/\/www.notibras.com\/site\/gabrielli-ex-petrobras-braco-direito-de-lula-coloca-dilma-no-olho-do-furacao-da-pasadena\/#breadcrumb"},"inLanguage":"pt-BR","potentialAction":[{"@type":"ReadAction","target":["https:\/\/www.notibras.com\/site\/gabrielli-ex-petrobras-braco-direito-de-lula-coloca-dilma-no-olho-do-furacao-da-pasadena\/"]}]},{"@type":"ImageObject","inLanguage":"pt-BR","@id":"https:\/\/www.notibras.com\/site\/gabrielli-ex-petrobras-braco-direito-de-lula-coloca-dilma-no-olho-do-furacao-da-pasadena\/#primaryimage","url":"https:\/\/www.notibras.com\/site\/wp-content\/uploads\/2015\/01\/A-DILMA-LULA-GABRIELLI-PETROBR\u00c1S.jpg","contentUrl":"https:\/\/www.notibras.com\/site\/wp-content\/uploads\/2015\/01\/A-DILMA-LULA-GABRIELLI-PETROBR\u00c1S.jpg","width":400,"height":264},{"@type":"BreadcrumbList","@id":"https:\/\/www.notibras.com\/site\/gabrielli-ex-petrobras-braco-direito-de-lula-coloca-dilma-no-olho-do-furacao-da-pasadena\/#breadcrumb","itemListElement":[{"@type":"ListItem","position":1,"name":"In\u00edcio","item":"https:\/\/www.notibras.com\/site\/"},{"@type":"ListItem","position":2,"name":"Gabrielli p\u00f5e Dilma no olho do furac\u00e3o da refinaria Pasadena"}]},{"@type":"WebSite","@id":"https:\/\/www.notibras.com\/site\/#website","url":"https:\/\/www.notibras.com\/site\/","name":"Notibras","description":"Not\u00edcias de Bras\u00edlia, do Brasil e do Mundo","publisher":{"@id":"https:\/\/www.notibras.com\/site\/#organization"},"potentialAction":[{"@type":"SearchAction","target":{"@type":"EntryPoint","urlTemplate":"https:\/\/www.notibras.com\/site\/?s={search_term_string}"},"query-input":{"@type":"PropertyValueSpecification","valueRequired":true,"valueName":"search_term_string"}}],"inLanguage":"pt-BR"},{"@type":"Organization","@id":"https:\/\/www.notibras.com\/site\/#organization","name":"Grupo Notibras de Comunica\u00e7\u00e3o","url":"https:\/\/www.notibras.com\/site\/","logo":{"@type":"ImageObject","inLanguage":"pt-BR","@id":"https:\/\/www.notibras.com\/site\/#\/schema\/logo\/image\/","url":"https:\/\/www.notibras.com\/site\/wp-content\/uploads\/2023\/01\/notibras23.png","contentUrl":"https:\/\/www.notibras.com\/site\/wp-content\/uploads\/2023\/01\/notibras23.png","width":350,"height":87,"caption":"Grupo Notibras de Comunica\u00e7\u00e3o"},"image":{"@id":"https:\/\/www.notibras.com\/site\/#\/schema\/logo\/image\/"},"sameAs":["https:\/\/www.facebook.com\/notibras\/","https:\/\/x.com\/Notibras","https:\/\/www.instagram.com\/notibras\/"]},{"@type":"Person","@id":"https:\/\/www.notibras.com\/site\/#\/schema\/person\/36ab0979449956132d3e5b517ea76ac8","name":"Reda\u00e7\u00e3o","image":{"@type":"ImageObject","inLanguage":"pt-BR","@id":"https:\/\/secure.gravatar.com\/avatar\/e0a867bdedb85fd243eadf09663511f96fc81e0720a4a42581f334ad4303aa6b?s=96&d=mm&r=g","url":"https:\/\/secure.gravatar.com\/avatar\/e0a867bdedb85fd243eadf09663511f96fc81e0720a4a42581f334ad4303aa6b?s=96&d=mm&r=g","contentUrl":"https:\/\/secure.gravatar.com\/avatar\/e0a867bdedb85fd243eadf09663511f96fc81e0720a4a42581f334ad4303aa6b?s=96&d=mm&r=g","caption":"Reda\u00e7\u00e3o"}}]}},"amp_enabled":true,"_links":{"self":[{"href":"https:\/\/www.notibras.com\/site\/wp-json\/wp\/v2\/posts\/34508","targetHints":{"allow":["GET"]}}],"collection":[{"href":"https:\/\/www.notibras.com\/site\/wp-json\/wp\/v2\/posts"}],"about":[{"href":"https:\/\/www.notibras.com\/site\/wp-json\/wp\/v2\/types\/post"}],"author":[{"embeddable":true,"href":"https:\/\/www.notibras.com\/site\/wp-json\/wp\/v2\/users\/2"}],"replies":[{"embeddable":true,"href":"https:\/\/www.notibras.com\/site\/wp-json\/wp\/v2\/comments?post=34508"}],"version-history":[{"count":0,"href":"https:\/\/www.notibras.com\/site\/wp-json\/wp\/v2\/posts\/34508\/revisions"}],"wp:featuredmedia":[{"embeddable":true,"href":"https:\/\/www.notibras.com\/site\/wp-json\/wp\/v2\/media\/34509"}],"wp:attachment":[{"href":"https:\/\/www.notibras.com\/site\/wp-json\/wp\/v2\/media?parent=34508"}],"wp:term":[{"taxonomy":"category","embeddable":true,"href":"https:\/\/www.notibras.com\/site\/wp-json\/wp\/v2\/categories?post=34508"},{"taxonomy":"post_tag","embeddable":true,"href":"https:\/\/www.notibras.com\/site\/wp-json\/wp\/v2\/tags?post=34508"}],"curies":[{"name":"wp","href":"https:\/\/api.w.org\/{rel}","templated":true}]}}