{"id":345106,"date":"2025-01-09T02:26:16","date_gmt":"2025-01-09T05:26:16","guid":{"rendered":"https:\/\/www.notibras.com\/site\/?p=345106"},"modified":"2025-01-08T20:32:06","modified_gmt":"2025-01-08T23:32:06","slug":"vandiclea-contista-cronista-e-poetisa-cega-faz-vaquinha-contra-surdez","status":"publish","type":"post","link":"https:\/\/www.notibras.com\/site\/vandiclea-contista-cronista-e-poetisa-cega-faz-vaquinha-contra-surdez\/","title":{"rendered":"Vandiclea, contista, cronista e poetisa, cega, faz vaquinha contra surdez"},"content":{"rendered":"<p>Vandicl\u00e9ia, uma talentosa contista, cronista e poetisa da Para\u00edba, est\u00e1 enfrentando uma batalha que vai al\u00e9m das palavras e da inspira\u00e7\u00e3o.<\/p>\n<p>De origem humilde e sem recursos financeiros, ela, que j\u00e1 anda atormentada por ter perdido a vis\u00e3o, vive um drama semelhante ap\u00f3s perder parte da audi\u00e7\u00e3o devido a complica\u00e7\u00f5es da covid-19.<\/p>\n<p>Agora, sem plano de sa\u00fade e diante da longa fila do Sistema \u00danico de Sa\u00fade (SUS), Vandicl\u00e9ia precisa urgentemente de uma cirurgia para evitar a perda completa da audi\u00e7\u00e3o.<\/p>\n<p>A vis\u00e3o foi o primeiro problema. Ela n\u00e3o pode ser mais uma v\u00edtima do sistema &#8211; surda e cega. Porque muda, n\u00e3o s\u00f3 Vandiclea, como Notibras, n\u00e3o ficar\u00e3o.<\/p>\n<p>A condi\u00e7\u00e3o m\u00e9dica da escritora exige um tratamento que custa R$ 12 mil, valor que est\u00e1 longe de sua realidade financeira. Determinada a superar essa barreira, ela lan\u00e7ou uma vaquinha virtual como forma de mobilizar amigos, admiradores de sua obra e a comunidade em geral para ajud\u00e1-la a arrecadar o montante necess\u00e1rio.<\/p>\n<p>Vandiclea, conhecida por sua habilidade em transformar experi\u00eancias em textos profundos e emocionantes, agora apela \u00e0 solidariedade coletiva para reescrever sua pr\u00f3pria hist\u00f3ria. A autora acredita no poder da uni\u00e3o e da empatia e espera que sua causa comova cora\u00e7\u00f5es e traga o apoio que precisa.<\/p>\n<p>A contribui\u00e7\u00e3o para a vaquinha pode ser feita por meio de Pix, cuja chave vai indicada abaixo. Cada doa\u00e7\u00e3o, independentemente do valor, ser\u00e1 um passo importante para que Vandicl\u00e9a possa preservar sua audi\u00e7\u00e3o e continuar encantando o p\u00fablico com suas palavras.<\/p>\n<p>Se voc\u00ea quiser ajudar, abrace a campanha &#8220;Ajude Vandiclea a Ouvir e Escrever&#8221;. E se poss\u00edvel, compartilhe essa hist\u00f3ria para que mais pessoas conhe\u00e7am e participem dessa corrente do bem.<\/p>\n<p>&#8230;&#8230;&#8230;&#8230;&#8230;&#8230;&#8230;.<\/p>\n<p><strong>Chave Pix santosvandiclea@gmail.com<\/strong><\/p>\n","protected":false},"excerpt":{"rendered":"<p>Vandicl\u00e9ia, uma talentosa contista, cronista e poetisa da Para\u00edba, est\u00e1 enfrentando uma batalha que vai al\u00e9m das palavras e da inspira\u00e7\u00e3o. De origem humilde e sem recursos financeiros, ela, que j\u00e1 anda atormentada por ter perdido a vis\u00e3o, vive um drama semelhante ap\u00f3s perder parte da audi\u00e7\u00e3o devido a complica\u00e7\u00f5es da covid-19. Agora, sem plano [&hellip;]<\/p>\n","protected":false},"author":2,"featured_media":345107,"comment_status":"closed","ping_status":"closed","sticky":false,"template":"","format":"standard","meta":{"_acf_changed":false,"footnotes":""},"categories":[165],"tags":[],"class_list":["post-345106","post","type-post","status-publish","format-standard","has-post-thumbnail","hentry","category-nordeste"],"acf":[],"_links":{"self":[{"href":"https:\/\/www.notibras.com\/site\/wp-json\/wp\/v2\/posts\/345106","targetHints":{"allow":["GET"]}}],"collection":[{"href":"https:\/\/www.notibras.com\/site\/wp-json\/wp\/v2\/posts"}],"about":[{"href":"https:\/\/www.notibras.com\/site\/wp-json\/wp\/v2\/types\/post"}],"author":[{"embeddable":true,"href":"https:\/\/www.notibras.com\/site\/wp-json\/wp\/v2\/users\/2"}],"replies":[{"embeddable":true,"href":"https:\/\/www.notibras.com\/site\/wp-json\/wp\/v2\/comments?post=345106"}],"version-history":[{"count":1,"href":"https:\/\/www.notibras.com\/site\/wp-json\/wp\/v2\/posts\/345106\/revisions"}],"predecessor-version":[{"id":345108,"href":"https:\/\/www.notibras.com\/site\/wp-json\/wp\/v2\/posts\/345106\/revisions\/345108"}],"wp:featuredmedia":[{"embeddable":true,"href":"https:\/\/www.notibras.com\/site\/wp-json\/wp\/v2\/media\/345107"}],"wp:attachment":[{"href":"https:\/\/www.notibras.com\/site\/wp-json\/wp\/v2\/media?parent=345106"}],"wp:term":[{"taxonomy":"category","embeddable":true,"href":"https:\/\/www.notibras.com\/site\/wp-json\/wp\/v2\/categories?post=345106"},{"taxonomy":"post_tag","embeddable":true,"href":"https:\/\/www.notibras.com\/site\/wp-json\/wp\/v2\/tags?post=345106"}],"curies":[{"name":"wp","href":"https:\/\/api.w.org\/{rel}","templated":true}]}}