{"id":345151,"date":"2025-01-09T00:26:02","date_gmt":"2025-01-09T03:26:02","guid":{"rendered":"https:\/\/www.notibras.com\/site\/?p=345151"},"modified":"2025-01-09T10:28:14","modified_gmt":"2025-01-09T13:28:14","slug":"corrida-de-reis-2025-ocupara-eixo-monumental-no-dia-25-de-janeiro","status":"publish","type":"post","link":"https:\/\/www.notibras.com\/site\/corrida-de-reis-2025-ocupara-eixo-monumental-no-dia-25-de-janeiro\/","title":{"rendered":"Corrida de Reis 2025 ocupar\u00e1 Eixo Monumental no dia 25 de janeiro"},"content":{"rendered":"<p>A 52\u00aa edi\u00e7\u00e3o da Corrida de Reis, tradicional evento esportivo do Distrito Federal que abre o calend\u00e1rio de corridas do DF, est\u00e1 programada para ocorrer em duas datas: a Corrida Adulta, no dia 25 de janeiro, e a Corrida Mirim, no dia 1\u00ba de fevereiro. O evento, que \u00e9 uma das principais celebra\u00e7\u00f5es de corrida amadora da regi\u00e3o, dever\u00e1 reunir milhares de participantes, reafirmando seu papel como um marco de inclus\u00e3o e incentivo \u00e0 pr\u00e1tica esportiva.<\/p>\n<p>As inscri\u00e7\u00f5es para a Corrida Adulta ser\u00e3o abertas no dia 15 de janeiro, \u00e0s 19h, com um primeiro lote de 6 mil vagas. O segundo lote, tamb\u00e9m com 6 mil vagas, estar\u00e1 dispon\u00edvel no dia 16 de janeiro. Para a Corrida Mirim, as inscri\u00e7\u00f5es ser\u00e3o realizadas em 20 de janeiro, com um lote \u00fanico para 3 mil participantes.<\/p>\n<p>De acordo com o secret\u00e1rio de Esporte e Lazer, Renato Junqueira, o evento refor\u00e7a os valores esportivos e sociais da regi\u00e3o. \u201cA Corrida de Reis \u00e9 um evento que simboliza n\u00e3o apenas a tradi\u00e7\u00e3o esportiva do DF, mas tamb\u00e9m nosso compromisso com a promo\u00e7\u00e3o de um estilo de vida ativo e saud\u00e1vel para todas as idades\u201d, destacou.<\/p>\n<p>Al\u00e9m de ser a maior competi\u00e7\u00e3o amadora do Distrito Federal, a edi\u00e7\u00e3o de 2025 contar\u00e1 com novidades, como o aumento no n\u00famero de inscritos. Ser\u00e3o 12 mil vagas para a Corrida Adulta, 2 mil a mais que na edi\u00e7\u00e3o anterior, e 3 mil vagas para a Corrida Mirim. Essa expans\u00e3o reflete o compromisso do evento em ampliar o acesso ao esporte e consolidar sua relev\u00e2ncia no calend\u00e1rio esportivo da capital.<\/p>\n<p>\u201cO evento n\u00e3o \u00e9 apenas uma corrida, \u00e9 um marco que une a comunidade em torno do esporte e refor\u00e7a a imagem de Bras\u00edlia como palco de grandes eventos esportivos\u201d, acrescentou o gestor.<\/p>\n<p>As inscri\u00e7\u00f5es poder\u00e3o ser realizadas no site oficial da plataforma Brasil Corrida assim que abertas. Para agilizar o processo, os corredores j\u00e1 podem acessar o site, realizar seu cadastro e aguardar o in\u00edcio das inscri\u00e7\u00f5es.<\/p>\n<p>A Corrida Adulta contar\u00e1 com percursos de 6 km e 10 km no Eixo Monumental, passando por pontos ic\u00f4nicos de Bras\u00edlia. A largada ser\u00e1 no Pal\u00e1cio do Buriti, com chegada na Arena BRB Nilson Nelson. J\u00e1 a Corrida Mirim ser\u00e1 realizada no estacionamento do Parque Ana L\u00eddia, no Parque da Cidade, com percursos de 300 metros a 800 metros para crian\u00e7as de 5 a 13 anos.<\/p>\n<p>A entrega dos kits ocorrer\u00e1 no Pavilh\u00e3o do Parque da Cidade nas seguintes datas:<\/p>\n<p>\u2013 Corrida Adulta: De 22 a 24 de janeiro.<br \/>\n\u2013 Corrida Mirim: Dias 28 e 29 de janeiro.<\/p>\n<p>Corrida Adulta<br \/>\n\u2013 Percursos de 6 km e 10 km pelo Eixo Monumental.<br \/>\n\u2013 Largada no Pal\u00e1cio do Buriti e chegada na Arena BRB Nilson Nelson.<br \/>\n\u2013 Cen\u00e1rio composto pelos principais monumentos de Bras\u00edlia.<br \/>\n\u2013 Medalhas para todos os participantes.<br \/>\n\u2013 Trof\u00e9us para os tr\u00eas primeiros colocados nas provas de 10 km (categorias masculino e feminino, incluindo PcDs).<br \/>\n\u2013 Premia\u00e7\u00e3o em dinheiro para os dez primeiros colocados gerais:<\/p>\n<p>1\u00ba lugar: R$ 10 mil<br \/>\n2\u00ba lugar: R$ 8 mil<br \/>\n3\u00ba lugar: R$ 5 mil<br \/>\n4\u00ba lugar: R$ 3 mil<br \/>\n5\u00ba lugar: R$ 2 mil<br \/>\n6\u00ba ao 10\u00ba lugares: valores decrescentes at\u00e9 R$ 400.<\/p>\n<p>Pessoas com defici\u00eancia (PcDs): premia\u00e7\u00f5es de R$ 2 mil, R$ 1,5 mil e R$ 1 mil para os tr\u00eas primeiros colocados.<\/p>\n<p>Corrida Mirim<br \/>\n\u2013 Percursos de 300 m a 800 m no estacionamento Ana L\u00eddia, no Parque da Cidade.<br \/>\n\u2013 Voltada para crian\u00e7as de 5 a 13 anos, com car\u00e1ter inclusivo e l\u00fadico.<br \/>\n\u2013 Medalhas para todos os participantes.<br \/>\n\u2013 Voucher do valor de uma bicicleta como pr\u00eamio para os vencedores de cada bateria (70 no total).<\/p>\n","protected":false},"excerpt":{"rendered":"<p>A 52\u00aa edi\u00e7\u00e3o da Corrida de Reis, tradicional evento esportivo do Distrito Federal que abre o calend\u00e1rio de corridas do DF, est\u00e1 programada para ocorrer em duas datas: a Corrida Adulta, no dia 25 de janeiro, e a Corrida Mirim, no dia 1\u00ba de fevereiro. O evento, que \u00e9 uma das principais celebra\u00e7\u00f5es de corrida [&hellip;]<\/p>\n","protected":false},"author":2,"featured_media":345152,"comment_status":"closed","ping_status":"closed","sticky":false,"template":"","format":"standard","meta":{"_acf_changed":false,"footnotes":""},"categories":[161],"tags":[],"class_list":["post-345151","post","type-post","status-publish","format-standard","has-post-thumbnail","hentry","category-quadradinho-em-foco"],"acf":[],"_links":{"self":[{"href":"https:\/\/www.notibras.com\/site\/wp-json\/wp\/v2\/posts\/345151","targetHints":{"allow":["GET"]}}],"collection":[{"href":"https:\/\/www.notibras.com\/site\/wp-json\/wp\/v2\/posts"}],"about":[{"href":"https:\/\/www.notibras.com\/site\/wp-json\/wp\/v2\/types\/post"}],"author":[{"embeddable":true,"href":"https:\/\/www.notibras.com\/site\/wp-json\/wp\/v2\/users\/2"}],"replies":[{"embeddable":true,"href":"https:\/\/www.notibras.com\/site\/wp-json\/wp\/v2\/comments?post=345151"}],"version-history":[{"count":1,"href":"https:\/\/www.notibras.com\/site\/wp-json\/wp\/v2\/posts\/345151\/revisions"}],"predecessor-version":[{"id":345153,"href":"https:\/\/www.notibras.com\/site\/wp-json\/wp\/v2\/posts\/345151\/revisions\/345153"}],"wp:featuredmedia":[{"embeddable":true,"href":"https:\/\/www.notibras.com\/site\/wp-json\/wp\/v2\/media\/345152"}],"wp:attachment":[{"href":"https:\/\/www.notibras.com\/site\/wp-json\/wp\/v2\/media?parent=345151"}],"wp:term":[{"taxonomy":"category","embeddable":true,"href":"https:\/\/www.notibras.com\/site\/wp-json\/wp\/v2\/categories?post=345151"},{"taxonomy":"post_tag","embeddable":true,"href":"https:\/\/www.notibras.com\/site\/wp-json\/wp\/v2\/tags?post=345151"}],"curies":[{"name":"wp","href":"https:\/\/api.w.org\/{rel}","templated":true}]}}