{"id":345154,"date":"2025-01-09T00:43:22","date_gmt":"2025-01-09T03:43:22","guid":{"rendered":"https:\/\/www.notibras.com\/site\/?p=345154"},"modified":"2025-01-09T10:44:50","modified_gmt":"2025-01-09T13:44:50","slug":"projeto-melhor-idade-oferece-atividades-de-saude-e-bem-estar-a-mulheres","status":"publish","type":"post","link":"https:\/\/www.notibras.com\/site\/projeto-melhor-idade-oferece-atividades-de-saude-e-bem-estar-a-mulheres\/","title":{"rendered":"Projeto Melhor Idade oferece atividades de sa\u00fade e bem-estar a mulheres"},"content":{"rendered":"<p>Com foco na sa\u00fade e qualidade de vida das mulheres idosas, a Secretaria da Mulher do Distrito Federal (SMDF), em parceria com o Instituto L\u00edderes do Brasil, leva o projeto Melhor Idade \u00e0 Regi\u00e3o Administrativa de Sobradinho. A iniciativa pretende atender 160 mulheres de 13 de janeiro a 15 de abril, oferecendo atividades voltadas ao cuidado f\u00edsico e mental, como pilates, fisioterapia, atendimento nutricional e palestras educativas sobre sa\u00fade e qualidade de vida.<\/p>\n<p>O projeto tem como principal objetivo promover o bem-estar das mulheres, em especial daquelas com mais de 60 anos, que muitas vezes enfrentam desafios relacionados \u00e0 sa\u00fade e ao envelhecimento. As atividades s\u00e3o realizadas presencialmente nos turnos matutino e vespertino. Al\u00e9m de proporcionar acesso a servi\u00e7os essenciais, o projeto incentiva h\u00e1bitos saud\u00e1veis e fortalece a autoestima das participantes.<\/p>\n<p>Segundo a secret\u00e1ria da Mulher, Giselle Ferreira, a iniciativa \u00e9 um passo importante para garantir que as mulheres idosas sejam vistas e cuidadas com respeito e dignidade. \u201cO projeto n\u00e3o \u00e9 apenas sobre promover atividades f\u00edsicas e atendimentos de sa\u00fade. \u00c9 tamb\u00e9m sobre reconhecer o valor das idosas na nossa sociedade e criar um espa\u00e7o onde elas possam se sentir acolhidas e respeitadas. Trabalhar com essa faixa et\u00e1ria \u00e9 essencial para garantir que elas tenham o apoio necess\u00e1rio para viver com mais qualidade de vida. Essa \u00e9 uma oportunidade de promover a inclus\u00e3o, a sa\u00fade e o bem-estar delas\u201d, comentou a secret\u00e1ria.<\/p>\n<p>Entre os servi\u00e7os oferecidos, destacam-se aulas de pilates, que ajudam no fortalecimento muscular e na melhora do equil\u00edbrio; sess\u00f5es de fisioterapia, voltadas para prevenir e tratar dores ou les\u00f5es; atendimentos com nutricionistas, que auxiliam na elabora\u00e7\u00e3o de uma dieta equilibrada; e palestras com especialistas abordando temas como preven\u00e7\u00e3o de doen\u00e7as cr\u00f4nicas, cuidados com a sa\u00fade mental e envelhecimento ativo.<\/p>\n<p>As inscri\u00e7\u00f5es para o Melhor Idade est\u00e3o abertas at\u00e9 o dia 12 de janeiro, ou at\u00e9 o preenchimento das vagas. Das 160 vagas gratuitas oferecidas, 80 s\u00e3o destinadas a mulheres idosas, 65 para mulheres em geral e 15 reservadas para pessoas com defici\u00eancia (PcDs). As atividades do projeto ser\u00e3o realizadas na Quadra 13, CL 18, Sobradinho, Loja OTE 02. Para realizar a inscri\u00e7\u00e3o, as interessadas podem se dirigir ao local pessoalmente ou entrar em contato pelo telefone (61) 92002-6864.<\/p>\n","protected":false},"excerpt":{"rendered":"<p>Com foco na sa\u00fade e qualidade de vida das mulheres idosas, a Secretaria da Mulher do Distrito Federal (SMDF), em parceria com o Instituto L\u00edderes do Brasil, leva o projeto Melhor Idade \u00e0 Regi\u00e3o Administrativa de Sobradinho. A iniciativa pretende atender 160 mulheres de 13 de janeiro a 15 de abril, oferecendo atividades voltadas ao [&hellip;]<\/p>\n","protected":false},"author":2,"featured_media":345155,"comment_status":"closed","ping_status":"closed","sticky":false,"template":"","format":"standard","meta":{"_acf_changed":false,"footnotes":""},"categories":[161],"tags":[],"class_list":["post-345154","post","type-post","status-publish","format-standard","has-post-thumbnail","hentry","category-quadradinho-em-foco"],"acf":[],"_links":{"self":[{"href":"https:\/\/www.notibras.com\/site\/wp-json\/wp\/v2\/posts\/345154","targetHints":{"allow":["GET"]}}],"collection":[{"href":"https:\/\/www.notibras.com\/site\/wp-json\/wp\/v2\/posts"}],"about":[{"href":"https:\/\/www.notibras.com\/site\/wp-json\/wp\/v2\/types\/post"}],"author":[{"embeddable":true,"href":"https:\/\/www.notibras.com\/site\/wp-json\/wp\/v2\/users\/2"}],"replies":[{"embeddable":true,"href":"https:\/\/www.notibras.com\/site\/wp-json\/wp\/v2\/comments?post=345154"}],"version-history":[{"count":1,"href":"https:\/\/www.notibras.com\/site\/wp-json\/wp\/v2\/posts\/345154\/revisions"}],"predecessor-version":[{"id":345156,"href":"https:\/\/www.notibras.com\/site\/wp-json\/wp\/v2\/posts\/345154\/revisions\/345156"}],"wp:featuredmedia":[{"embeddable":true,"href":"https:\/\/www.notibras.com\/site\/wp-json\/wp\/v2\/media\/345155"}],"wp:attachment":[{"href":"https:\/\/www.notibras.com\/site\/wp-json\/wp\/v2\/media?parent=345154"}],"wp:term":[{"taxonomy":"category","embeddable":true,"href":"https:\/\/www.notibras.com\/site\/wp-json\/wp\/v2\/categories?post=345154"},{"taxonomy":"post_tag","embeddable":true,"href":"https:\/\/www.notibras.com\/site\/wp-json\/wp\/v2\/tags?post=345154"}],"curies":[{"name":"wp","href":"https:\/\/api.w.org\/{rel}","templated":true}]}}