{"id":345157,"date":"2025-01-09T00:00:14","date_gmt":"2025-01-09T03:00:14","guid":{"rendered":"https:\/\/www.notibras.com\/site\/?p=345157"},"modified":"2025-01-09T10:51:37","modified_gmt":"2025-01-09T13:51:37","slug":"carnaval-espera-blocos-para-jogar-os-folioes-nas-ruas","status":"publish","type":"post","link":"https:\/\/www.notibras.com\/site\/carnaval-espera-blocos-para-jogar-os-folioes-nas-ruas\/","title":{"rendered":"Carnaval espera blocos para jogar os foli\u00f5es nas ruas"},"content":{"rendered":"<p>A Secretaria de Cultura e Economia Criativa divulgou a abertura da fase de cadastro para os blocos de rua que desejam participar do DF Folia 2025, um dos maiores eventos culturais da capital, que celebra a diversidade cultural e a alegria do carnaval de rua. A programa\u00e7\u00e3o inclui 25 dias de festa, abrangendo o pr\u00e9-carnaval, o Carnaval oficial e a ressaca de carnaval, no per\u00edodo que vai de 20 de fevereiro a 16 de mar\u00e7o.<\/p>\n<p>\u201cO Carnaval deste ano promete ser o maior carnaval de rua que o DF j\u00e1 teve, seguindo o exemplo do ano passado, 2024, que foi o carnaval mais seguro. Neste ano, teremos um evento com muita seguran\u00e7a, inclus\u00e3o e representatividade, proporcionando cultura e momentos de alegria para toda a popula\u00e7\u00e3o. Aumentamos o n\u00famero de blocos de rua e queremos levar essa festa para todas as regi\u00f5es do DF\u201d, destaca o secret\u00e1rio de Cultura, Claudio Abrantes.<\/p>\n<p><strong>Blocos de rua<\/strong><br \/>\nOs blocos de rua s\u00e3o manifesta\u00e7\u00f5es espont\u00e2neas e democr\u00e1ticas da cultura popular, que refletem a diversidade e a alegria do povo. No contexto do Distrito Federal, esses blocos desempenham um papel de preserva\u00e7\u00e3o e dissemina\u00e7\u00e3o de tradi\u00e7\u00f5es culturais, promovendo a inclus\u00e3o social e a participa\u00e7\u00e3o cidad\u00e3. O projeto DF Folia 2025 busca ampliar o alcance dessas manifesta\u00e7\u00f5es, proporcionando espa\u00e7os de express\u00e3o e fortalecimento da identidade cultural da nossa popula\u00e7\u00e3o.<\/p>\n<p>O Carnaval gera um impacto significativo na economia criativa do Distrito Federal. Desde a produ\u00e7\u00e3o de fantasias e adere\u00e7os, at\u00e9 a contrata\u00e7\u00e3o de artistas e t\u00e9cnicos, os blocos de rua impulsionam uma cadeia produtiva que movimenta o mercado. Al\u00e9m disso, esse per\u00edodo carnavalesco traz um influxo de visitantes que dinamiza os setores de hospedagem, alimenta\u00e7\u00e3o e servi\u00e7os.<\/p>\n<p><strong>Cadastro<\/strong><br \/>\nOs organizadores de blocos j\u00e1 podem realizar o cadastro para garantir a participa\u00e7\u00e3o no Carnaval. Os proponentes t\u00eam total liberdade para descrever suas propostas, mas \u00e9 essencial que os dados sejam precisos, detalhados e objetivos. Toda a responsabilidade pelas informa\u00e7\u00f5es fornecidas no formul\u00e1rio de inscri\u00e7\u00e3o \u00e9 exclusiva do proponente.<\/p>\n<p>O prazo final para envio do cadastro \u00e9 do dia 14 deste m\u00eas, at\u00e9 as 21h. D\u00favidas devem ser enviadas pelo e-mail para sddc@cultura.df.gov.br \u2013 no campo \u201cAssunto\u201d, \u00e9 preciso colocar DF Folia 2025. Mais informa\u00e7\u00f5es podem ser encontradas no site oficial da Secretaria de Cultura e Economia Criativa, na aba \u201cEditais\/ Chamamento P\u00fablicos\/ Editais Abertos \u2013 DF Folia 2025\u201d.<\/p>\n","protected":false},"excerpt":{"rendered":"<p>A Secretaria de Cultura e Economia Criativa divulgou a abertura da fase de cadastro para os blocos de rua que desejam participar do DF Folia 2025, um dos maiores eventos culturais da capital, que celebra a diversidade cultural e a alegria do carnaval de rua. A programa\u00e7\u00e3o inclui 25 dias de festa, abrangendo o pr\u00e9-carnaval, [&hellip;]<\/p>\n","protected":false},"author":2,"featured_media":345158,"comment_status":"closed","ping_status":"closed","sticky":false,"template":"","format":"standard","meta":{"_acf_changed":false,"footnotes":""},"categories":[161],"tags":[],"class_list":["post-345157","post","type-post","status-publish","format-standard","has-post-thumbnail","hentry","category-quadradinho-em-foco"],"acf":[],"_links":{"self":[{"href":"https:\/\/www.notibras.com\/site\/wp-json\/wp\/v2\/posts\/345157","targetHints":{"allow":["GET"]}}],"collection":[{"href":"https:\/\/www.notibras.com\/site\/wp-json\/wp\/v2\/posts"}],"about":[{"href":"https:\/\/www.notibras.com\/site\/wp-json\/wp\/v2\/types\/post"}],"author":[{"embeddable":true,"href":"https:\/\/www.notibras.com\/site\/wp-json\/wp\/v2\/users\/2"}],"replies":[{"embeddable":true,"href":"https:\/\/www.notibras.com\/site\/wp-json\/wp\/v2\/comments?post=345157"}],"version-history":[{"count":1,"href":"https:\/\/www.notibras.com\/site\/wp-json\/wp\/v2\/posts\/345157\/revisions"}],"predecessor-version":[{"id":345159,"href":"https:\/\/www.notibras.com\/site\/wp-json\/wp\/v2\/posts\/345157\/revisions\/345159"}],"wp:featuredmedia":[{"embeddable":true,"href":"https:\/\/www.notibras.com\/site\/wp-json\/wp\/v2\/media\/345158"}],"wp:attachment":[{"href":"https:\/\/www.notibras.com\/site\/wp-json\/wp\/v2\/media?parent=345157"}],"wp:term":[{"taxonomy":"category","embeddable":true,"href":"https:\/\/www.notibras.com\/site\/wp-json\/wp\/v2\/categories?post=345157"},{"taxonomy":"post_tag","embeddable":true,"href":"https:\/\/www.notibras.com\/site\/wp-json\/wp\/v2\/tags?post=345157"}],"curies":[{"name":"wp","href":"https:\/\/api.w.org\/{rel}","templated":true}]}}