{"id":345160,"date":"2025-01-09T10:59:09","date_gmt":"2025-01-09T13:59:09","guid":{"rendered":"https:\/\/www.notibras.com\/site\/?p=345160"},"modified":"2025-01-09T10:59:09","modified_gmt":"2025-01-09T13:59:09","slug":"usina-fecha-comportas-e-marinha-retoma-busca-por-vitimas-de-queda-de-ponte","status":"publish","type":"post","link":"https:\/\/www.notibras.com\/site\/usina-fecha-comportas-e-marinha-retoma-busca-por-vitimas-de-queda-de-ponte\/","title":{"rendered":"Usina fecha comportas e Marinha retoma busca por v\u00edtimas de queda de ponte"},"content":{"rendered":"<p>A Marinha do Brasil est\u00e1 retomando as opera\u00e7\u00f5es de mergulho para a busca das v\u00edtimas desaparecidas, ap\u00f3s o acidente na Ponte Juscelino Kubitschek de Oliveira, na divisa entre o Maranh\u00e3o e o Tocantins. Nesta quinta-feira, ser\u00e3o realizados novos mergulhos explorat\u00f3rios onde se dirige a correnteza do rio, ou seja, mais a jusante do local j\u00e1 varrido pelos mergulhadores. At\u00e9 o momento, 14 pessoas j\u00e1 foram localizadas e identificadas e tr\u00eas pessoas permanecem desaparecidas.<\/p>\n<p>Os trabalhos foram suspensos devido \u00e0 necessidade de abertura das comportas da barragem da Usina Hidrel\u00e9trica de Estreito, para dar vaz\u00e3o ao volume do reservat\u00f3rio aumentado pelo regime de chuvas na regi\u00e3o.<\/p>\n<p>Em nota, a Marinha disse que a decis\u00e3o de retomar as buscas com mergulho, ocorreu ap\u00f3s o Cons\u00f3rcio Estreito Energia (CESTE) ter comunicado, na noite da \u00faltima ter\u00e7a-feira (7), que poderia conter a vaz\u00e3o das \u00e1guas da usina hidrel\u00e9trica por mais alguns dias, viabilizando janelas de mergulho.<\/p>\n<p>\u201cEssa situa\u00e7\u00e3o dever\u00e1 ser reavaliada a cada novo per\u00edodo. Na quarta-feira (8), a MB precisou deslocar a Base Avan\u00e7ada de Mergulho para uma \u00e1rea mais elevada em rela\u00e7\u00e3o \u00e0 sua posi\u00e7\u00e3o original, uma vez que o local em que aquela se encontrava corria risco de alagamento devido ao aumento da vaz\u00e3o das \u00e1guas da usina fora das janelas de mergulho\u201d, diz a nota.<\/p>\n<p>As pessoas que permanecem desaparecidas ap\u00f3s o colapso da ponte s\u00e3o: Salmon Alves Santos, de 65 anos e Felipe Giuvannuci Ribeiro, 10 anos, av\u00f4 e neto, respectivamente, e Gessimar Ferreira da Costa, de 38 anos.<\/p>\n<p>A Ponte Juscelino Kubitschek de Oliveira, que ligava os estados do Maranh\u00e3o e Tocantins pela BR-226, desabou no fim da tarde do dia 22 de dezembro de 2024. Na ocasi\u00e3o, tr\u00eas ve\u00edculos de passeio, tr\u00eas motocicletas e quatro caminh\u00f5es que trafegavam na ponte ca\u00edram no rio, com 18 pessoas, ao todo. A opera\u00e7\u00e3o de busca e resgate teve in\u00edcio ainda no mesmo dia com o uso de embarca\u00e7\u00f5es.<\/p>\n<p>No dia 23 de dezembro, iniciou a atua\u00e7\u00e3o de uma equipe de 64 mergulhadores especializados, composta por militares da Marinha do Brasil, Corpos de Bombeiros dos estados do Maranh\u00e3o, Tocantins, Par\u00e1, S\u00e3o Paulo e Distrito Federal. Tamb\u00e9m foram empregados drones subaqu\u00e1ticos e a\u00e9reos, al\u00e9m de outros equipamentos especializados como o uso de uma c\u00e2mara hiperb\u00e1rica, para garantir a seguran\u00e7a dos profissionais mergulhadores.<\/p>\n<p><strong>Subst\u00e2ncias t\u00f3xicas<\/strong><br \/>\nDentre os caminh\u00f5es que ca\u00edram no Rio Tocantins com o colapso da ponte, dois transportavam \u00e1cido sulf\u00farico e um carregava os agrot\u00f3xicos: Carnadine, PIQUE 240SL e Tractor.<\/p>\n<p>Ap\u00f3s o acidente, a Ag\u00eancia Nacional de \u00c1guas e Saneamento B\u00e1sico (ANA) e o Instituto Brasileiro do Meio Ambiente e dos Recursos Naturais Renov\u00e1veis (Ibama), realizaram uma an\u00e1lise emergencial da qualidade da \u00e1gua do rio. Os resultados das amostras coletadas entre 24 e 29 de dezembro de 2024, mostraram que n\u00e3o foram encontrados ind\u00edcios de contamina\u00e7\u00e3o da \u00e1gua pelos agrot\u00f3xicos.<\/p>\n<p>O Ibama ressaltou, por\u00e9m, que, \u201cenquanto o material qu\u00edmico estiver depositado no Rio Tocantins, persiste o risco de eventual rompimento dos recipientes e consequente contamina\u00e7\u00e3o da \u00e1gua, com poss\u00edveis impactos sobre o meio ambiente e usos m\u00faltiplos, incluindo abastecimento p\u00fablico de comunidades ribeirinhas e cidades ao longo do rio\u201d.<\/p>\n<p>O Ibama disse que acionou as tr\u00eas empresas transportadoras, respons\u00e1veis pelos ve\u00edculos com as cargas perigosas, para auxiliarem \u201cas institui\u00e7\u00f5es p\u00fablicas envolvidas no atendimento ao desastre com a elabora\u00e7\u00e3o de Planos de Atendimento \u00e0 Emerg\u00eancia (PAEs) para atua\u00e7\u00e3o e resposta quanto aos caminh\u00f5es que est\u00e3o no fundo do rio.\u201d<\/p>\n<p>Na ter\u00e7a-feira, o \u00f3rg\u00e3o informou que acompanhou o trabalho dos mergulhadores profissionais, contratados pela empresa Sumitomo, respons\u00e1vel pelo caminh\u00e3o com agrot\u00f3xicos, para verificar o posicionamento do ve\u00edculo e das bombonas com agrot\u00f3xicos que se encontram no fundo do Rio Tocantins.<\/p>\n","protected":false},"excerpt":{"rendered":"<p>A Marinha do Brasil est\u00e1 retomando as opera\u00e7\u00f5es de mergulho para a busca das v\u00edtimas desaparecidas, ap\u00f3s o acidente na Ponte Juscelino Kubitschek de Oliveira, na divisa entre o Maranh\u00e3o e o Tocantins. Nesta quinta-feira, ser\u00e3o realizados novos mergulhos explorat\u00f3rios onde se dirige a correnteza do rio, ou seja, mais a jusante do local j\u00e1 [&hellip;]<\/p>\n","protected":false},"author":2,"featured_media":345161,"comment_status":"closed","ping_status":"closed","sticky":false,"template":"","format":"standard","meta":{"_acf_changed":false,"footnotes":""},"categories":[165],"tags":[],"class_list":["post-345160","post","type-post","status-publish","format-standard","has-post-thumbnail","hentry","category-nordeste"],"acf":[],"_links":{"self":[{"href":"https:\/\/www.notibras.com\/site\/wp-json\/wp\/v2\/posts\/345160","targetHints":{"allow":["GET"]}}],"collection":[{"href":"https:\/\/www.notibras.com\/site\/wp-json\/wp\/v2\/posts"}],"about":[{"href":"https:\/\/www.notibras.com\/site\/wp-json\/wp\/v2\/types\/post"}],"author":[{"embeddable":true,"href":"https:\/\/www.notibras.com\/site\/wp-json\/wp\/v2\/users\/2"}],"replies":[{"embeddable":true,"href":"https:\/\/www.notibras.com\/site\/wp-json\/wp\/v2\/comments?post=345160"}],"version-history":[{"count":1,"href":"https:\/\/www.notibras.com\/site\/wp-json\/wp\/v2\/posts\/345160\/revisions"}],"predecessor-version":[{"id":345162,"href":"https:\/\/www.notibras.com\/site\/wp-json\/wp\/v2\/posts\/345160\/revisions\/345162"}],"wp:featuredmedia":[{"embeddable":true,"href":"https:\/\/www.notibras.com\/site\/wp-json\/wp\/v2\/media\/345161"}],"wp:attachment":[{"href":"https:\/\/www.notibras.com\/site\/wp-json\/wp\/v2\/media?parent=345160"}],"wp:term":[{"taxonomy":"category","embeddable":true,"href":"https:\/\/www.notibras.com\/site\/wp-json\/wp\/v2\/categories?post=345160"},{"taxonomy":"post_tag","embeddable":true,"href":"https:\/\/www.notibras.com\/site\/wp-json\/wp\/v2\/tags?post=345160"}],"curies":[{"name":"wp","href":"https:\/\/api.w.org\/{rel}","templated":true}]}}