{"id":345178,"date":"2025-01-10T06:56:30","date_gmt":"2025-01-10T09:56:30","guid":{"rendered":"https:\/\/www.notibras.com\/site\/?p=345178"},"modified":"2025-01-11T08:51:43","modified_gmt":"2025-01-11T11:51:43","slug":"ibaneis-investe-alto-para-manter-saude-publica-como-a-melhor-do-brasil","status":"publish","type":"post","link":"https:\/\/www.notibras.com\/site\/ibaneis-investe-alto-para-manter-saude-publica-como-a-melhor-do-brasil\/","title":{"rendered":"Ibaneis investe alto para manter sa\u00fade p\u00fablica como a melhor do Brasil"},"content":{"rendered":"<p>Bras\u00edlia segue destacando-se no cen\u00e1rio nacional como refer\u00eancia em sa\u00fade p\u00fablica, gra\u00e7as aos investimentos robustos realizados pelo governador Ibaneis Rocha. Reconhecida por oferecer um dos melhores sistemas de atendimento no Brasil, a cidade tem recebido aten\u00e7\u00e3o especial para manter e melhorar ainda mais a qualidade dos servi\u00e7os prestados \u00e0 popula\u00e7\u00e3o.<\/p>\n<p>Um exemplo: governo do Distrito Federal tem priorizado a moderniza\u00e7\u00e3o de hospitais, a amplia\u00e7\u00e3o de unidades b\u00e1sicas de sa\u00fade (UBSs) e a implementa\u00e7\u00e3o de tecnologias de ponta. Segundo Ibaneis Rocha, garantir um atendimento de qualidade \u00e9 fundamental para a dignidade e bem-estar dos cidad\u00e3os. Entre as principais a\u00e7\u00f5es est\u00e3o:<\/p>\n<p>Amplia\u00e7\u00e3o de leitos hospitalares: No \u00faltimo ano, foram inaugurados novos leitos de UTI e maternidade, reduzindo filas de espera e otimizando o atendimento em situa\u00e7\u00f5es cr\u00edticas.<\/p>\n<p>Contrata\u00e7\u00e3o de profissionais: Mais m\u00e9dicos, enfermeiros e t\u00e9cnicos de sa\u00fade foram contratados para suprir a demanda crescente em diversas especialidades.<\/p>\n<p>Digitaliza\u00e7\u00e3o do sistema de sa\u00fade: A cria\u00e7\u00e3o de prontu\u00e1rios eletr\u00f4nicos e ferramentas digitais tem facilitado o acesso e a gest\u00e3o de informa\u00e7\u00f5es m\u00e9dicas, beneficiando pacientes e profissionais.<\/p>\n<p>Em raz\u00e3o dessas a\u00e7\u00f5es, Bras\u00edlia foi apontada em pesquisas recentes como a cidade com a melhor rede p\u00fablica de sa\u00fade do Brasil, superando capitais de grande porte. A satisfa\u00e7\u00e3o dos pacientes, aliada \u00e0 efici\u00eancia do sistema, tem atra\u00eddo elogios de especialistas e gestores de outras regi\u00f5es.<\/p>\n<p>Ma, apesar dos avan\u00e7os, o governador reconhece que ainda h\u00e1 desafios a superar, como a redu\u00e7\u00e3o do tempo de espera em emerg\u00eancias e a descentraliza\u00e7\u00e3o dos servi\u00e7os para \u00e1reas mais afastadas do Plano Piloto. Para isso, est\u00e3o previstos novos investimentos em diferentes Regi\u00f5es Administrativas que visam ampliar a capacidade de atendimento.<\/p>\n<p>Com essa gest\u00e3o focada em resultados, Ibaneis Rocha reafirma seu compromisso em manter a sa\u00fade p\u00fablica de Bras\u00edlia como refer\u00eancia para o pa\u00eds. &#8220;Sa\u00fade \u00e9 prioridade. Nosso trabalho \u00e9 garantir que cada cidad\u00e3o tenha acesso ao melhor atendimento poss\u00edvel&#8221;, costuma enfatizar o governador.<\/p>\n<p>Se esses esfor\u00e7os continuar\u00e3o a colocar Bras\u00edlia no topo da sa\u00fade p\u00fablica nacional, s\u00f3 o tempo dir\u00e1. Mas, para os brasilienses, os resultados j\u00e1 s\u00e3o evidentes no dia a dia.<\/p>\n","protected":false},"excerpt":{"rendered":"<p>Bras\u00edlia segue destacando-se no cen\u00e1rio nacional como refer\u00eancia em sa\u00fade p\u00fablica, gra\u00e7as aos investimentos robustos realizados pelo governador Ibaneis Rocha. Reconhecida por oferecer um dos melhores sistemas de atendimento no Brasil, a cidade tem recebido aten\u00e7\u00e3o especial para manter e melhorar ainda mais a qualidade dos servi\u00e7os prestados \u00e0 popula\u00e7\u00e3o. Um exemplo: governo do Distrito [&hellip;]<\/p>\n","protected":false},"author":2,"featured_media":345179,"comment_status":"closed","ping_status":"closed","sticky":false,"template":"","format":"standard","meta":{"_acf_changed":false,"footnotes":""},"categories":[161],"tags":[95],"class_list":["post-345178","post","type-post","status-publish","format-standard","has-post-thumbnail","hentry","category-quadradinho-em-foco","tag-capa"],"acf":[],"_links":{"self":[{"href":"https:\/\/www.notibras.com\/site\/wp-json\/wp\/v2\/posts\/345178","targetHints":{"allow":["GET"]}}],"collection":[{"href":"https:\/\/www.notibras.com\/site\/wp-json\/wp\/v2\/posts"}],"about":[{"href":"https:\/\/www.notibras.com\/site\/wp-json\/wp\/v2\/types\/post"}],"author":[{"embeddable":true,"href":"https:\/\/www.notibras.com\/site\/wp-json\/wp\/v2\/users\/2"}],"replies":[{"embeddable":true,"href":"https:\/\/www.notibras.com\/site\/wp-json\/wp\/v2\/comments?post=345178"}],"version-history":[{"count":1,"href":"https:\/\/www.notibras.com\/site\/wp-json\/wp\/v2\/posts\/345178\/revisions"}],"predecessor-version":[{"id":345180,"href":"https:\/\/www.notibras.com\/site\/wp-json\/wp\/v2\/posts\/345178\/revisions\/345180"}],"wp:featuredmedia":[{"embeddable":true,"href":"https:\/\/www.notibras.com\/site\/wp-json\/wp\/v2\/media\/345179"}],"wp:attachment":[{"href":"https:\/\/www.notibras.com\/site\/wp-json\/wp\/v2\/media?parent=345178"}],"wp:term":[{"taxonomy":"category","embeddable":true,"href":"https:\/\/www.notibras.com\/site\/wp-json\/wp\/v2\/categories?post=345178"},{"taxonomy":"post_tag","embeddable":true,"href":"https:\/\/www.notibras.com\/site\/wp-json\/wp\/v2\/tags?post=345178"}],"curies":[{"name":"wp","href":"https:\/\/api.w.org\/{rel}","templated":true}]}}