{"id":345184,"date":"2025-01-10T00:17:14","date_gmt":"2025-01-10T03:17:14","guid":{"rendered":"https:\/\/www.notibras.com\/site\/?p=345184"},"modified":"2025-01-10T05:18:49","modified_gmt":"2025-01-10T08:18:49","slug":"comeca-temporada-com-oficinas-e-contacao-de-historias-nas-ferias","status":"publish","type":"post","link":"https:\/\/www.notibras.com\/site\/comeca-temporada-com-oficinas-e-contacao-de-historias-nas-ferias\/","title":{"rendered":"Come\u00e7a temporada com oficinas e conta\u00e7\u00e3o de hist\u00f3rias nas f\u00e9rias"},"content":{"rendered":"<p>Mais uma vez, o Museu de Arte de Bras\u00edlia (MAB) abre suas portas em janeiro para as crian\u00e7as que est\u00e3o em f\u00e9rias escolares. Por meio do projeto MAB Educativo, o equipamento p\u00fablico promove gratuitamente at\u00e9 29 de janeiro atividades voltadas para o p\u00fablico a partir de 3 anos. A programa\u00e7\u00e3o conta com oficinas, visita mediada e conta\u00e7\u00e3o de hist\u00f3rias.<\/p>\n<p>Sempre \u00e0s segundas, quartas e sextas e aos finais de semana, as atividades s\u00e3o variadas. As oficinas abrangem pintura, gravura, brincadeiras, escrita e jogos c\u00eanicos. Mais voltada aos pequenos, a conta\u00e7\u00e3o de hist\u00f3rias coloca as crian\u00e7as dentro do mundo m\u00e1gico da literatura. Al\u00e9m disso, h\u00e1 dois tipos de visitas mediadas na programa\u00e7\u00e3o: uma em ingl\u00eas pelo acervo do museu e outra no acervo de jogos.<\/p>\n<p>Mesmo que voltada para as crian\u00e7as, a programa\u00e7\u00e3o se expande para toda a fam\u00edlia. N\u00e3o \u00e9 necess\u00e1rio agendamento para participar das atividades, mas cada uma delas tem uma quantidade limitada de participantes. Uma equipe do educativo do MAB recebe os participantes.<\/p>\n<p>O evento ocorre com recursos do Fundo de Apoio \u00e0 Cultura (FAC), da Secretaria de Cultura e Economia Criativa (Secec-DF). \u201cOs projetos atendidos pelo FAC, caso do MAB Educativo, s\u00e3o selecionados por meio de edital, abrangendo diversos nichos culturais. Muitas dessas atividades s\u00e3o especialmente programadas para as f\u00e9rias, permitindo que moradores e visitantes da capital federal tenham a oportunidade de se aproximar ainda mais da arte e da cultura, aproveitando esse per\u00edodo para vivenciar experi\u00eancias culturais ricas e diversificadas\u201d, explica o secret\u00e1rio de Cultura e Economia Criativa, Claudio Abrantes.<\/p>\n<p>Ap\u00f3s ter ficado fechado por 14 anos, o MAB foi reaberto no anivers\u00e1rio de Bras\u00edlia, em 21 de abril de 2021. Localizado no Setor de Hot\u00e9is e Turismo Norte, entre a Concha Ac\u00fastica e o Pal\u00e1cio da Alvorada, o espa\u00e7o foi reformado por este GDF que investiu R$ 9 milh\u00f5es para recuperar e modernizar o equipamento p\u00fablico. Em 2024, o governo tamb\u00e9m incrementou a \u00e1rea ao redor do MAB, com a constru\u00e7\u00e3o de novas cal\u00e7adas, estacionamentos, paisagismo e uma pra\u00e7a, com investimento de R$ 8 milh\u00f5es.<\/p>\n<p><strong>Programa\u00e7\u00e3o<\/strong><br \/>\n\u21d2 Segunda-feira \u2013 Linguagens arti\u0301sticas: pintura<br \/>\n10h30 \u2013 Oficina de pintura infantil (a partir de 4 anos) \u2013 10 vagas<br \/>\n16h30 \u2013 Oficina de aquarela (a partir de 6 anos) \u2013 12 vagas<\/p>\n<p>\u21d2 Quarta-feira \u2013 Brincadeiras e jogos c\u00eanicos<br \/>\n10h30 \u2013 Oficina de brincadeiras populares (a partir de 4 anos) \u2013 12 vagas<br \/>\n16h30 \u2013 Oficina de jogos teatrais (a partir de 6 anos) \u2013 12 vagas<\/p>\n<p>\u21d2 Sexta-feira \u2013 Linguagens arti\u0301sticas: gravura<br \/>\n10h30 \u2013 Oficina de frotagem e carimbos (a partir de 4 anos) \u2013 12 vagas<br \/>\n16h30 \u2013 Oficina de stencil (a partir de 6 anos) \u2013 12 vagas<\/p>\n<p>\u21d2 Sa\u0301bado \u2013 Histo\u0301rias e narrativas<br \/>\n10h30 \u2013 Contac\u0327a\u0303o de histo\u0301rias (a partir de 3 anos)<br \/>\n14h \u2013 Visita mediada em ingle\u0302s<br \/>\n15h \u2013 Visita ao acervo com jogos<br \/>\n16h30 \u2013 Oficina de colagens contempora\u0302neas (6 anos) \u2013 12 vagas<\/p>\n<p>\u21d2 Domingo \u2013 Aventuras com escultura<br \/>\n10h30 \u2013 Contac\u0327a\u0303o de histo\u0301rias com massinha (a partir de 3 anos) \u2013 10 vagas<br \/>\n15h \u2013 Visita patrimonial com jogos<\/p>\n","protected":false},"excerpt":{"rendered":"<p>Mais uma vez, o Museu de Arte de Bras\u00edlia (MAB) abre suas portas em janeiro para as crian\u00e7as que est\u00e3o em f\u00e9rias escolares. Por meio do projeto MAB Educativo, o equipamento p\u00fablico promove gratuitamente at\u00e9 29 de janeiro atividades voltadas para o p\u00fablico a partir de 3 anos. A programa\u00e7\u00e3o conta com oficinas, visita mediada [&hellip;]<\/p>\n","protected":false},"author":2,"featured_media":345185,"comment_status":"closed","ping_status":"closed","sticky":false,"template":"","format":"standard","meta":{"_acf_changed":false,"footnotes":""},"categories":[161],"tags":[],"class_list":["post-345184","post","type-post","status-publish","format-standard","has-post-thumbnail","hentry","category-quadradinho-em-foco"],"acf":[],"_links":{"self":[{"href":"https:\/\/www.notibras.com\/site\/wp-json\/wp\/v2\/posts\/345184","targetHints":{"allow":["GET"]}}],"collection":[{"href":"https:\/\/www.notibras.com\/site\/wp-json\/wp\/v2\/posts"}],"about":[{"href":"https:\/\/www.notibras.com\/site\/wp-json\/wp\/v2\/types\/post"}],"author":[{"embeddable":true,"href":"https:\/\/www.notibras.com\/site\/wp-json\/wp\/v2\/users\/2"}],"replies":[{"embeddable":true,"href":"https:\/\/www.notibras.com\/site\/wp-json\/wp\/v2\/comments?post=345184"}],"version-history":[{"count":1,"href":"https:\/\/www.notibras.com\/site\/wp-json\/wp\/v2\/posts\/345184\/revisions"}],"predecessor-version":[{"id":345186,"href":"https:\/\/www.notibras.com\/site\/wp-json\/wp\/v2\/posts\/345184\/revisions\/345186"}],"wp:featuredmedia":[{"embeddable":true,"href":"https:\/\/www.notibras.com\/site\/wp-json\/wp\/v2\/media\/345185"}],"wp:attachment":[{"href":"https:\/\/www.notibras.com\/site\/wp-json\/wp\/v2\/media?parent=345184"}],"wp:term":[{"taxonomy":"category","embeddable":true,"href":"https:\/\/www.notibras.com\/site\/wp-json\/wp\/v2\/categories?post=345184"},{"taxonomy":"post_tag","embeddable":true,"href":"https:\/\/www.notibras.com\/site\/wp-json\/wp\/v2\/tags?post=345184"}],"curies":[{"name":"wp","href":"https:\/\/api.w.org\/{rel}","templated":true}]}}