{"id":345187,"date":"2025-01-10T04:22:25","date_gmt":"2025-01-10T07:22:25","guid":{"rendered":"https:\/\/www.notibras.com\/site\/?p=345187"},"modified":"2025-01-10T05:24:37","modified_gmt":"2025-01-10T08:24:37","slug":"novas-ubss-no-gama-brazlandia-e-santa-maria-atenderao-1-mil-200-pessoas-dia","status":"publish","type":"post","link":"https:\/\/www.notibras.com\/site\/novas-ubss-no-gama-brazlandia-e-santa-maria-atenderao-1-mil-200-pessoas-dia\/","title":{"rendered":"Novas UBSs no Gama, Brazl\u00e2ndia e Santa Maria atender\u00e3o 1 mil 200 pessoas\/dia"},"content":{"rendered":"<p>Brazl\u00e2ndia, Gama e Santa Maria ter\u00e3o amplia\u00e7\u00e3o no atendimento de sa\u00fade. A Novacap vai concluir em 2025 a constru\u00e7\u00e3o de quatro novas unidades b\u00e1sicas de sa\u00fade (UBSs) para ampliar a rede da Secretaria de Sa\u00fade (SES-DF), sendo duas em Brazl\u00e2ndia, uma no Gama e uma em Santa Maria. O investimento total \u00e9 de R$ 35,6 milh\u00f5es. Cada unidade foi projetada para atender, cada uma, at\u00e9 300 pacientes por dia.<\/p>\n<p>\u201cO governador Ibaneis Rocha pediu foco nessas obras para que possam refor\u00e7ar o quanto antes o atendimento em sa\u00fade \u00e0 nossa popula\u00e7\u00e3o. Essas novas unidades chegam para garantir maior acesso a uma infraestrutura de sa\u00fade cada vez mais adequada e de qualidade\u201d, afirma o presidente da Novacap, Fernando Leite.<\/p>\n<p>\u201cA entrega dessas unidades, com a estrutura moderna e os servi\u00e7os que elas oferecem, vai fortalecer a aten\u00e7\u00e3o prim\u00e1ria, promovendo um cuidado mais pr\u00f3ximo das pessoas e reduzindo a press\u00e3o sobre hospitais e unidades de urg\u00eancia. \u00c9 um passo fundamental para melhorar a sa\u00fade no DF\u201d, acrescenta a secret\u00e1ria de Sa\u00fade, Lucilene Flor\u00eancio.<\/p>\n<p><strong>Novas unidades<\/strong><br \/>\nA nova UBS de Santa Maria, localizada no com\u00e9rcio local 109, contar\u00e1 com recep\u00e7\u00e3o, consult\u00f3rios m\u00e9dicos e odontol\u00f3gicos, farm\u00e1cia e \u00e1reas para vacina\u00e7\u00e3o, medicamentos, curativos e inala\u00e7\u00e3o, al\u00e9m de setores t\u00e9cnicos e administrativos.<\/p>\n<p>J\u00e1 em Brazl\u00e2ndia, duas UBSs est\u00e3o em desenvolvimento, a do Incra 8 e a unidade de Chapadinha, que abrange espa\u00e7os como recep\u00e7\u00e3o, consult\u00f3rios multiprofissionais, farm\u00e1cia, \u00e1reas de vacina\u00e7\u00e3o e medica\u00e7\u00e3o, sala de curativos e setores administrativos.<\/p>\n<p>No Gama, a UBS da Ponte Alta vai contar com recep\u00e7\u00e3o, banheiros adaptados, frald\u00e1rio, farm\u00e1cia, consult\u00f3rios m\u00e9dicos e odontol\u00f3gicos, salas de imuniza\u00e7\u00e3o, espa\u00e7o de inala\u00e7\u00e3o, al\u00e9m de uma \u00e1rea t\u00e9cnica e um espa\u00e7o para agentes comunit\u00e1rios de sa\u00fade.<\/p>\n<p>\u201cEssas novas UBSs s\u00e3o um marco na amplia\u00e7\u00e3o e qualifica\u00e7\u00e3o da nossa rede p\u00fablica de sa\u00fade. Com o apoio da Novacap, estamos avan\u00e7ando em um processo importante de expans\u00e3o, garantindo que mais cidad\u00e3os tenham acesso a servi\u00e7os de sa\u00fade de qualidade. O investimento de R$ 35,6 milh\u00f5es reflete o compromisso do Governo do Distrito Federal com a melhoria cont\u00ednua do atendimento \u00e0 popula\u00e7\u00e3o e com a constru\u00e7\u00e3o de um sistema de sa\u00fade cada vez mais acess\u00edvel e eficiente\u201d, completa a secret\u00e1ria Lucilene Flor\u00eancio.<\/p>\n","protected":false},"excerpt":{"rendered":"<p>Brazl\u00e2ndia, Gama e Santa Maria ter\u00e3o amplia\u00e7\u00e3o no atendimento de sa\u00fade. A Novacap vai concluir em 2025 a constru\u00e7\u00e3o de quatro novas unidades b\u00e1sicas de sa\u00fade (UBSs) para ampliar a rede da Secretaria de Sa\u00fade (SES-DF), sendo duas em Brazl\u00e2ndia, uma no Gama e uma em Santa Maria. O investimento total \u00e9 de R$ 35,6 [&hellip;]<\/p>\n","protected":false},"author":2,"featured_media":345188,"comment_status":"closed","ping_status":"closed","sticky":false,"template":"","format":"standard","meta":{"_acf_changed":false,"footnotes":""},"categories":[161],"tags":[],"class_list":["post-345187","post","type-post","status-publish","format-standard","has-post-thumbnail","hentry","category-quadradinho-em-foco"],"acf":[],"_links":{"self":[{"href":"https:\/\/www.notibras.com\/site\/wp-json\/wp\/v2\/posts\/345187","targetHints":{"allow":["GET"]}}],"collection":[{"href":"https:\/\/www.notibras.com\/site\/wp-json\/wp\/v2\/posts"}],"about":[{"href":"https:\/\/www.notibras.com\/site\/wp-json\/wp\/v2\/types\/post"}],"author":[{"embeddable":true,"href":"https:\/\/www.notibras.com\/site\/wp-json\/wp\/v2\/users\/2"}],"replies":[{"embeddable":true,"href":"https:\/\/www.notibras.com\/site\/wp-json\/wp\/v2\/comments?post=345187"}],"version-history":[{"count":1,"href":"https:\/\/www.notibras.com\/site\/wp-json\/wp\/v2\/posts\/345187\/revisions"}],"predecessor-version":[{"id":345189,"href":"https:\/\/www.notibras.com\/site\/wp-json\/wp\/v2\/posts\/345187\/revisions\/345189"}],"wp:featuredmedia":[{"embeddable":true,"href":"https:\/\/www.notibras.com\/site\/wp-json\/wp\/v2\/media\/345188"}],"wp:attachment":[{"href":"https:\/\/www.notibras.com\/site\/wp-json\/wp\/v2\/media?parent=345187"}],"wp:term":[{"taxonomy":"category","embeddable":true,"href":"https:\/\/www.notibras.com\/site\/wp-json\/wp\/v2\/categories?post=345187"},{"taxonomy":"post_tag","embeddable":true,"href":"https:\/\/www.notibras.com\/site\/wp-json\/wp\/v2\/tags?post=345187"}],"curies":[{"name":"wp","href":"https:\/\/api.w.org\/{rel}","templated":true}]}}