{"id":345190,"date":"2025-01-10T00:07:56","date_gmt":"2025-01-10T03:07:56","guid":{"rendered":"https:\/\/www.notibras.com\/site\/?p=345190"},"modified":"2025-01-10T05:30:18","modified_gmt":"2025-01-10T08:30:18","slug":"restaurante-comunitario-amplia-oferta-de-refeicoes-no-riacho-fundo-ii","status":"publish","type":"post","link":"https:\/\/www.notibras.com\/site\/restaurante-comunitario-amplia-oferta-de-refeicoes-no-riacho-fundo-ii\/","title":{"rendered":"Restaurante Comunit\u00e1rio amplia oferta de refei\u00e7\u00f5es no Riacho Fundo II"},"content":{"rendered":"<p>A partir desta sexta-feira (10), o Restaurante Comunit\u00e1rio do Riacho Fundo II ampliar\u00e1 sua oferta de refei\u00e7\u00f5es. Agora, al\u00e9m do tradicional almo\u00e7o, o local passa a servir caf\u00e9 da manh\u00e3 e jantar, com funcionamento todos os dias da semana, incluindo domingos e feriados.<\/p>\n<p>\u201cOs restaurantes comunit\u00e1rios nos ajudam a levar alimenta\u00e7\u00e3o de qualidade para a nossa popula\u00e7\u00e3o, principalmente, para quem est\u00e1 em situa\u00e7\u00e3o mais dif\u00edcil. \u00c9 uma maneira de garantir que as pessoas possam fazer as tr\u00eas principais refei\u00e7\u00f5es do dia por um pre\u00e7o simb\u00f3lico. \u00c9 uma iniciativa que nos orgulha muito\u201d, afirma a governadora em exerc\u00edcio Celina Le\u00e3o.<\/p>\n<p>\u201cO intuito \u00e9 que todos os restaurantes comunit\u00e1rios do DF ofere\u00e7am tr\u00eas refei\u00e7\u00f5es di\u00e1rias, funcionando diariamente\u201d, afirma a secret\u00e1ria de Desenvolvimento Social, Ana Paula Marra. \u201cEsse \u00e9 um dos compromissos do Governo do Distrito Federal: fortalecer a seguran\u00e7a alimentar e nutricional, garantindo alimentos balanceados e acess\u00edveis para aqueles que mais precisam\u201d, complementa.<\/p>\n<p>Anteriormente, o espa\u00e7o aceitava apenas dinheiro e Pix como formas de pagamento das refei\u00e7\u00f5es. Com a amplia\u00e7\u00e3o dos servi\u00e7os, a popula\u00e7\u00e3o poder\u00e1 utilizar tamb\u00e9m cart\u00e3o de cr\u00e9dito, d\u00e9bito, Cart\u00e3o Prato Cheio e o Cart\u00e3o DF Social.<\/p>\n<p>O Restaurante Comunit\u00e1rio do Riacho Fundo II \u00e9 o 13\u00ba equipamento a oferecer caf\u00e9 da manh\u00e3, almo\u00e7o e jantar, funcionando todos os dias, inclusive aos domingos e feriados. Os valores das refei\u00e7\u00f5es s\u00e3o: R$ 0,50 para o caf\u00e9 da manh\u00e3, R$ 1 para o almo\u00e7o e R$ 0,50 para o jantar.<\/p>\n<p>A solenidade de reabertura do restaurante est\u00e1 marcada a partir das 11h. Toda a popula\u00e7\u00e3o da regi\u00e3o est\u00e1 convidada para o evento e tamb\u00e9m para saborear a tradicional feijoada, acompanhada de farofa de couve, vinagrete, arroz branco, feij\u00e3o carioca, suco e laranja como sobremesa.<\/p>\n<p><strong>Reabertura<\/strong><br \/>\nData: sexta-feira (10)<br \/>\nHor\u00e1rio: a partir das 11h<br \/>\nEndere\u00e7o: \u01eauadra 10 \u2013 Conjunto 01 \u2013 Lote 01 \u2013 Riacho Fundo II<\/p>\n","protected":false},"excerpt":{"rendered":"<p>A partir desta sexta-feira (10), o Restaurante Comunit\u00e1rio do Riacho Fundo II ampliar\u00e1 sua oferta de refei\u00e7\u00f5es. Agora, al\u00e9m do tradicional almo\u00e7o, o local passa a servir caf\u00e9 da manh\u00e3 e jantar, com funcionamento todos os dias da semana, incluindo domingos e feriados. \u201cOs restaurantes comunit\u00e1rios nos ajudam a levar alimenta\u00e7\u00e3o de qualidade para a [&hellip;]<\/p>\n","protected":false},"author":2,"featured_media":345191,"comment_status":"closed","ping_status":"closed","sticky":false,"template":"","format":"standard","meta":{"_acf_changed":false,"footnotes":""},"categories":[161],"tags":[],"class_list":["post-345190","post","type-post","status-publish","format-standard","has-post-thumbnail","hentry","category-quadradinho-em-foco"],"acf":[],"_links":{"self":[{"href":"https:\/\/www.notibras.com\/site\/wp-json\/wp\/v2\/posts\/345190","targetHints":{"allow":["GET"]}}],"collection":[{"href":"https:\/\/www.notibras.com\/site\/wp-json\/wp\/v2\/posts"}],"about":[{"href":"https:\/\/www.notibras.com\/site\/wp-json\/wp\/v2\/types\/post"}],"author":[{"embeddable":true,"href":"https:\/\/www.notibras.com\/site\/wp-json\/wp\/v2\/users\/2"}],"replies":[{"embeddable":true,"href":"https:\/\/www.notibras.com\/site\/wp-json\/wp\/v2\/comments?post=345190"}],"version-history":[{"count":1,"href":"https:\/\/www.notibras.com\/site\/wp-json\/wp\/v2\/posts\/345190\/revisions"}],"predecessor-version":[{"id":345192,"href":"https:\/\/www.notibras.com\/site\/wp-json\/wp\/v2\/posts\/345190\/revisions\/345192"}],"wp:featuredmedia":[{"embeddable":true,"href":"https:\/\/www.notibras.com\/site\/wp-json\/wp\/v2\/media\/345191"}],"wp:attachment":[{"href":"https:\/\/www.notibras.com\/site\/wp-json\/wp\/v2\/media?parent=345190"}],"wp:term":[{"taxonomy":"category","embeddable":true,"href":"https:\/\/www.notibras.com\/site\/wp-json\/wp\/v2\/categories?post=345190"},{"taxonomy":"post_tag","embeddable":true,"href":"https:\/\/www.notibras.com\/site\/wp-json\/wp\/v2\/tags?post=345190"}],"curies":[{"name":"wp","href":"https:\/\/api.w.org\/{rel}","templated":true}]}}