{"id":345193,"date":"2025-01-10T00:00:20","date_gmt":"2025-01-10T03:00:20","guid":{"rendered":"https:\/\/www.notibras.com\/site\/?p=345193"},"modified":"2025-01-10T05:37:12","modified_gmt":"2025-01-10T08:37:12","slug":"conferencia-reune-sociedade-para-discutir-preservacao-ambiental","status":"publish","type":"post","link":"https:\/\/www.notibras.com\/site\/conferencia-reune-sociedade-para-discutir-preservacao-ambiental\/","title":{"rendered":"Confer\u00eancia re\u00fane sociedade para discutir preserva\u00e7\u00e3o ambiental"},"content":{"rendered":"<p>Est\u00e1 marcada para o dia 24 deste m\u00eas, das 13h \u00e0s 19h, a 5\u00aa Confer\u00eancia do Meio Ambiente das Regi\u00f5es Administrativas do Distrito Federal. O evento online funciona como uma etapa preparat\u00f3ria para a Confer\u00eancia Distrital do Meio Ambiente, que ocorrer\u00e1 entre 22 e 23 de fevereiro, em formato presencial. O objetivo principal da confer\u00eancia \u00e9 incentivar a ampla participa\u00e7\u00e3o popular na cria\u00e7\u00e3o de propostas para enfrentar os desafios clim\u00e1ticos, al\u00e9m de eleger os delegados que representar\u00e3o o DF na etapa distrital.<\/p>\n<p>O Distrito Federal possui uma configura\u00e7\u00e3o administrativa \u00fanica, pois n\u00e3o \u00e9 um estado nem possui munic\u00edpios. Para a confer\u00eancia distrital, as RAs ser\u00e3o organizadas em blocos, levando em conta o n\u00edvel de maturidade de cada uma. Assim, garante-se que as propostas contemplem as diferentes realidades e necessidades locais.<\/p>\n<p>O secret\u00e1rio de Meio Ambiente, Gutemberg Gomes, ressaltou a relev\u00e2ncia do evento para o planejamento ambiental e a conscientiza\u00e7\u00e3o da sociedade. \u201cA confer\u00eancia \u00e9 uma oportunidade \u00fanica para reunirmos diversas vozes, compartilharmos ideias e construirmos juntos solu\u00e7\u00f5es que poder\u00e3o transformar a maneira como enfrentamos as mudan\u00e7as clim\u00e1ticas em nossa cidade\u201d, declarou.<\/p>\n<p>A mobiliza\u00e7\u00e3o para as confer\u00eancias regionais conta com o apoio do governo federal e de entidades como a Associa\u00e7\u00e3o Nacional de \u00d3rg\u00e3os Municipais de Meio Ambiente (Anamma), a Confedera\u00e7\u00e3o Nacional de Munic\u00edpios (CNM) e a Frente Nacional de Prefeitos (FNP), que integram a comiss\u00e3o organizadora da 5\u00aa Confer\u00eancia Nacional do Meio Ambiente (CNMA).<\/p>\n<p>\u201cA participa\u00e7\u00e3o dos munic\u00edpios nas confer\u00eancias do meio ambiente \u00e9 essencial por diversas raz\u00f5es. Primeiramente, os munic\u00edpios est\u00e3o mais pr\u00f3ximos da popula\u00e7\u00e3o e, portanto, possuem um entendimento mais profundo das realidades locais e das necessidades espec\u00edficas de suas comunidades. Essa proximidade permite que as a\u00e7\u00f5es e pol\u00edticas ambientais sejam implementadas de forma mais eficaz\u201d, explicou Marina Silva, ministra do Meio Ambiente e Mudan\u00e7a do Clima.<\/p>\n<p><strong>Sobre a confer\u00eancia<\/strong><br \/>\nOs participantes ter\u00e3o a oportunidade de apresentar propostas para combater os fatores que contribuem para a emerg\u00eancia clim\u00e1tica, dentro dos cinco eixos definidos pela 5\u00aa CNMA: mitiga\u00e7\u00e3o, adapta\u00e7\u00e3o e prepara\u00e7\u00e3o para desastres, justi\u00e7a clim\u00e1tica e transforma\u00e7\u00e3o ecol\u00f3gica, al\u00e9m de governan\u00e7a e educa\u00e7\u00e3o ambiental.<\/p>\n<p>Qualquer pessoa brasileira com mais de 16 anos pode participar da confer\u00eancia e votar nos delegados. No caso do Distrito Federal, as propostas priorizadas ser\u00e3o enviadas \u00e0 comiss\u00e3o organizadora Distrital e inclu\u00eddas no caderno de propostas, que ser\u00e1 debatido na confer\u00eancia distrital. As RAs participantes das confer\u00eancias tamb\u00e9m poder\u00e3o influenciar as pol\u00edticas distrital, estaduais e nacionais de meio ambiente.<\/p>\n<p>As inscri\u00e7\u00f5es para a Confer\u00eancia Distrital podem ser realizadas no site oficial da 5\u00aa Confer\u00eancia Nacional do Meio Ambiente.<\/p>\n<p><strong>Benef\u00edcios<\/strong><br \/>\nA participa\u00e7\u00e3o nas confer\u00eancias ambientais oferece diversos benef\u00edcios, tanto para as regi\u00f5es administrativas quanto para os indiv\u00edduos envolvidos.<\/p>\n<p>\u2022 Acesso a conhecimento e inova\u00e7\u00e3o: As confer\u00eancias oferecem uma plataforma para gestores e t\u00e9cnicos se capacitarem, adquirindo novas habilidades e conhecimentos sobre gest\u00e3o ambiental.<\/p>\n<p>\u2022 Fortalecimento da governan\u00e7a ambiental local: Ao envolver governo, sociedade civil e setor privado, as confer\u00eancias promovem a constru\u00e7\u00e3o de pol\u00edticas p\u00fablicas mais alinhadas com as necessidades e expectativas da popula\u00e7\u00e3o.<\/p>\n<p>\u2022 Influ\u00eancia em pol\u00edticas p\u00fablicas: As ideias e solu\u00e7\u00f5es propostas pelas RAs podem impactar pol\u00edticas ambientais em escala distrital e nacional.<\/p>\n","protected":false},"excerpt":{"rendered":"<p>Est\u00e1 marcada para o dia 24 deste m\u00eas, das 13h \u00e0s 19h, a 5\u00aa Confer\u00eancia do Meio Ambiente das Regi\u00f5es Administrativas do Distrito Federal. O evento online funciona como uma etapa preparat\u00f3ria para a Confer\u00eancia Distrital do Meio Ambiente, que ocorrer\u00e1 entre 22 e 23 de fevereiro, em formato presencial. O objetivo principal da confer\u00eancia [&hellip;]<\/p>\n","protected":false},"author":2,"featured_media":345194,"comment_status":"closed","ping_status":"closed","sticky":false,"template":"","format":"standard","meta":{"_acf_changed":false,"footnotes":""},"categories":[161],"tags":[],"class_list":["post-345193","post","type-post","status-publish","format-standard","has-post-thumbnail","hentry","category-quadradinho-em-foco"],"acf":[],"_links":{"self":[{"href":"https:\/\/www.notibras.com\/site\/wp-json\/wp\/v2\/posts\/345193","targetHints":{"allow":["GET"]}}],"collection":[{"href":"https:\/\/www.notibras.com\/site\/wp-json\/wp\/v2\/posts"}],"about":[{"href":"https:\/\/www.notibras.com\/site\/wp-json\/wp\/v2\/types\/post"}],"author":[{"embeddable":true,"href":"https:\/\/www.notibras.com\/site\/wp-json\/wp\/v2\/users\/2"}],"replies":[{"embeddable":true,"href":"https:\/\/www.notibras.com\/site\/wp-json\/wp\/v2\/comments?post=345193"}],"version-history":[{"count":1,"href":"https:\/\/www.notibras.com\/site\/wp-json\/wp\/v2\/posts\/345193\/revisions"}],"predecessor-version":[{"id":345195,"href":"https:\/\/www.notibras.com\/site\/wp-json\/wp\/v2\/posts\/345193\/revisions\/345195"}],"wp:featuredmedia":[{"embeddable":true,"href":"https:\/\/www.notibras.com\/site\/wp-json\/wp\/v2\/media\/345194"}],"wp:attachment":[{"href":"https:\/\/www.notibras.com\/site\/wp-json\/wp\/v2\/media?parent=345193"}],"wp:term":[{"taxonomy":"category","embeddable":true,"href":"https:\/\/www.notibras.com\/site\/wp-json\/wp\/v2\/categories?post=345193"},{"taxonomy":"post_tag","embeddable":true,"href":"https:\/\/www.notibras.com\/site\/wp-json\/wp\/v2\/tags?post=345193"}],"curies":[{"name":"wp","href":"https:\/\/api.w.org\/{rel}","templated":true}]}}