{"id":345196,"date":"2025-01-10T00:00:42","date_gmt":"2025-01-10T03:00:42","guid":{"rendered":"https:\/\/www.notibras.com\/site\/?p=345196"},"modified":"2025-01-10T05:42:19","modified_gmt":"2025-01-10T08:42:19","slug":"agua-quente-recebe-acao-integrada-de-combate-a-dengue","status":"publish","type":"post","link":"https:\/\/www.notibras.com\/site\/agua-quente-recebe-acao-integrada-de-combate-a-dengue\/","title":{"rendered":"\u00c1gua Quente recebe a\u00e7\u00e3o integrada de combate \u00e0 dengue"},"content":{"rendered":"<p>Dando continuidade \u00e0s a\u00e7\u00f5es de combate \u00e0 dengue nas regi\u00f5es administrativas, o Governo do Distrito Federal (GDF) promoveu em \u00c1gua Quente, nesta quinta-feira (9), uma a\u00e7\u00e3o conjunta entre \u00f3rg\u00e3os do Executivo para conscientizar os moradores da cidade sobre a import\u00e2ncia de prevenir a prolifera\u00e7\u00e3o do Aedes aegypti \u2013 mosquito transmissor da doen\u00e7a.<\/p>\n<p>Ao longo do dia, equipes da Secretaria de Sa\u00fade (SES-DF), da Secretaria de Prote\u00e7\u00e3o \u00e0 Ordem Urban\u00edstica do DF (DF Legal), da Administra\u00e7\u00e3o Regional de \u00c1gua Quente e do Servi\u00e7o de Limpeza Urbana (SLU) percorreram as ruas da cidade orientando a popula\u00e7\u00e3o sobre os cuidados com a forma\u00e7\u00e3o de focos do mosquito e sobre os dias e hor\u00e1rios corretos das coletas de lixo e entulhos. Na ocasi\u00e3o, caminh\u00f5es tamb\u00e9m recolheram os inserv\u00edveis deixados pelos moradores na porta das casas.<\/p>\n<p>\u201cA a\u00e7\u00e3o come\u00e7ou ainda na ter\u00e7a-feira (7), quando passamos de casa em casa alertando os moradores para colocarem os inserv\u00edveis fora das resid\u00eancias. A partir desta quinta, a equipe do SLU ficar\u00e1 aqui por tr\u00eas dias, junto com a DF Legal, recolhendo esses materiais e refor\u00e7ando a orienta\u00e7\u00e3o sobre a import\u00e2ncia da limpeza dos lotes e da preven\u00e7\u00e3o contra a dengue\u201d, detalhou a administradora regional de \u00c1gua Quente, L\u00facia Gomes.<\/p>\n<p>Segundo a gestora, esta \u00e9 a quarta a\u00e7\u00e3o de combate \u00e0 dengue executada na cidade nos \u00faltimos meses. \u201cNo ano passado, foram tr\u00eas mobiliza\u00e7\u00f5es com resultados muito positivos, uma redu\u00e7\u00e3o significativa nos casos de dengue. Este ano, estamos refor\u00e7ando o trabalho para manter os \u00edndices baixos e a popula\u00e7\u00e3o tem aderido bem, colocando os materiais fora de casa e recebendo as equipes de maneira muito acolhedora\u201d, prosseguiu.<\/p>\n<p>O coordenador do SLU na a\u00e7\u00e3o, Ant\u00f4nio Portela, afirma que a expectativa \u00e9 retirar seis toneladas de inserv\u00edveis das ruas da cidade. \u201cEstamos com 20 colaboradores trabalhando na opera\u00e7\u00e3o, fazendo varri\u00e7\u00e3o, cata\u00e7\u00e3o, recolhimento, coleta manual e mecanizada. Tamb\u00e9m estamos usando quatro ca\u00e7ambas para recolher materiais como sof\u00e1s, pneus velhos e outros inserv\u00edveis descartados irregularmente. Essa opera\u00e7\u00e3o \u00e9 muito importante porque tudo isso pode se tornar um foco do mosquito da dengue, que \u00e9 extremamente perigoso\u201d, explicou.<\/p>\n<p><strong>Dengue em n\u00fameros<\/strong><br \/>\nO ano de 2025 come\u00e7ou com queda dos casos de dengue no Distrito Federal. A primeira semana de janeiro registrou 196 casos prov\u00e1veis, o que representa uma redu\u00e7\u00e3o de 97,6% em rela\u00e7\u00e3o ao ano passado. No mesmo per\u00edodo de 2024, a capital j\u00e1 tinha 8.228, e, no ano anterior, 711 registros. Os dados foram divulgados pelo Governo do Distrito Federal (GDF) em coletiva de imprensa no Pal\u00e1cio do Buriti.<\/p>\n<p>Para manter os n\u00fameros em queda e a popula\u00e7\u00e3o segura, o GDF refor\u00e7ou as contrata\u00e7\u00f5es e a capacidade de trabalho. O n\u00famero de agentes de vigil\u00e2ncia ambiental (AVAs) passou de 415 para 915, enquanto o de agentes comunit\u00e1rios de sa\u00fade (ACSs) saltou de 800 para 1,2 mil. Os auditores na linha de frente tamb\u00e9m aumentaram, de 81 para 131. A Defesa Civil tamb\u00e9m ampliou o n\u00famero de agentes de 70 para 109, com uma dupla destacada para cada uma das regi\u00f5es administrativas do DF.<\/p>\n<p>O investimento em tecnologia tamb\u00e9m foi ampliado, com o uso de drones e a implementa\u00e7\u00e3o do aplicativo com georreferenciamento dos focos da doen\u00e7a. Trata-se do app eVisitas, utilizado pelos agentes para fazer o controle vetorial digitalmente com o apoio de 657 smartphones. O n\u00famero de esta\u00e7\u00f5es disseminadoras de larvicida (EDLs), as chamadas armadilhas, passou de 2,3 mil para cerca de 4 mil este ano. Ap\u00f3s a instala\u00e7\u00e3o no Sol Nascente\/P\u00f4r do Sol, as armadilhas chegar\u00e3o \u00e0 \u00c1gua Quente e ao Recanto das Emas. Tamb\u00e9m ser\u00e1 ampliado o uso de ovitrampas, com um total de 6 mil em 2025.<\/p>\n","protected":false},"excerpt":{"rendered":"<p>Dando continuidade \u00e0s a\u00e7\u00f5es de combate \u00e0 dengue nas regi\u00f5es administrativas, o Governo do Distrito Federal (GDF) promoveu em \u00c1gua Quente, nesta quinta-feira (9), uma a\u00e7\u00e3o conjunta entre \u00f3rg\u00e3os do Executivo para conscientizar os moradores da cidade sobre a import\u00e2ncia de prevenir a prolifera\u00e7\u00e3o do Aedes aegypti \u2013 mosquito transmissor da doen\u00e7a. Ao longo do [&hellip;]<\/p>\n","protected":false},"author":2,"featured_media":345197,"comment_status":"closed","ping_status":"closed","sticky":false,"template":"","format":"standard","meta":{"_acf_changed":false,"footnotes":""},"categories":[161],"tags":[],"class_list":["post-345196","post","type-post","status-publish","format-standard","has-post-thumbnail","hentry","category-quadradinho-em-foco"],"acf":[],"_links":{"self":[{"href":"https:\/\/www.notibras.com\/site\/wp-json\/wp\/v2\/posts\/345196","targetHints":{"allow":["GET"]}}],"collection":[{"href":"https:\/\/www.notibras.com\/site\/wp-json\/wp\/v2\/posts"}],"about":[{"href":"https:\/\/www.notibras.com\/site\/wp-json\/wp\/v2\/types\/post"}],"author":[{"embeddable":true,"href":"https:\/\/www.notibras.com\/site\/wp-json\/wp\/v2\/users\/2"}],"replies":[{"embeddable":true,"href":"https:\/\/www.notibras.com\/site\/wp-json\/wp\/v2\/comments?post=345196"}],"version-history":[{"count":1,"href":"https:\/\/www.notibras.com\/site\/wp-json\/wp\/v2\/posts\/345196\/revisions"}],"predecessor-version":[{"id":345198,"href":"https:\/\/www.notibras.com\/site\/wp-json\/wp\/v2\/posts\/345196\/revisions\/345198"}],"wp:featuredmedia":[{"embeddable":true,"href":"https:\/\/www.notibras.com\/site\/wp-json\/wp\/v2\/media\/345197"}],"wp:attachment":[{"href":"https:\/\/www.notibras.com\/site\/wp-json\/wp\/v2\/media?parent=345196"}],"wp:term":[{"taxonomy":"category","embeddable":true,"href":"https:\/\/www.notibras.com\/site\/wp-json\/wp\/v2\/categories?post=345196"},{"taxonomy":"post_tag","embeddable":true,"href":"https:\/\/www.notibras.com\/site\/wp-json\/wp\/v2\/tags?post=345196"}],"curies":[{"name":"wp","href":"https:\/\/api.w.org\/{rel}","templated":true}]}}