{"id":345222,"date":"2025-01-10T06:59:33","date_gmt":"2025-01-10T09:59:33","guid":{"rendered":"https:\/\/www.notibras.com\/site\/?p=345222"},"modified":"2025-01-10T06:59:33","modified_gmt":"2025-01-10T09:59:33","slug":"centrao-joga-agua-nas-beiradas-para-ter-mais-influencia-no-nordeste","status":"publish","type":"post","link":"https:\/\/www.notibras.com\/site\/centrao-joga-agua-nas-beiradas-para-ter-mais-influencia-no-nordeste\/","title":{"rendered":"Centr\u00e3o joga \u00e1gua nas beiradas para ter mais influ\u00eancia no Nordeste"},"content":{"rendered":"<p>O Centr\u00e3o tem demonstrado sua habilidade de adapta\u00e7\u00e3o e articula\u00e7\u00e3o ao intensificar suas a\u00e7\u00f5es no Nordeste, uma regi\u00e3o historicamente ligada ao lulismo. Com a estrat\u00e9gia de avan\u00e7o &#8220;pelas beiradas&#8221;, como sugere a met\u00e1fora, o grupo est\u00e1 fincando ra\u00edzes em munic\u00edpios menores e utilizando lideran\u00e7as locais para criar uma base s\u00f3lida que possa ser mobilizada nas pr\u00f3ximas elei\u00e7\u00f5es gerais &#8211; presid\u00eancia, governos, senadores e deputados federais.<\/p>\n<p>A estrat\u00e9gia \u00e9 clara: enquanto o Nordeste continua sendo um dos maiores redutos de apoio ao presidente Lula, o Centr\u00e3o busca espa\u00e7os onde o lulismo possa apresentar fragilidades, seja por falta de investimentos locais, crises administrativas ou insatisfa\u00e7\u00f5es com os rumos que o Pal\u00e1cio do Planalto est\u00e1 dando \u00e0 regi\u00e3o. O objetivo \u00e9 tra\u00e7ar o caminho para construir uma candidatura que possa rivalizar com o dom\u00ednio petista.<\/p>\n<p>Esse movimento, entretanto, n\u00e3o se d\u00e1 apenas com discursos ou promessas. O Centr\u00e3o tem apostado em alian\u00e7as pragm\u00e1ticas, usando a m\u00e1quina p\u00fablica em n\u00edveis estaduais e municipais para fortalecer suas bases. Programas sociais, obras de infraestrutura e presen\u00e7a ativa de parlamentares t\u00eam sido os instrumentos dessa expans\u00e3o. Em muitos casos, essa aproxima\u00e7\u00e3o se d\u00e1 de maneira silenciosa, quase despercebida pelo grande p\u00fablico, mas j\u00e1 vis\u00edvel para analistas pol\u00edticos.<\/p>\n<p>A sucess\u00e3o de Lula, que ainda parece distante para muitos, j\u00e1 est\u00e1 no radar do Centr\u00e3o. A inten\u00e7\u00e3o n\u00e3o \u00e9 apenas conquistar votos, mas minar aos poucos a hegemonia petista no Nordeste, tornando a regi\u00e3o mais disputada em um futuro cen\u00e1rio eleitoral. Resta saber se uma estrat\u00e9gia ser\u00e1 suficiente para romper com a conex\u00e3o hist\u00f3rica entre o lulismo e o Nordeste, uma rela\u00e7\u00e3o constru\u00edda ao longo de d\u00e9cadas de discursos, pol\u00edticas p\u00fablicas e ideais comuns.<\/p>\n<p>Se o Centr\u00e3o ter\u00e1 sucesso em sua empreitada, o tempo dir\u00e1. Por enquanto, o que se observa \u00e9 um jogo pol\u00edtico em que as margens est\u00e3o se tornando o novo campo de batalha, com promessas de um futuro eleitoral t\u00e3o imprevis\u00edvel quanto os caminhos sinuosos do Sert\u00e3o.<\/p>\n","protected":false},"excerpt":{"rendered":"<p>O Centr\u00e3o tem demonstrado sua habilidade de adapta\u00e7\u00e3o e articula\u00e7\u00e3o ao intensificar suas a\u00e7\u00f5es no Nordeste, uma regi\u00e3o historicamente ligada ao lulismo. Com a estrat\u00e9gia de avan\u00e7o &#8220;pelas beiradas&#8221;, como sugere a met\u00e1fora, o grupo est\u00e1 fincando ra\u00edzes em munic\u00edpios menores e utilizando lideran\u00e7as locais para criar uma base s\u00f3lida que possa ser mobilizada nas [&hellip;]<\/p>\n","protected":false},"author":2,"featured_media":272705,"comment_status":"closed","ping_status":"closed","sticky":false,"template":"","format":"standard","meta":{"_acf_changed":false,"footnotes":""},"categories":[165],"tags":[],"class_list":["post-345222","post","type-post","status-publish","format-standard","has-post-thumbnail","hentry","category-nordeste"],"acf":[],"_links":{"self":[{"href":"https:\/\/www.notibras.com\/site\/wp-json\/wp\/v2\/posts\/345222","targetHints":{"allow":["GET"]}}],"collection":[{"href":"https:\/\/www.notibras.com\/site\/wp-json\/wp\/v2\/posts"}],"about":[{"href":"https:\/\/www.notibras.com\/site\/wp-json\/wp\/v2\/types\/post"}],"author":[{"embeddable":true,"href":"https:\/\/www.notibras.com\/site\/wp-json\/wp\/v2\/users\/2"}],"replies":[{"embeddable":true,"href":"https:\/\/www.notibras.com\/site\/wp-json\/wp\/v2\/comments?post=345222"}],"version-history":[{"count":1,"href":"https:\/\/www.notibras.com\/site\/wp-json\/wp\/v2\/posts\/345222\/revisions"}],"predecessor-version":[{"id":345223,"href":"https:\/\/www.notibras.com\/site\/wp-json\/wp\/v2\/posts\/345222\/revisions\/345223"}],"wp:featuredmedia":[{"embeddable":true,"href":"https:\/\/www.notibras.com\/site\/wp-json\/wp\/v2\/media\/272705"}],"wp:attachment":[{"href":"https:\/\/www.notibras.com\/site\/wp-json\/wp\/v2\/media?parent=345222"}],"wp:term":[{"taxonomy":"category","embeddable":true,"href":"https:\/\/www.notibras.com\/site\/wp-json\/wp\/v2\/categories?post=345222"},{"taxonomy":"post_tag","embeddable":true,"href":"https:\/\/www.notibras.com\/site\/wp-json\/wp\/v2\/tags?post=345222"}],"curies":[{"name":"wp","href":"https:\/\/api.w.org\/{rel}","templated":true}]}}