{"id":345226,"date":"2025-01-10T06:21:07","date_gmt":"2025-01-10T09:21:07","guid":{"rendered":"https:\/\/www.notibras.com\/site\/?p=345226"},"modified":"2025-01-10T07:27:24","modified_gmt":"2025-01-10T10:27:24","slug":"345226-2","status":"publish","type":"post","link":"https:\/\/www.notibras.com\/site\/345226-2\/","title":{"rendered":"Minho, menino-g\u00eanio de Casa Forte, j\u00e1 sonhava alto debaixo das mangueiras"},"content":{"rendered":"<p>Minho, o pequeno g\u00eanio de Casa Forte no final da d\u00e9cada de 50 do s\u00e9culo passado, era o tipo de garoto que transformava qualquer quintal em um laborat\u00f3rio de ideias. Entre as mangueiras do grande terreno, ele reunia irm\u00e3os, primos e vizinhos para sess\u00f5es improvisadas de perguntas e respostas.<\/p>\n<p>A brincadeira, embora simples, j\u00e1 revelava o esp\u00edrito inquieto e curioso que o acompanharia por toda a vida. Uma estrada que o levou do Recife para Bras\u00edlia, fazendo dele um candango com sangue pernambucano.<\/p>\n<p>&#8220;Por que a lagartixa anda no teto das casas?&#8221; \u2014 disparou Minho em certa tarde, olhos brilhando de expectativa.<\/p>\n<p>O grupo, perplexo, se entreolhou. N\u00e3o era a primeira vez que ele lan\u00e7ava um desafio aparentemente trivial, mas que escondia uma l\u00f3gica desconcertante. O sil\u00eancio reinava.<\/p>\n<p>Minho, com a paci\u00eancia de quem espera a eclos\u00e3o de uma ideia, deu tempo aos amigos. Mas, percebendo que ningu\u00e9m ousaria arriscar, ergueu-se como um pequeno professor e, com a solenidade de um cientista, anunciou:<\/p>\n<p>&#8220;\u00c9 porque o teto \u00e9 o ch\u00e3o da lagartixa!&#8221;<\/p>\n<p>A gargalhada coletiva foi inevit\u00e1vel, mas tamb\u00e9m de pura admira\u00e7\u00e3o. A simplicidade da resposta, t\u00e3o \u00f3bvia e ao mesmo tempo t\u00e3o genial, era o retrato fiel de Minho.<\/p>\n<p>Hoje, j\u00e1 aposentado de uma carreira brilhante como engenheiro florestal, Minho ainda relembra essa e outras passagens da inf\u00e2ncia. Para ele, a capacidade de ver o mundo de cabe\u00e7a para baixo \u2014 ou de aceitar que, \u00e0s vezes, o ch\u00e3o muda de lugar \u2014 foi o que o fez crescer.<\/p>\n<p>&#8220;\u00c9 tudo uma quest\u00e3o de perspectiva&#8221;, costuma dizer. E quem o conhece sabe que ele aprendeu isso muito antes de estudar f\u00edsica ou biologia. Afinal, Minho era o tipo de menino que, mesmo embaixo de uma mangueira, j\u00e1 sonhava com as alturas \u2014 ou com os tetos.<\/p>\n","protected":false},"excerpt":{"rendered":"<p>Minho, o pequeno g\u00eanio de Casa Forte no final da d\u00e9cada de 50 do s\u00e9culo passado, era o tipo de garoto que transformava qualquer quintal em um laborat\u00f3rio de ideias. Entre as mangueiras do grande terreno, ele reunia irm\u00e3os, primos e vizinhos para sess\u00f5es improvisadas de perguntas e respostas. A brincadeira, embora simples, j\u00e1 revelava [&hellip;]<\/p>\n","protected":false},"author":2,"featured_media":345227,"comment_status":"closed","ping_status":"closed","sticky":false,"template":"","format":"standard","meta":{"_acf_changed":false,"footnotes":""},"categories":[165],"tags":[],"class_list":["post-345226","post","type-post","status-publish","format-standard","has-post-thumbnail","hentry","category-nordeste"],"acf":[],"_links":{"self":[{"href":"https:\/\/www.notibras.com\/site\/wp-json\/wp\/v2\/posts\/345226","targetHints":{"allow":["GET"]}}],"collection":[{"href":"https:\/\/www.notibras.com\/site\/wp-json\/wp\/v2\/posts"}],"about":[{"href":"https:\/\/www.notibras.com\/site\/wp-json\/wp\/v2\/types\/post"}],"author":[{"embeddable":true,"href":"https:\/\/www.notibras.com\/site\/wp-json\/wp\/v2\/users\/2"}],"replies":[{"embeddable":true,"href":"https:\/\/www.notibras.com\/site\/wp-json\/wp\/v2\/comments?post=345226"}],"version-history":[{"count":3,"href":"https:\/\/www.notibras.com\/site\/wp-json\/wp\/v2\/posts\/345226\/revisions"}],"predecessor-version":[{"id":345230,"href":"https:\/\/www.notibras.com\/site\/wp-json\/wp\/v2\/posts\/345226\/revisions\/345230"}],"wp:featuredmedia":[{"embeddable":true,"href":"https:\/\/www.notibras.com\/site\/wp-json\/wp\/v2\/media\/345227"}],"wp:attachment":[{"href":"https:\/\/www.notibras.com\/site\/wp-json\/wp\/v2\/media?parent=345226"}],"wp:term":[{"taxonomy":"category","embeddable":true,"href":"https:\/\/www.notibras.com\/site\/wp-json\/wp\/v2\/categories?post=345226"},{"taxonomy":"post_tag","embeddable":true,"href":"https:\/\/www.notibras.com\/site\/wp-json\/wp\/v2\/tags?post=345226"}],"curies":[{"name":"wp","href":"https:\/\/api.w.org\/{rel}","templated":true}]}}