{"id":345237,"date":"2025-01-10T00:00:07","date_gmt":"2025-01-10T03:00:07","guid":{"rendered":"https:\/\/www.notibras.com\/site\/?p=345237"},"modified":"2025-01-10T07:45:47","modified_gmt":"2025-01-10T10:45:47","slug":"saude-lanca-acoes-para-se-antecipar-a-periodo-de-alta-da-dengue","status":"publish","type":"post","link":"https:\/\/www.notibras.com\/site\/saude-lanca-acoes-para-se-antecipar-a-periodo-de-alta-da-dengue\/","title":{"rendered":"Sa\u00fade lan\u00e7a a\u00e7\u00f5es para se antecipar a per\u00edodo de alta da dengue"},"content":{"rendered":"<p>O Minist\u00e9rio da Sa\u00fade instalou nesta quinta-feira (9) o Centro de Opera\u00e7\u00f5es de Emerg\u00eancia (COE) para dengue e outras arboviroses.<\/p>\n<p>De acordo com a ministra da Sa\u00fade, N\u00edsia Trindade, a ideia \u00e9 coordenar o planejamento e a reposta por meio do di\u00e1logo constante com estados, munic\u00edpios, pesquisadores e institui\u00e7\u00f5es cient\u00edficas, al\u00e9m de outras pastas.<\/p>\n<p>Dentre as a\u00e7\u00f5es previstas est\u00e3o se antecipar ao per\u00edodo sazonal da dengue para adequar as redes de sa\u00fade; mitigar riscos para evitar casos e \u00f3bitos; ampliar medidas preventivas para melhor preparar estados e munic\u00edpios; e uma articula\u00e7\u00e3o nacional para resposta a eventuais situa\u00e7\u00f5es classificadas como cr\u00edticas.<\/p>\n<p>N\u00edsia anunciou ainda o lan\u00e7amento de um novo Plano de Conting\u00eancia Nacional para Dengue, Chikungunya e Zika, composto por seis eixos, no intuito de ampliar medidas preventivas, preparar a rede assistencial e conter o avan\u00e7o de casos de dessas doen\u00e7as no pa\u00eds.<\/p>\n<p>A vers\u00e3o anterior do plano havia sido lan\u00e7ada em 2022 e, portanto, antes da maior epidemia de dengue j\u00e1 registrada no Brasil, em 2024.<\/p>\n<p><strong>Vacina<\/strong><br \/>\nDe acordo com a secret\u00e1ria de Vigil\u00e2ncia em Sa\u00fade, Ethel Maciel, a pasta j\u00e1 adquiriu todo o estoque de vacinas contra a dengue disponibilizado pelo fabricante para 2025: 9,5 milh\u00f5es de doses.<\/p>\n<p>A estrat\u00e9gia do governo federal, segundo Ethel, \u00e9 intensificar a imuniza\u00e7\u00e3o contra a dengue entre crian\u00e7as e adolescentes de 10 a 14 anos neste ano, sobretudo diante de um estoque de cerca de 3 milh\u00f5es de doses distribu\u00eddas aos estados e munic\u00edpios em 2024 e que ainda n\u00e3o foram aplicadas.<\/p>\n<p><strong>Cen\u00e1rio epidemiol\u00f3gico<\/strong><br \/>\nEm 2024, o Brasil registrou 6,4 milh\u00f5es de casos prov\u00e1veis de dengue e 6 mil \u00f3bitos, de acordo com o painel de atualiza\u00e7\u00e3o de casos de arboviroses do minist\u00e9rio.<\/p>\n<p>J\u00e1 em 2025, at\u00e9 esta quarta-feira (8), foram notificados 10,1 mil casos prov\u00e1veis e 10 mortes em investiga\u00e7\u00e3o por dengue.<\/p>\n","protected":false},"excerpt":{"rendered":"<p>O Minist\u00e9rio da Sa\u00fade instalou nesta quinta-feira (9) o Centro de Opera\u00e7\u00f5es de Emerg\u00eancia (COE) para dengue e outras arboviroses. De acordo com a ministra da Sa\u00fade, N\u00edsia Trindade, a ideia \u00e9 coordenar o planejamento e a reposta por meio do di\u00e1logo constante com estados, munic\u00edpios, pesquisadores e institui\u00e7\u00f5es cient\u00edficas, al\u00e9m de outras pastas. Dentre [&hellip;]<\/p>\n","protected":false},"author":2,"featured_media":345238,"comment_status":"closed","ping_status":"closed","sticky":false,"template":"","format":"standard","meta":{"_acf_changed":false,"footnotes":""},"categories":[165],"tags":[],"class_list":["post-345237","post","type-post","status-publish","format-standard","has-post-thumbnail","hentry","category-nordeste"],"acf":[],"_links":{"self":[{"href":"https:\/\/www.notibras.com\/site\/wp-json\/wp\/v2\/posts\/345237","targetHints":{"allow":["GET"]}}],"collection":[{"href":"https:\/\/www.notibras.com\/site\/wp-json\/wp\/v2\/posts"}],"about":[{"href":"https:\/\/www.notibras.com\/site\/wp-json\/wp\/v2\/types\/post"}],"author":[{"embeddable":true,"href":"https:\/\/www.notibras.com\/site\/wp-json\/wp\/v2\/users\/2"}],"replies":[{"embeddable":true,"href":"https:\/\/www.notibras.com\/site\/wp-json\/wp\/v2\/comments?post=345237"}],"version-history":[{"count":1,"href":"https:\/\/www.notibras.com\/site\/wp-json\/wp\/v2\/posts\/345237\/revisions"}],"predecessor-version":[{"id":345239,"href":"https:\/\/www.notibras.com\/site\/wp-json\/wp\/v2\/posts\/345237\/revisions\/345239"}],"wp:featuredmedia":[{"embeddable":true,"href":"https:\/\/www.notibras.com\/site\/wp-json\/wp\/v2\/media\/345238"}],"wp:attachment":[{"href":"https:\/\/www.notibras.com\/site\/wp-json\/wp\/v2\/media?parent=345237"}],"wp:term":[{"taxonomy":"category","embeddable":true,"href":"https:\/\/www.notibras.com\/site\/wp-json\/wp\/v2\/categories?post=345237"},{"taxonomy":"post_tag","embeddable":true,"href":"https:\/\/www.notibras.com\/site\/wp-json\/wp\/v2\/tags?post=345237"}],"curies":[{"name":"wp","href":"https:\/\/api.w.org\/{rel}","templated":true}]}}