{"id":345271,"date":"2025-01-11T00:20:03","date_gmt":"2025-01-11T03:20:03","guid":{"rendered":"https:\/\/www.notibras.com\/site\/?p=345271"},"modified":"2025-01-10T18:21:01","modified_gmt":"2025-01-10T21:21:01","slug":"sem-censura-passa-10-dias-falando-da-bahia-para-o-brasil","status":"publish","type":"post","link":"https:\/\/www.notibras.com\/site\/sem-censura-passa-10-dias-falando-da-bahia-para-o-brasil\/","title":{"rendered":"Sem Censura passa 10 dias falando da Bahia para o Brasil"},"content":{"rendered":"<p>Para celebrar os 40 anos de estreia do Sem Censura, a TV Brasil faz uma temporada de ver\u00e3o do programa na Bahia entre os dias 20 e 31 de janeiro. A produ\u00e7\u00e3o apresentada por Cissa Guimar\u00e3es ser\u00e1 transmitida ao vivo do Cineteatro 2 de Julho, em Salvador, em parceria com a TVE Bahia. O especial faz parte das comemora\u00e7\u00f5es do anivers\u00e1rio da tradicional roda de conversa lan\u00e7ada em 1985.<\/p>\n<p>A novidade coincide com os 40 anos do ax\u00e9 music. Outro destaque da temporada do Sem Censura na capital baiana \u00e9 a presen\u00e7a de plateia para acompanhar as entrevistas e performances dos artistas durante essas dez edi\u00e7\u00f5es da produ\u00e7\u00e3o da emissora p\u00fablica.<\/p>\n<p>O formato do programa manter\u00e1 atra\u00e7\u00f5es musicais e bate-papo descontra\u00eddo com v\u00e1rios convidados especiais e debatedores. O Sem Censura tem exibi\u00e7\u00e3o de segunda a sexta, ao vivo, a partir das 16h, com duas horas de dura\u00e7\u00e3o.<\/p>\n<p>&#8220;As expectativas s\u00e3o grandes. Vamos trazer algumas das atra\u00e7\u00f5es do Festival de Ver\u00e3o para dentro do programa e mostrar para o pa\u00eds todo na TV Brasil. A grande novidade \u00e9 a presen\u00e7a de plateia. Estou mesmo bem animada. O p\u00fablico pode esperar muita alegria, cultura e informa\u00e7\u00e3o boa&#8221;, conta Cissa Guimar\u00e3es.<\/p>\n<p>A apresentadora revela a emo\u00e7\u00e3o de conduzir as entrevistas nessa fase. &#8220;Eu me sinto honrada de estar \u00e0 frente da bancada do Sem Censura nessa marca hist\u00f3rica de 40 anos. Fico feliz em participar desse programa e, junto com toda a equipe, levar o melhor para o p\u00fablico. O Sem Censura \u00e9 uma produ\u00e7\u00e3o de prest\u00edgio, que sempre esteve preocupado com cultura, arte, informa\u00e7\u00e3o e servi\u00e7o de qualidade&#8221;, afirma.<\/p>\n","protected":false},"excerpt":{"rendered":"<p>Para celebrar os 40 anos de estreia do Sem Censura, a TV Brasil faz uma temporada de ver\u00e3o do programa na Bahia entre os dias 20 e 31 de janeiro. A produ\u00e7\u00e3o apresentada por Cissa Guimar\u00e3es ser\u00e1 transmitida ao vivo do Cineteatro 2 de Julho, em Salvador, em parceria com a TVE Bahia. O especial [&hellip;]<\/p>\n","protected":false},"author":2,"featured_media":345272,"comment_status":"closed","ping_status":"closed","sticky":false,"template":"","format":"standard","meta":{"_acf_changed":false,"footnotes":""},"categories":[165],"tags":[],"class_list":["post-345271","post","type-post","status-publish","format-standard","has-post-thumbnail","hentry","category-nordeste"],"acf":[],"_links":{"self":[{"href":"https:\/\/www.notibras.com\/site\/wp-json\/wp\/v2\/posts\/345271","targetHints":{"allow":["GET"]}}],"collection":[{"href":"https:\/\/www.notibras.com\/site\/wp-json\/wp\/v2\/posts"}],"about":[{"href":"https:\/\/www.notibras.com\/site\/wp-json\/wp\/v2\/types\/post"}],"author":[{"embeddable":true,"href":"https:\/\/www.notibras.com\/site\/wp-json\/wp\/v2\/users\/2"}],"replies":[{"embeddable":true,"href":"https:\/\/www.notibras.com\/site\/wp-json\/wp\/v2\/comments?post=345271"}],"version-history":[{"count":1,"href":"https:\/\/www.notibras.com\/site\/wp-json\/wp\/v2\/posts\/345271\/revisions"}],"predecessor-version":[{"id":345273,"href":"https:\/\/www.notibras.com\/site\/wp-json\/wp\/v2\/posts\/345271\/revisions\/345273"}],"wp:featuredmedia":[{"embeddable":true,"href":"https:\/\/www.notibras.com\/site\/wp-json\/wp\/v2\/media\/345272"}],"wp:attachment":[{"href":"https:\/\/www.notibras.com\/site\/wp-json\/wp\/v2\/media?parent=345271"}],"wp:term":[{"taxonomy":"category","embeddable":true,"href":"https:\/\/www.notibras.com\/site\/wp-json\/wp\/v2\/categories?post=345271"},{"taxonomy":"post_tag","embeddable":true,"href":"https:\/\/www.notibras.com\/site\/wp-json\/wp\/v2\/tags?post=345271"}],"curies":[{"name":"wp","href":"https:\/\/api.w.org\/{rel}","templated":true}]}}