{"id":345285,"date":"2025-01-11T00:48:00","date_gmt":"2025-01-11T03:48:00","guid":{"rendered":"https:\/\/www.notibras.com\/site\/?p=345285"},"modified":"2025-01-10T20:22:45","modified_gmt":"2025-01-10T23:22:45","slug":"imperador-sem-coroa-volta-ao-baixo-clero-sem-emendas-que-chamava-de-suas","status":"publish","type":"post","link":"https:\/\/www.notibras.com\/site\/imperador-sem-coroa-volta-ao-baixo-clero-sem-emendas-que-chamava-de-suas\/","title":{"rendered":"Imperador sem coroa volta ao baixo clero sem emendas que chamava de suas"},"content":{"rendered":"<p>Al\u00e9m de um manancial de turismo, de novas oportunidades empresariais e de uma imensur\u00e1vel fonte de cultura, o Nordeste brasileiro faz tempo n\u00e3o \u00e9 mais o patinho feio do Brasil. Hoje, sem a mesmice do Sul maravilha, \u00e9 na regi\u00e3o que o galo canta, o coelho guincha, o urubu crocita, o grilo grila, o pato grasna, a su\u00e7uarana ruge, o peru grugulha, a cigarra zune, a ovelha bali, a cobra sibila e, \u00e0s vezes, fuma, enquanto o cisne tenta manter o canto at\u00e9 fevereiro chegar, quando os p\u00e1ssaros errantes dos tapetes verde e azul do Cerrado dever\u00e3o anunciar sua morte. Seu nome \u00e9 o xis da quest\u00e3o. N\u00e3o revelo nem sob peia.<\/p>\n<p>Melhor deixar no ar da Paju\u00e7ara, no luar da Ponta Verde, no orvalho dos Sete Coqueiros e no amanhecer da Jati\u00faca. O que posso dizer \u00e9 que, em contagem regressiva para reassumir seu posto no baixo clero, ele perdeu para o gordinho mais amado de Bras\u00edlia a briga pelas ricas emendas de comiss\u00e3o. Astuto como um gato e escorregadio como uma ratazana, deixar\u00e1 um legado de emendas secretas para chamar de seu. No meio da raia mi\u00fada e longe das asas da Panair do Brasil, tenho pesadelos s\u00f3 de imaginar ele desembarcando do buz\u00e3o para participar galhardamente da folia carnavalesca do Rio de Janeiro. Pior ser\u00e1 v\u00ea-lo chegando de jegue no carnaval da Bahia.<\/p>\n<p>Sem confetes, serpentinas e sem liras, me d\u00f3i a falta que nosso personagem oculto sentir\u00e1 dos jatos da FAB. Craque em zerar contas p\u00fablicas, um dia ele ainda escrever\u00e1 que or\u00e7amento \u00e9 uma coisa que se faz para saber como aplicar o dinheiro que j\u00e1 se gastou. Podemos critic\u00e1-lo dia, noite e de madrugada, mas \u00e9 imposs\u00edvel n\u00e3o respeit\u00e1-lo pela facilidade como consegue transferir culpas para o eleitor, para o governo e para qualquer um que ele descubra como \u201cinventor\u201d da seriedade, da honradez e da honestidade.<\/p>\n<p>Exemplar mais que perfeito daquela m\u00e1xima de que os homens nascem iguais, mas no dia seguinte j\u00e1 s\u00e3o diferentes, nosso arremedo de marechal sem quepe \u00e9 daqueles para quem tudo \u00e9 relativo, inclusive o poder e a corrup\u00e7\u00e3o. O artista em quest\u00e3o nunca disse isso, mas seus gestos e suas a\u00e7\u00f5es deixam claro que, no inconsciente cada vez mais consciente, ele tem certeza da rela\u00e7\u00e3o entre ambos. Com a picardia dos nobres e a destreza de um dos membros do bando de Lampi\u00e3o, o cabra vai de A a Z sem precisar dizer por qu\u00ea.<\/p>\n<p>Ali\u00e1s, desde menino seu sonho era ser legislador como os pol\u00edticos de hoje em dia. Mesmo no fundo da sala, passou do ponto e chegou a dar aulas de como agradar a Deus e ao Diabo na mesma cena. O pa\u00eds e o mundo n\u00e3o v\u00e3o bem. Azar do pa\u00eds e do mundo. Ele e os seus est\u00e3o \u00f3timos. Melhores do que quando seu navio aportou no Cerrado do quadradinho chamado Bras\u00edlia, a capital de todos, principalmente daquele proverbialmente treinado para chegar chegando, ou seja, para triunfar diante das nulidades que encontrasse.<\/p>\n<p>Como integro a confraria dos justos (no meu caso, justas), \u00e9 ineg\u00e1vel n\u00e3o lhe estender o tapete vermelho da politicagem de lucros sem muito esfor\u00e7o. Nesse quesito, ele colocou o sarrafo em uma altura destinada somente aos mais espertos. Do tipo pecador que n\u00e3o foge do pecado, lubrificou a velha m\u00e1quina de engolir milh\u00f5es de reais por minuto. Se imaginou mais do que um imperador sem coroa. E n\u00e3o se enganou. O problema \u00e9 que tudo que \u00e9 bom um dia acaba. Est\u00e1 acabando. Depois de fevereiro, ningu\u00e9m mais ter\u00e1 disposi\u00e7\u00e3o de amolar seu machado. E da\u00ed? \u00c9 claro que o poder \u00e9 bom at\u00e9 debaixo d\u2019\u00e1gua. Todavia, nada mais auspicioso do que desfrutar do sol de S\u00e3o Miguel dos Milagres para afiar o bico milagroso de tanto bicar nosso rico dinheirinho.<\/p>\n","protected":false},"excerpt":{"rendered":"<p>Al\u00e9m de um manancial de turismo, de novas oportunidades empresariais e de uma imensur\u00e1vel fonte de cultura, o Nordeste brasileiro faz tempo n\u00e3o \u00e9 mais o patinho feio do Brasil. Hoje, sem a mesmice do Sul maravilha, \u00e9 na regi\u00e3o que o galo canta, o coelho guincha, o urubu crocita, o grilo grila, o pato [&hellip;]<\/p>\n","protected":false},"author":2,"featured_media":345288,"comment_status":"closed","ping_status":"closed","sticky":false,"template":"","format":"standard","meta":{"_acf_changed":false,"footnotes":""},"categories":[165],"tags":[],"class_list":["post-345285","post","type-post","status-publish","format-standard","has-post-thumbnail","hentry","category-nordeste"],"acf":[],"_links":{"self":[{"href":"https:\/\/www.notibras.com\/site\/wp-json\/wp\/v2\/posts\/345285","targetHints":{"allow":["GET"]}}],"collection":[{"href":"https:\/\/www.notibras.com\/site\/wp-json\/wp\/v2\/posts"}],"about":[{"href":"https:\/\/www.notibras.com\/site\/wp-json\/wp\/v2\/types\/post"}],"author":[{"embeddable":true,"href":"https:\/\/www.notibras.com\/site\/wp-json\/wp\/v2\/users\/2"}],"replies":[{"embeddable":true,"href":"https:\/\/www.notibras.com\/site\/wp-json\/wp\/v2\/comments?post=345285"}],"version-history":[{"count":2,"href":"https:\/\/www.notibras.com\/site\/wp-json\/wp\/v2\/posts\/345285\/revisions"}],"predecessor-version":[{"id":345290,"href":"https:\/\/www.notibras.com\/site\/wp-json\/wp\/v2\/posts\/345285\/revisions\/345290"}],"wp:featuredmedia":[{"embeddable":true,"href":"https:\/\/www.notibras.com\/site\/wp-json\/wp\/v2\/media\/345288"}],"wp:attachment":[{"href":"https:\/\/www.notibras.com\/site\/wp-json\/wp\/v2\/media?parent=345285"}],"wp:term":[{"taxonomy":"category","embeddable":true,"href":"https:\/\/www.notibras.com\/site\/wp-json\/wp\/v2\/categories?post=345285"},{"taxonomy":"post_tag","embeddable":true,"href":"https:\/\/www.notibras.com\/site\/wp-json\/wp\/v2\/tags?post=345285"}],"curies":[{"name":"wp","href":"https:\/\/api.w.org\/{rel}","templated":true}]}}