{"id":345328,"date":"2025-01-11T00:42:34","date_gmt":"2025-01-11T03:42:34","guid":{"rendered":"https:\/\/www.notibras.com\/site\/?p=345328"},"modified":"2025-01-11T08:44:28","modified_gmt":"2025-01-11T11:44:28","slug":"programa-nasce-uma-estrela-amplia-cuidados-para-futuras-maes","status":"publish","type":"post","link":"https:\/\/www.notibras.com\/site\/programa-nasce-uma-estrela-amplia-cuidados-para-futuras-maes\/","title":{"rendered":"Programa Nasce uma Estrela amplia cuidados para futuras m\u00e3es"},"content":{"rendered":"<p>Gr\u00e1vida de oito meses, Stephanie Alves, 26 anos, est\u00e1 mais confiante para dar \u00e0 luz ao seu primeiro filho, Levi. Ela foi uma das 80 participantes da quarta edi\u00e7\u00e3o do programa Nasce uma Estrela, promovido pela Secretaria de Justi\u00e7a e Cidadania (Sejus-DF), nesta sexta-feira (10), durante o GDF Mais Perto do Cidad\u00e3o em Sobradinho. \u201cMeus medos por ser m\u00e3e de primeira viagem passaram. O curso me ajudou a me sentir mais consciente e segura para encarar essa nova fase da minha vida\u201d, comemorou.<\/p>\n<p>O curso com dura\u00e7\u00e3o de duas horas leva \u00e0s futuras m\u00e3es informa\u00e7\u00f5es sobre os cuidados que elas devem ter com os beb\u00eas, sobre como tratar as c\u00f3licas, como fazer o aleitamento correto e como as m\u00e3es podem preservar a qualidade de vida no p\u00f3s-parto. No in\u00edcio da apresenta\u00e7\u00e3o, a titular da Sejus, Marcela Passamani, anunciou novidades para o curso. A partir desta edi\u00e7\u00e3o, a equipe que ministra o curso contar\u00e1 com uma enfermeira, servidora da secretaria, que orientar\u00e1 as futuras m\u00e3es sobre como ter uma gesta\u00e7\u00e3o ainda mais saud\u00e1vel e segura.<\/p>\n<p>\u201cEssa novidade representa uma aten\u00e7\u00e3o ainda maior com as mulheres que fazem parte deste programa. Nossa inten\u00e7\u00e3o \u00e9 trazer mais acolhimento e fortalecimento de v\u00ednculo para este que \u00e9 o momento mais especial da vida delas. E nosso objetivo, enquanto poder p\u00fablico, \u00e9 esse: unir todos os servi\u00e7os que a gente pode oferecer, de forma humanizada, para ajudar a popula\u00e7\u00e3o do DF\u201d, destacou Passamani.<\/p>\n<p>Dentre as atribui\u00e7\u00f5es da enfermeira estar\u00e3o, por exemplo, as recomenda\u00e7\u00f5es sobre uma alimenta\u00e7\u00e3o mais equilibrada, a necessidade de aferir a press\u00e3o arterial e dicas de como identificar sintomas de uma gravidez de risco. \u201cA minha participa\u00e7\u00e3o \u00e9 para somar informa\u00e7\u00f5es necess\u00e1rias para as m\u00e3ezinhas se sentirem mais seguras e confort\u00e1veis do in\u00edcio ao fim da gravidez\u201d, explicou a enfermeira J\u00falia Laila.<\/p>\n<p>Na mesma linha, a doula Jaci Aires, volunt\u00e1ria do programa, que foi palestrante do curso de gestantes em Sobradinho, destacou a import\u00e2ncia desta iniciativa. \u201cO curso \u00e9 um sucesso, uma vez que o parto \u00e9 um dos acontecimentos mais importantes na vida de uma mulher\u201d.<\/p>\n<p>O evento tamb\u00e9m trouxe reflex\u00f5es sobre pr\u00e1ticas parentais positivas, promo\u00e7\u00e3o e valoriza\u00e7\u00e3o da gestante e orienta\u00e7\u00f5es estrat\u00e9gias para o planejamento familiar. Ao final do curso, as gestantes e m\u00e3es de rec\u00e9m-nascidos receberam um certificado e uma bolsa, confeccionada por reeducandas da Funda\u00e7\u00e3o de Amparo ao Trabalhador Preso (Funap-DF), contendo manta e roupas.<\/p>\n<p>Assim como nas tr\u00eas edi\u00e7\u00f5es anteriores, realizadas em S\u00e3o Sebasti\u00e3o, Parano\u00e1 e Ceil\u00e2ndia, as inscri\u00e7\u00f5es para o curso em Sobradinho foram esgotadas nas primeiras horas ap\u00f3s a divulga\u00e7\u00e3o nas m\u00eddias sociais. Jaqueline Sousa foi uma das futuras m\u00e3es que n\u00e3o perderam tempo e correram para ser uma das primeiras inscritas. \u201cMeu marido foi quem viu o an\u00fancio no Instagram da Sejus e me passou. N\u00f3s corremos para fazer a inscri\u00e7\u00e3o, porque n\u00e3o quer\u00edamos perder, de jeito nenhum, essa oportunidade. Estou com sete meses da minha primeira gesta\u00e7\u00e3o e tinha muitas d\u00favidas\u201d.<\/p>\n<p>O sucesso desta iniciativa j\u00e1 pode ser medido em n\u00fameros. Somados os p\u00fablicos dos quatro eventos, j\u00e1 foram beneficiadas 400 mulheres.<\/p>\n<p><strong>Mais Perto do Cidad\u00e3o<\/strong><br \/>\nAl\u00e9m do curso Nasce uma Estrela, o GDF Mais Perto do Cidad\u00e3o continua neste s\u00e1bado (11) com oferta de a\u00e7\u00f5es sociais para a comunidade de Sobradinho, das 9h \u00e0s 12h. O programa j\u00e1 atendeu mais de 300 mil pessoas desde sua cria\u00e7\u00e3o, no come\u00e7o de 2023, levando para a popula\u00e7\u00e3o de v\u00e1rias regi\u00f5es administrativas do Distrito Federal servi\u00e7os p\u00fablicos. Um exemplo \u00e9 a carreta do Na Hora, da Sejus e da Pol\u00edcia Civil, que \u00e9 um dos servi\u00e7os mais procurados em todas as edi\u00e7\u00f5es.<\/p>\n<p>No geral, o programa est\u00e1 organizado em v\u00e1rios eixos tem\u00e1ticos, como Justi\u00e7a e Cidadania, Sa\u00fade, Cultura e Educa\u00e7\u00e3o e Esporte e Lazer. At\u00e9 hoje, ele j\u00e1 passou por \u00c1gua Quente, Arapoanga, Brazl\u00e2ndia, Ceil\u00e2ndia, Cidade Estrutural, Col\u00f4nia Agr\u00edcola 26 de Setembro, Fercal, Itapo\u00e3, Parano\u00e1, Planaltina, Plano Piloto, Recanto das Emas, Riacho Fundo II, Samambaia, Santa Maria, S\u00e3o Sebasti\u00e3o, Sobradinho, Sobradinho II, Sol Nascente, Varj\u00e3o, Vicente Pires e Gama.<\/p>\n","protected":false},"excerpt":{"rendered":"<p>Gr\u00e1vida de oito meses, Stephanie Alves, 26 anos, est\u00e1 mais confiante para dar \u00e0 luz ao seu primeiro filho, Levi. Ela foi uma das 80 participantes da quarta edi\u00e7\u00e3o do programa Nasce uma Estrela, promovido pela Secretaria de Justi\u00e7a e Cidadania (Sejus-DF), nesta sexta-feira (10), durante o GDF Mais Perto do Cidad\u00e3o em Sobradinho. \u201cMeus [&hellip;]<\/p>\n","protected":false},"author":2,"featured_media":345329,"comment_status":"closed","ping_status":"closed","sticky":false,"template":"","format":"standard","meta":{"_acf_changed":false,"footnotes":""},"categories":[161],"tags":[],"class_list":["post-345328","post","type-post","status-publish","format-standard","has-post-thumbnail","hentry","category-quadradinho-em-foco"],"acf":[],"_links":{"self":[{"href":"https:\/\/www.notibras.com\/site\/wp-json\/wp\/v2\/posts\/345328","targetHints":{"allow":["GET"]}}],"collection":[{"href":"https:\/\/www.notibras.com\/site\/wp-json\/wp\/v2\/posts"}],"about":[{"href":"https:\/\/www.notibras.com\/site\/wp-json\/wp\/v2\/types\/post"}],"author":[{"embeddable":true,"href":"https:\/\/www.notibras.com\/site\/wp-json\/wp\/v2\/users\/2"}],"replies":[{"embeddable":true,"href":"https:\/\/www.notibras.com\/site\/wp-json\/wp\/v2\/comments?post=345328"}],"version-history":[{"count":1,"href":"https:\/\/www.notibras.com\/site\/wp-json\/wp\/v2\/posts\/345328\/revisions"}],"predecessor-version":[{"id":345330,"href":"https:\/\/www.notibras.com\/site\/wp-json\/wp\/v2\/posts\/345328\/revisions\/345330"}],"wp:featuredmedia":[{"embeddable":true,"href":"https:\/\/www.notibras.com\/site\/wp-json\/wp\/v2\/media\/345329"}],"wp:attachment":[{"href":"https:\/\/www.notibras.com\/site\/wp-json\/wp\/v2\/media?parent=345328"}],"wp:term":[{"taxonomy":"category","embeddable":true,"href":"https:\/\/www.notibras.com\/site\/wp-json\/wp\/v2\/categories?post=345328"},{"taxonomy":"post_tag","embeddable":true,"href":"https:\/\/www.notibras.com\/site\/wp-json\/wp\/v2\/tags?post=345328"}],"curies":[{"name":"wp","href":"https:\/\/api.w.org\/{rel}","templated":true}]}}