{"id":345351,"date":"2025-01-12T00:24:39","date_gmt":"2025-01-12T03:24:39","guid":{"rendered":"https:\/\/www.notibras.com\/site\/?p=345351"},"modified":"2025-01-11T16:25:19","modified_gmt":"2025-01-11T19:25:19","slug":"mudancas-climaticas-e-calor-extremo-ameacam-as-barreiras-de-corais","status":"publish","type":"post","link":"https:\/\/www.notibras.com\/site\/mudancas-climaticas-e-calor-extremo-ameacam-as-barreiras-de-corais\/","title":{"rendered":"Mudan\u00e7as clim\u00e1ticas e calor extremo amea\u00e7am as barreiras de corais"},"content":{"rendered":"<p>As barreiras de corais ao longo do litoral da Regi\u00e3o Nordeste est\u00e3o enfrentando uma crise sem precedentes devido \u00e0s mudan\u00e7as clim\u00e1ticas e ao aumento das temperaturas nos oceanos. Pesquisadores alertam que o aquecimento global, combinado com outros fatores como polui\u00e7\u00e3o e pr\u00e1ticas de pesca predat\u00f3ria, est\u00e3o colocando em risco ecol\u00f3gico um santu\u00e1rio marinho.<\/p>\n<p>O aumento das temperaturas nos oceanos tem causado o fen\u00f4meno conhecido como branqueamento de corais. Esse processo ocorre quando os corais, sob estresse t\u00e9rmico, expulsam as zooxantelas \u2014 organismos simbi\u00f3ticos que fornecem energia e cor aos corais. Sem elas, os corais perdem sua colora\u00e7\u00e3o vibrante e ficam vulner\u00e1veis, podendo morrer caso as correntes mar\u00edtimas fiquem mais fortes.<\/p>\n<p>Segundo dados recentes, a temperatura da \u00e1gua no litoral nordestino tem registrado picos acima do normal, especialmente durante per\u00edodos de ondas de calor marinhas. Regi\u00f5es como o arquip\u00e9lago de Fernando de Noronha e os recifes de corais de Porto de Galinhas (Pernambuco) e Maragogi (Alagoas) exibem sinais alarmantes de depreda\u00e7\u00e3o.<\/p>\n<p><strong>Impactos na biodiversidade<\/strong><br \/>\nAs barreiras de corais s\u00e3o habitats essenciais para in\u00fameras esp\u00e9cies marinhas. Sua extin\u00e7\u00e3o amea\u00e7a a biodiversidade, afetando peixes, crust\u00e1ceos e outras formas de vida que dependem desses ecossistemas. A pesca artesanal, uma fonte de sustento para milhares de fam\u00edlias na regi\u00e3o, tamb\u00e9m est\u00e1 em risco, pois a redu\u00e7\u00e3o da popula\u00e7\u00e3o de peixes impacta o meio de vida desse segmento da popula\u00e7\u00e3o.<\/p>\n<p>Organiza\u00e7\u00f5es n\u00e3o governamentais, universidades e comunidades locais est\u00e3o mobilizadas para mitigar os impactos. Projetos de restaura\u00e7\u00e3o de corais, como a replanta\u00e7\u00e3o de fragmentos met\u00e1licos, est\u00e3o em andamento em algumas \u00e1reas. Al\u00e9m disso, campanhas de conscientiza\u00e7\u00e3o foram realizadas para reduzir a polui\u00e7\u00e3o e promover o resgate da vida no mar.<\/p>\n<p>Especialistas defendem a necessidade de a\u00e7\u00f5es globais para combater as emiss\u00f5es de gases de efeito estufa, que s\u00e3o a principal causa do aquecimento global. Sem uma mudan\u00e7a significativa, os cen\u00e1rios projetados indicam que muitas barreiras de corais no Nordeste brasileiro podem desaparecer a m\u00e9dio prazo.<\/p>\n<p>A situa\u00e7\u00e3o atual pode ser vista como um lembrete dos impactos devastadores das mudan\u00e7as clim\u00e1ticas no meio ambiente. A prote\u00e7\u00e3o desses ecossistemas exige um esfor\u00e7o conjunto entre governos, cientistas e sociedade, n\u00e3o apenas para preservar a biodiversidade, mas tamb\u00e9m para garantir a sustentabilidade econ\u00f4mica das comunidades das orlas.<\/p>\n","protected":false},"excerpt":{"rendered":"<p>As barreiras de corais ao longo do litoral da Regi\u00e3o Nordeste est\u00e3o enfrentando uma crise sem precedentes devido \u00e0s mudan\u00e7as clim\u00e1ticas e ao aumento das temperaturas nos oceanos. Pesquisadores alertam que o aquecimento global, combinado com outros fatores como polui\u00e7\u00e3o e pr\u00e1ticas de pesca predat\u00f3ria, est\u00e3o colocando em risco ecol\u00f3gico um santu\u00e1rio marinho. O aumento [&hellip;]<\/p>\n","protected":false},"author":2,"featured_media":345352,"comment_status":"closed","ping_status":"closed","sticky":false,"template":"","format":"standard","meta":{"_acf_changed":false,"footnotes":""},"categories":[165],"tags":[95],"class_list":["post-345351","post","type-post","status-publish","format-standard","has-post-thumbnail","hentry","category-nordeste","tag-capa"],"acf":[],"_links":{"self":[{"href":"https:\/\/www.notibras.com\/site\/wp-json\/wp\/v2\/posts\/345351","targetHints":{"allow":["GET"]}}],"collection":[{"href":"https:\/\/www.notibras.com\/site\/wp-json\/wp\/v2\/posts"}],"about":[{"href":"https:\/\/www.notibras.com\/site\/wp-json\/wp\/v2\/types\/post"}],"author":[{"embeddable":true,"href":"https:\/\/www.notibras.com\/site\/wp-json\/wp\/v2\/users\/2"}],"replies":[{"embeddable":true,"href":"https:\/\/www.notibras.com\/site\/wp-json\/wp\/v2\/comments?post=345351"}],"version-history":[{"count":1,"href":"https:\/\/www.notibras.com\/site\/wp-json\/wp\/v2\/posts\/345351\/revisions"}],"predecessor-version":[{"id":345353,"href":"https:\/\/www.notibras.com\/site\/wp-json\/wp\/v2\/posts\/345351\/revisions\/345353"}],"wp:featuredmedia":[{"embeddable":true,"href":"https:\/\/www.notibras.com\/site\/wp-json\/wp\/v2\/media\/345352"}],"wp:attachment":[{"href":"https:\/\/www.notibras.com\/site\/wp-json\/wp\/v2\/media?parent=345351"}],"wp:term":[{"taxonomy":"category","embeddable":true,"href":"https:\/\/www.notibras.com\/site\/wp-json\/wp\/v2\/categories?post=345351"},{"taxonomy":"post_tag","embeddable":true,"href":"https:\/\/www.notibras.com\/site\/wp-json\/wp\/v2\/tags?post=345351"}],"curies":[{"name":"wp","href":"https:\/\/api.w.org\/{rel}","templated":true}]}}