{"id":345354,"date":"2025-01-12T00:20:25","date_gmt":"2025-01-12T03:20:25","guid":{"rendered":"https:\/\/www.notibras.com\/site\/?p=345354"},"modified":"2025-01-11T16:35:30","modified_gmt":"2025-01-11T19:35:30","slug":"exploracao-de-energia-eletrica-no-mar-dara-mais-dinheiro-para-o-nordeste","status":"publish","type":"post","link":"https:\/\/www.notibras.com\/site\/exploracao-de-energia-eletrica-no-mar-dara-mais-dinheiro-para-o-nordeste\/","title":{"rendered":"Explora\u00e7\u00e3o de energia el\u00e9trica no mar dar\u00e1 mais dinheiro para o Nordeste"},"content":{"rendered":"<p>O presidente Luiz In\u00e1cio Lula da Silva sancionou o projeto de Lei n\u00ba 576, de 2021, que trata do aproveitamento da gera\u00e7\u00e3o de energia el\u00e9trica no mar, a chamada offshore. A lei estabelece diretrizes para o aproveitamento para a gera\u00e7\u00e3o de energia em \u00e1reas sob dom\u00ednio da Uni\u00e3o, como o mar territorial, a zona econ\u00f4mica exclusiva e a plataforma continental.<\/p>\n<p>Entre outros pontos, o texto determina que a explora\u00e7\u00e3o offshore de energia se dar\u00e1 por meio de contratos de autoriza\u00e7\u00e3o ou concess\u00e3o.<\/p>\n<p>Caber\u00e1 ao Poder Executivo definir os locais para receber as atividades de gera\u00e7\u00e3o de energia offshore, chamados de prismas. Segundo o texto, a cess\u00e3o pode ocorrer por meio da oferta permanente ou da oferta planejada.<\/p>\n<p>No primeiro caso, o poder p\u00fablico delimita \u00e1reas para explora\u00e7\u00e3o a partir da solicita\u00e7\u00e3o dos interessados, na modalidade de autoriza\u00e7\u00e3o. J\u00e1 na oferta planejada, o poder p\u00fablico define as \u00e1reas de explora\u00e7\u00e3o conforme o planejamento do \u00f3rg\u00e3o competente. Elas s\u00e3o colocadas em oferta por meio de licita\u00e7\u00e3o, na modalidade de concess\u00e3o.<\/p>\n<p>As receitas geradas, provenientes de b\u00f4nus de assinatura, taxas de ocupa\u00e7\u00e3o e participa\u00e7\u00e3o proporcional sobre a energia produzida, ser\u00e3o distribu\u00eddas entre Uni\u00e3o, estados e munic\u00edpios, com investimentos, prioritariamente, destinados \u00e0 pesquisa, inova\u00e7\u00e3o tecnol\u00f3gica e desenvolvimento sustent\u00e1vel.<\/p>\n<p>A lei diz ainda que a gera\u00e7\u00e3o desse tipo de energia no mar dever\u00e1 ter como princ\u00edpios, o desenvolvimento de novas tecnologias para viabilizar a redu\u00e7\u00e3o de emiss\u00f5es de carbono durante a produ\u00e7\u00e3o de energia, como na extra\u00e7\u00e3o de hidrog\u00eanio; desenvolvimento local e regional, preferencialmente com investimento em infraestrutura e na ind\u00fastria nacional, com a\u00e7\u00f5es que reduzam a desigualdade e promovam a inclus\u00e3o social e a diversidade.<\/p>\n<p>O texto determina a necessidade de consulta livre, pr\u00e9via e informada aos povos e comunidades afetados pelo empreendimento offshore e estabelece exig\u00eancias para o descomissionamento de empreendimentos e a restaura\u00e7\u00e3o das \u00e1reas exploradas.<\/p>\n","protected":false},"excerpt":{"rendered":"<p>O presidente Luiz In\u00e1cio Lula da Silva sancionou o projeto de Lei n\u00ba 576, de 2021, que trata do aproveitamento da gera\u00e7\u00e3o de energia el\u00e9trica no mar, a chamada offshore. A lei estabelece diretrizes para o aproveitamento para a gera\u00e7\u00e3o de energia em \u00e1reas sob dom\u00ednio da Uni\u00e3o, como o mar territorial, a zona econ\u00f4mica [&hellip;]<\/p>\n","protected":false},"author":2,"featured_media":345355,"comment_status":"closed","ping_status":"closed","sticky":false,"template":"","format":"standard","meta":{"_acf_changed":false,"footnotes":""},"categories":[165],"tags":[],"class_list":["post-345354","post","type-post","status-publish","format-standard","has-post-thumbnail","hentry","category-nordeste"],"acf":[],"_links":{"self":[{"href":"https:\/\/www.notibras.com\/site\/wp-json\/wp\/v2\/posts\/345354","targetHints":{"allow":["GET"]}}],"collection":[{"href":"https:\/\/www.notibras.com\/site\/wp-json\/wp\/v2\/posts"}],"about":[{"href":"https:\/\/www.notibras.com\/site\/wp-json\/wp\/v2\/types\/post"}],"author":[{"embeddable":true,"href":"https:\/\/www.notibras.com\/site\/wp-json\/wp\/v2\/users\/2"}],"replies":[{"embeddable":true,"href":"https:\/\/www.notibras.com\/site\/wp-json\/wp\/v2\/comments?post=345354"}],"version-history":[{"count":1,"href":"https:\/\/www.notibras.com\/site\/wp-json\/wp\/v2\/posts\/345354\/revisions"}],"predecessor-version":[{"id":345356,"href":"https:\/\/www.notibras.com\/site\/wp-json\/wp\/v2\/posts\/345354\/revisions\/345356"}],"wp:featuredmedia":[{"embeddable":true,"href":"https:\/\/www.notibras.com\/site\/wp-json\/wp\/v2\/media\/345355"}],"wp:attachment":[{"href":"https:\/\/www.notibras.com\/site\/wp-json\/wp\/v2\/media?parent=345354"}],"wp:term":[{"taxonomy":"category","embeddable":true,"href":"https:\/\/www.notibras.com\/site\/wp-json\/wp\/v2\/categories?post=345354"},{"taxonomy":"post_tag","embeddable":true,"href":"https:\/\/www.notibras.com\/site\/wp-json\/wp\/v2\/tags?post=345354"}],"curies":[{"name":"wp","href":"https:\/\/api.w.org\/{rel}","templated":true}]}}