{"id":34536,"date":"2015-01-20T16:26:24","date_gmt":"2015-01-20T19:26:24","guid":{"rendered":"http:\/\/www.notibras.com\/site\/?p=34536"},"modified":"2015-01-21T15:04:54","modified_gmt":"2015-01-21T18:04:54","slug":"ministerio-publico-comeca-a-investigar-politicos-citados-na-lava-jato","status":"publish","type":"post","link":"https:\/\/www.notibras.com\/site\/ministerio-publico-comeca-a-investigar-politicos-citados-na-lava-jato\/","title":{"rendered":"MP inicia investiga\u00e7\u00e3o de pol\u00edticos citados na Lava Jato"},"content":{"rendered":"<div class=\"content\">\n<p>A Procuradoria-Geral da Rep\u00fablica criou um grupo de trabalho para acompanhar as den\u00fancias contra pol\u00edticos envolvidos na Opera\u00e7\u00e3o Lava Jato, da Pol\u00edcia Federal, que apura um esquema de fraudes em licita\u00e7\u00f5es e desvio de dinheiro da Petrobras.<\/p>\n<p>O grupo ser\u00e1 composto por seis procuradores e dois promotores, que analisar\u00e3o os documentos da investiga\u00e7\u00e3o fornecidos pelo Supremo Tribunal Federal, no qual s\u00e3o julgados os pol\u00edticos com direito a foro privilegiado.<\/p>\n<p>Pelos pr\u00f3ximos seis meses, os procuradores e promotores v\u00e3o trabalhar em coopera\u00e7\u00e3o com a for\u00e7a-tarefa criada para acompanhar o andamento processual na Justi\u00e7a Federal no Paran\u00e1.<\/p>\n<p>Far\u00e3o parte do grupo os procuradores regionais da Rep\u00fablica Douglas Fischer e Vladimir Aras, os procuradores da Rep\u00fablica Bruno Calabrich, Fabio Coimbra e Rodrigo Telles de Souza.<\/p>\n<p>E ainda os promotores de Justi\u00e7a do Minist\u00e9rio P\u00fablico do Distrito Federal e Territ\u00f3rios Sergio Fernandes e Wilton Queiroz. O coordenador do grupo ser\u00e1 o procurador regional Douglas Fischer.<\/p>\n<header>\n<div class=\"node-info\"><strong>Alex Rodrigues, ABr<\/strong><strong><br \/>\n<\/strong><\/div>\n<\/header>\n<\/div>\n","protected":false},"excerpt":{"rendered":"<p>A Procuradoria-Geral da Rep\u00fablica criou um grupo de trabalho para acompanhar as den\u00fancias contra pol\u00edticos envolvidos na Opera\u00e7\u00e3o Lava Jato, da Pol\u00edcia Federal, que apura um esquema de fraudes em licita\u00e7\u00f5es e desvio de dinheiro da Petrobras. O grupo ser\u00e1 composto por seis procuradores e dois promotores, que analisar\u00e3o os documentos da investiga\u00e7\u00e3o fornecidos pelo [&hellip;]<\/p>\n","protected":false},"author":2,"featured_media":34537,"comment_status":"open","ping_status":"closed","sticky":false,"template":"","format":"standard","meta":{"_acf_changed":false,"footnotes":""},"categories":[16],"tags":[],"class_list":["post-34536","post","type-post","status-publish","format-standard","has-post-thumbnail","hentry","category-brasil"],"acf":[],"yoast_head":"<!-- This site is optimized with the Yoast SEO plugin v27.2 - https:\/\/yoast.com\/product\/yoast-seo-wordpress\/ -->\n<title>MP inicia investiga\u00e7\u00e3o de pol\u00edticos citados na Lava Jato - Notibras<\/title>\n<meta name=\"robots\" content=\"index, follow, max-snippet:-1, max-image-preview:large, max-video-preview:-1\" \/>\n<link rel=\"canonical\" href=\"https:\/\/www.notibras.com\/site\/ministerio-publico-comeca-a-investigar-politicos-citados-na-lava-jato\/\" \/>\n<meta property=\"og:locale\" content=\"pt_BR\" \/>\n<meta property=\"og:type\" content=\"article\" \/>\n<meta property=\"og:title\" content=\"MP inicia investiga\u00e7\u00e3o de pol\u00edticos citados na Lava Jato - Notibras\" \/>\n<meta property=\"og:description\" content=\"A Procuradoria-Geral da Rep\u00fablica criou um grupo de trabalho para acompanhar as den\u00fancias contra pol\u00edticos envolvidos na Opera\u00e7\u00e3o Lava Jato, da Pol\u00edcia Federal, que apura um esquema de fraudes em licita\u00e7\u00f5es e desvio de dinheiro da Petrobras. O grupo ser\u00e1 composto por seis procuradores e dois promotores, que analisar\u00e3o os documentos da investiga\u00e7\u00e3o fornecidos pelo [&hellip;]\" \/>\n<meta property=\"og:url\" content=\"https:\/\/www.notibras.com\/site\/ministerio-publico-comeca-a-investigar-politicos-citados-na-lava-jato\/\" \/>\n<meta property=\"og:site_name\" content=\"Notibras\" \/>\n<meta property=\"article:publisher\" content=\"https:\/\/www.facebook.com\/notibras\/\" \/>\n<meta property=\"article:published_time\" content=\"2015-01-20T19:26:24+00:00\" \/>\n<meta property=\"article:modified_time\" content=\"2015-01-21T18:04:54+00:00\" \/>\n<meta property=\"og:image\" content=\"https:\/\/www.notibras.com\/site\/wp-content\/uploads\/2015\/01\/op.jpg\" \/>\n\t<meta property=\"og:image:width\" content=\"800\" \/>\n\t<meta property=\"og:image:height\" content=\"600\" \/>\n\t<meta property=\"og:image:type\" content=\"image\/jpeg\" \/>\n<meta name=\"author\" content=\"Reda\u00e7\u00e3o\" \/>\n<meta name=\"twitter:card\" content=\"summary_large_image\" \/>\n<meta name=\"twitter:creator\" content=\"@Notibras\" \/>\n<meta name=\"twitter:site\" content=\"@Notibras\" \/>\n<meta name=\"twitter:label1\" content=\"Escrito por\" \/>\n\t<meta name=\"twitter:data1\" content=\"Reda\u00e7\u00e3o\" \/>\n\t<meta name=\"twitter:label2\" content=\"Est. tempo de leitura\" \/>\n\t<meta name=\"twitter:data2\" content=\"1 minuto\" \/>\n<script type=\"application\/ld+json\" class=\"yoast-schema-graph\">{\"@context\":\"https:\/\/schema.org\",\"@graph\":[{\"@type\":\"Article\",\"@id\":\"https:\/\/www.notibras.com\/site\/ministerio-publico-comeca-a-investigar-politicos-citados-na-lava-jato\/#article\",\"isPartOf\":{\"@id\":\"https:\/\/www.notibras.com\/site\/ministerio-publico-comeca-a-investigar-politicos-citados-na-lava-jato\/\"},\"author\":{\"name\":\"Reda\u00e7\u00e3o\",\"@id\":\"https:\/\/www.notibras.com\/site\/#\/schema\/person\/36ab0979449956132d3e5b517ea76ac8\"},\"headline\":\"MP inicia investiga\u00e7\u00e3o de pol\u00edticos citados na Lava Jato\",\"datePublished\":\"2015-01-20T19:26:24+00:00\",\"dateModified\":\"2015-01-21T18:04:54+00:00\",\"mainEntityOfPage\":{\"@id\":\"https:\/\/www.notibras.com\/site\/ministerio-publico-comeca-a-investigar-politicos-citados-na-lava-jato\/\"},\"wordCount\":187,\"commentCount\":0,\"publisher\":{\"@id\":\"https:\/\/www.notibras.com\/site\/#organization\"},\"image\":{\"@id\":\"https:\/\/www.notibras.com\/site\/ministerio-publico-comeca-a-investigar-politicos-citados-na-lava-jato\/#primaryimage\"},\"thumbnailUrl\":\"https:\/\/www.notibras.com\/site\/wp-content\/uploads\/2015\/01\/op.jpg\",\"articleSection\":[\"Brasil\"],\"inLanguage\":\"pt-BR\",\"potentialAction\":[{\"@type\":\"CommentAction\",\"name\":\"Comment\",\"target\":[\"https:\/\/www.notibras.com\/site\/ministerio-publico-comeca-a-investigar-politicos-citados-na-lava-jato\/#respond\"]}]},{\"@type\":\"WebPage\",\"@id\":\"https:\/\/www.notibras.com\/site\/ministerio-publico-comeca-a-investigar-politicos-citados-na-lava-jato\/\",\"url\":\"https:\/\/www.notibras.com\/site\/ministerio-publico-comeca-a-investigar-politicos-citados-na-lava-jato\/\",\"name\":\"MP inicia investiga\u00e7\u00e3o de pol\u00edticos citados na Lava Jato - Notibras\",\"isPartOf\":{\"@id\":\"https:\/\/www.notibras.com\/site\/#website\"},\"primaryImageOfPage\":{\"@id\":\"https:\/\/www.notibras.com\/site\/ministerio-publico-comeca-a-investigar-politicos-citados-na-lava-jato\/#primaryimage\"},\"image\":{\"@id\":\"https:\/\/www.notibras.com\/site\/ministerio-publico-comeca-a-investigar-politicos-citados-na-lava-jato\/#primaryimage\"},\"thumbnailUrl\":\"https:\/\/www.notibras.com\/site\/wp-content\/uploads\/2015\/01\/op.jpg\",\"datePublished\":\"2015-01-20T19:26:24+00:00\",\"dateModified\":\"2015-01-21T18:04:54+00:00\",\"breadcrumb\":{\"@id\":\"https:\/\/www.notibras.com\/site\/ministerio-publico-comeca-a-investigar-politicos-citados-na-lava-jato\/#breadcrumb\"},\"inLanguage\":\"pt-BR\",\"potentialAction\":[{\"@type\":\"ReadAction\",\"target\":[\"https:\/\/www.notibras.com\/site\/ministerio-publico-comeca-a-investigar-politicos-citados-na-lava-jato\/\"]}]},{\"@type\":\"ImageObject\",\"inLanguage\":\"pt-BR\",\"@id\":\"https:\/\/www.notibras.com\/site\/ministerio-publico-comeca-a-investigar-politicos-citados-na-lava-jato\/#primaryimage\",\"url\":\"https:\/\/www.notibras.com\/site\/wp-content\/uploads\/2015\/01\/op.jpg\",\"contentUrl\":\"https:\/\/www.notibras.com\/site\/wp-content\/uploads\/2015\/01\/op.jpg\",\"width\":800,\"height\":600},{\"@type\":\"BreadcrumbList\",\"@id\":\"https:\/\/www.notibras.com\/site\/ministerio-publico-comeca-a-investigar-politicos-citados-na-lava-jato\/#breadcrumb\",\"itemListElement\":[{\"@type\":\"ListItem\",\"position\":1,\"name\":\"In\u00edcio\",\"item\":\"https:\/\/www.notibras.com\/site\/\"},{\"@type\":\"ListItem\",\"position\":2,\"name\":\"MP inicia investiga\u00e7\u00e3o de pol\u00edticos citados na Lava Jato\"}]},{\"@type\":\"WebSite\",\"@id\":\"https:\/\/www.notibras.com\/site\/#website\",\"url\":\"https:\/\/www.notibras.com\/site\/\",\"name\":\"Notibras\",\"description\":\"Not\u00edcias de Bras\u00edlia, do Brasil e do Mundo\",\"publisher\":{\"@id\":\"https:\/\/www.notibras.com\/site\/#organization\"},\"potentialAction\":[{\"@type\":\"SearchAction\",\"target\":{\"@type\":\"EntryPoint\",\"urlTemplate\":\"https:\/\/www.notibras.com\/site\/?s={search_term_string}\"},\"query-input\":{\"@type\":\"PropertyValueSpecification\",\"valueRequired\":true,\"valueName\":\"search_term_string\"}}],\"inLanguage\":\"pt-BR\"},{\"@type\":\"Organization\",\"@id\":\"https:\/\/www.notibras.com\/site\/#organization\",\"name\":\"Grupo Notibras de Comunica\u00e7\u00e3o\",\"url\":\"https:\/\/www.notibras.com\/site\/\",\"logo\":{\"@type\":\"ImageObject\",\"inLanguage\":\"pt-BR\",\"@id\":\"https:\/\/www.notibras.com\/site\/#\/schema\/logo\/image\/\",\"url\":\"https:\/\/www.notibras.com\/site\/wp-content\/uploads\/2023\/01\/notibras23.png\",\"contentUrl\":\"https:\/\/www.notibras.com\/site\/wp-content\/uploads\/2023\/01\/notibras23.png\",\"width\":350,\"height\":87,\"caption\":\"Grupo Notibras de Comunica\u00e7\u00e3o\"},\"image\":{\"@id\":\"https:\/\/www.notibras.com\/site\/#\/schema\/logo\/image\/\"},\"sameAs\":[\"https:\/\/www.facebook.com\/notibras\/\",\"https:\/\/x.com\/Notibras\",\"https:\/\/www.instagram.com\/notibras\/\"]},{\"@type\":\"Person\",\"@id\":\"https:\/\/www.notibras.com\/site\/#\/schema\/person\/36ab0979449956132d3e5b517ea76ac8\",\"name\":\"Reda\u00e7\u00e3o\",\"image\":{\"@type\":\"ImageObject\",\"inLanguage\":\"pt-BR\",\"@id\":\"https:\/\/secure.gravatar.com\/avatar\/e0a867bdedb85fd243eadf09663511f96fc81e0720a4a42581f334ad4303aa6b?s=96&d=mm&r=g\",\"url\":\"https:\/\/secure.gravatar.com\/avatar\/e0a867bdedb85fd243eadf09663511f96fc81e0720a4a42581f334ad4303aa6b?s=96&d=mm&r=g\",\"contentUrl\":\"https:\/\/secure.gravatar.com\/avatar\/e0a867bdedb85fd243eadf09663511f96fc81e0720a4a42581f334ad4303aa6b?s=96&d=mm&r=g\",\"caption\":\"Reda\u00e7\u00e3o\"}}]}<\/script>\n<!-- \/ Yoast SEO plugin. -->","yoast_head_json":{"title":"MP inicia investiga\u00e7\u00e3o de pol\u00edticos citados na Lava Jato - Notibras","robots":{"index":"index","follow":"follow","max-snippet":"max-snippet:-1","max-image-preview":"max-image-preview:large","max-video-preview":"max-video-preview:-1"},"canonical":"https:\/\/www.notibras.com\/site\/ministerio-publico-comeca-a-investigar-politicos-citados-na-lava-jato\/","og_locale":"pt_BR","og_type":"article","og_title":"MP inicia investiga\u00e7\u00e3o de pol\u00edticos citados na Lava Jato - Notibras","og_description":"A Procuradoria-Geral da Rep\u00fablica criou um grupo de trabalho para acompanhar as den\u00fancias contra pol\u00edticos envolvidos na Opera\u00e7\u00e3o Lava Jato, da Pol\u00edcia Federal, que apura um esquema de fraudes em licita\u00e7\u00f5es e desvio de dinheiro da Petrobras. O grupo ser\u00e1 composto por seis procuradores e dois promotores, que analisar\u00e3o os documentos da investiga\u00e7\u00e3o fornecidos pelo [&hellip;]","og_url":"https:\/\/www.notibras.com\/site\/ministerio-publico-comeca-a-investigar-politicos-citados-na-lava-jato\/","og_site_name":"Notibras","article_publisher":"https:\/\/www.facebook.com\/notibras\/","article_published_time":"2015-01-20T19:26:24+00:00","article_modified_time":"2015-01-21T18:04:54+00:00","og_image":[{"width":800,"height":600,"url":"https:\/\/www.notibras.com\/site\/wp-content\/uploads\/2015\/01\/op.jpg","type":"image\/jpeg"}],"author":"Reda\u00e7\u00e3o","twitter_card":"summary_large_image","twitter_creator":"@Notibras","twitter_site":"@Notibras","twitter_misc":{"Escrito por":"Reda\u00e7\u00e3o","Est. tempo de leitura":"1 minuto"},"schema":{"@context":"https:\/\/schema.org","@graph":[{"@type":"Article","@id":"https:\/\/www.notibras.com\/site\/ministerio-publico-comeca-a-investigar-politicos-citados-na-lava-jato\/#article","isPartOf":{"@id":"https:\/\/www.notibras.com\/site\/ministerio-publico-comeca-a-investigar-politicos-citados-na-lava-jato\/"},"author":{"name":"Reda\u00e7\u00e3o","@id":"https:\/\/www.notibras.com\/site\/#\/schema\/person\/36ab0979449956132d3e5b517ea76ac8"},"headline":"MP inicia investiga\u00e7\u00e3o de pol\u00edticos citados na Lava Jato","datePublished":"2015-01-20T19:26:24+00:00","dateModified":"2015-01-21T18:04:54+00:00","mainEntityOfPage":{"@id":"https:\/\/www.notibras.com\/site\/ministerio-publico-comeca-a-investigar-politicos-citados-na-lava-jato\/"},"wordCount":187,"commentCount":0,"publisher":{"@id":"https:\/\/www.notibras.com\/site\/#organization"},"image":{"@id":"https:\/\/www.notibras.com\/site\/ministerio-publico-comeca-a-investigar-politicos-citados-na-lava-jato\/#primaryimage"},"thumbnailUrl":"https:\/\/www.notibras.com\/site\/wp-content\/uploads\/2015\/01\/op.jpg","articleSection":["Brasil"],"inLanguage":"pt-BR","potentialAction":[{"@type":"CommentAction","name":"Comment","target":["https:\/\/www.notibras.com\/site\/ministerio-publico-comeca-a-investigar-politicos-citados-na-lava-jato\/#respond"]}]},{"@type":"WebPage","@id":"https:\/\/www.notibras.com\/site\/ministerio-publico-comeca-a-investigar-politicos-citados-na-lava-jato\/","url":"https:\/\/www.notibras.com\/site\/ministerio-publico-comeca-a-investigar-politicos-citados-na-lava-jato\/","name":"MP inicia investiga\u00e7\u00e3o de pol\u00edticos citados na Lava Jato - Notibras","isPartOf":{"@id":"https:\/\/www.notibras.com\/site\/#website"},"primaryImageOfPage":{"@id":"https:\/\/www.notibras.com\/site\/ministerio-publico-comeca-a-investigar-politicos-citados-na-lava-jato\/#primaryimage"},"image":{"@id":"https:\/\/www.notibras.com\/site\/ministerio-publico-comeca-a-investigar-politicos-citados-na-lava-jato\/#primaryimage"},"thumbnailUrl":"https:\/\/www.notibras.com\/site\/wp-content\/uploads\/2015\/01\/op.jpg","datePublished":"2015-01-20T19:26:24+00:00","dateModified":"2015-01-21T18:04:54+00:00","breadcrumb":{"@id":"https:\/\/www.notibras.com\/site\/ministerio-publico-comeca-a-investigar-politicos-citados-na-lava-jato\/#breadcrumb"},"inLanguage":"pt-BR","potentialAction":[{"@type":"ReadAction","target":["https:\/\/www.notibras.com\/site\/ministerio-publico-comeca-a-investigar-politicos-citados-na-lava-jato\/"]}]},{"@type":"ImageObject","inLanguage":"pt-BR","@id":"https:\/\/www.notibras.com\/site\/ministerio-publico-comeca-a-investigar-politicos-citados-na-lava-jato\/#primaryimage","url":"https:\/\/www.notibras.com\/site\/wp-content\/uploads\/2015\/01\/op.jpg","contentUrl":"https:\/\/www.notibras.com\/site\/wp-content\/uploads\/2015\/01\/op.jpg","width":800,"height":600},{"@type":"BreadcrumbList","@id":"https:\/\/www.notibras.com\/site\/ministerio-publico-comeca-a-investigar-politicos-citados-na-lava-jato\/#breadcrumb","itemListElement":[{"@type":"ListItem","position":1,"name":"In\u00edcio","item":"https:\/\/www.notibras.com\/site\/"},{"@type":"ListItem","position":2,"name":"MP inicia investiga\u00e7\u00e3o de pol\u00edticos citados na Lava Jato"}]},{"@type":"WebSite","@id":"https:\/\/www.notibras.com\/site\/#website","url":"https:\/\/www.notibras.com\/site\/","name":"Notibras","description":"Not\u00edcias de Bras\u00edlia, do Brasil e do Mundo","publisher":{"@id":"https:\/\/www.notibras.com\/site\/#organization"},"potentialAction":[{"@type":"SearchAction","target":{"@type":"EntryPoint","urlTemplate":"https:\/\/www.notibras.com\/site\/?s={search_term_string}"},"query-input":{"@type":"PropertyValueSpecification","valueRequired":true,"valueName":"search_term_string"}}],"inLanguage":"pt-BR"},{"@type":"Organization","@id":"https:\/\/www.notibras.com\/site\/#organization","name":"Grupo Notibras de Comunica\u00e7\u00e3o","url":"https:\/\/www.notibras.com\/site\/","logo":{"@type":"ImageObject","inLanguage":"pt-BR","@id":"https:\/\/www.notibras.com\/site\/#\/schema\/logo\/image\/","url":"https:\/\/www.notibras.com\/site\/wp-content\/uploads\/2023\/01\/notibras23.png","contentUrl":"https:\/\/www.notibras.com\/site\/wp-content\/uploads\/2023\/01\/notibras23.png","width":350,"height":87,"caption":"Grupo Notibras de Comunica\u00e7\u00e3o"},"image":{"@id":"https:\/\/www.notibras.com\/site\/#\/schema\/logo\/image\/"},"sameAs":["https:\/\/www.facebook.com\/notibras\/","https:\/\/x.com\/Notibras","https:\/\/www.instagram.com\/notibras\/"]},{"@type":"Person","@id":"https:\/\/www.notibras.com\/site\/#\/schema\/person\/36ab0979449956132d3e5b517ea76ac8","name":"Reda\u00e7\u00e3o","image":{"@type":"ImageObject","inLanguage":"pt-BR","@id":"https:\/\/secure.gravatar.com\/avatar\/e0a867bdedb85fd243eadf09663511f96fc81e0720a4a42581f334ad4303aa6b?s=96&d=mm&r=g","url":"https:\/\/secure.gravatar.com\/avatar\/e0a867bdedb85fd243eadf09663511f96fc81e0720a4a42581f334ad4303aa6b?s=96&d=mm&r=g","contentUrl":"https:\/\/secure.gravatar.com\/avatar\/e0a867bdedb85fd243eadf09663511f96fc81e0720a4a42581f334ad4303aa6b?s=96&d=mm&r=g","caption":"Reda\u00e7\u00e3o"}}]}},"amp_enabled":true,"_links":{"self":[{"href":"https:\/\/www.notibras.com\/site\/wp-json\/wp\/v2\/posts\/34536","targetHints":{"allow":["GET"]}}],"collection":[{"href":"https:\/\/www.notibras.com\/site\/wp-json\/wp\/v2\/posts"}],"about":[{"href":"https:\/\/www.notibras.com\/site\/wp-json\/wp\/v2\/types\/post"}],"author":[{"embeddable":true,"href":"https:\/\/www.notibras.com\/site\/wp-json\/wp\/v2\/users\/2"}],"replies":[{"embeddable":true,"href":"https:\/\/www.notibras.com\/site\/wp-json\/wp\/v2\/comments?post=34536"}],"version-history":[{"count":0,"href":"https:\/\/www.notibras.com\/site\/wp-json\/wp\/v2\/posts\/34536\/revisions"}],"wp:featuredmedia":[{"embeddable":true,"href":"https:\/\/www.notibras.com\/site\/wp-json\/wp\/v2\/media\/34537"}],"wp:attachment":[{"href":"https:\/\/www.notibras.com\/site\/wp-json\/wp\/v2\/media?parent=34536"}],"wp:term":[{"taxonomy":"category","embeddable":true,"href":"https:\/\/www.notibras.com\/site\/wp-json\/wp\/v2\/categories?post=34536"},{"taxonomy":"post_tag","embeddable":true,"href":"https:\/\/www.notibras.com\/site\/wp-json\/wp\/v2\/tags?post=34536"}],"curies":[{"name":"wp","href":"https:\/\/api.w.org\/{rel}","templated":true}]}}