{"id":345414,"date":"2025-01-12T00:09:14","date_gmt":"2025-01-12T03:09:14","guid":{"rendered":"https:\/\/www.notibras.com\/site\/?p=345414"},"modified":"2025-01-12T07:51:30","modified_gmt":"2025-01-12T10:51:30","slug":"programa-de-arborizacao-muda-relacao-entre-populacao-e-areas-verdes","status":"publish","type":"post","link":"https:\/\/www.notibras.com\/site\/programa-de-arborizacao-muda-relacao-entre-populacao-e-areas-verdes\/","title":{"rendered":"Programa de arboriza\u00e7\u00e3o muda rela\u00e7\u00e3o entre popula\u00e7\u00e3o e \u00e1reas verdes"},"content":{"rendered":"<p>Quem anda pelas ruas do Distrito Federal pode ter a grata surpresa de se deparar com uma verdadeira feira de frutas frescas \u2013 mangas, amoras, abacates, jacas, araticuns, cajuzinhos do cerrado, carambolas, graviolas e uvas do Par\u00e1. Na capital, essas del\u00edcias n\u00e3o est\u00e3o restritas \u00e0s prateleiras dos mercados; elas est\u00e3o presentes nas \u00e1reas verdes e est\u00e3o ao alcance de todos, gratuitamente.<\/p>\n<p>A grande presen\u00e7a de \u00e1rvores frut\u00edferas no DF n\u00e3o \u00e9 por acaso. Elas representam 15% do programa de arboriza\u00e7\u00e3o da Companhia Urbanizadora da Nova Capital (Novacap). Tudo \u00e9 feito com planejamento: o plantio ocorre no per\u00edodo chuvoso, entre novembro e fevereiro, garantindo as melhores condi\u00e7\u00f5es para o crescimento das mudas. At\u00e9 agora nesta temporada, mais de 5 mil \u00e1rvores frut\u00edferas foram plantadas, deixando as cidades n\u00e3o s\u00f3 mais verdes, mas tamb\u00e9m mais saborosas.<\/p>\n<p>\u201cDo total plantado, reservamos de 15% a 25% para esp\u00e9cies frut\u00edferas das mais variadas\u201d, explica Raimundo Silva, diretor de Cidades da Novacap. Segundo Silva, a rela\u00e7\u00e3o da Companhia com a arboriza\u00e7\u00e3o de Bras\u00edlia \u00e9 hist\u00f3rica. \u201cDesde o in\u00edcio do programa, a Novacap \u00e9 respons\u00e1vel pelo planejamento e execu\u00e7\u00e3o da arboriza\u00e7\u00e3o, realizando levantamentos t\u00e9cnicos, produ\u00e7\u00e3o de mudas nos viveiros e coleta de sementes em um raio de 400 km de Bras\u00edlia\u201d, detalha Silva. As esp\u00e9cies escolhidas s\u00e3o adaptadas ao clima e ao solo do Distrito Federal, com destaque para os frutos do Cerrado, como araticum, cajuzinho e pequi.<\/p>\n<p><strong>Plantio respons\u00e1vel<\/strong><br \/>\nCada planta tem uma fisiologia espec\u00edfica e por isso a semeadura deve seguir um planejamento estrat\u00e9gico. \u201cO abacateiro, por exemplo, \u00e9 uma \u00e1rvore muito grande; ent\u00e3o, n\u00e3o \u00e9 recomendado plant\u00e1-lo perto de redes el\u00e9tricas\u201d, explica Matheus Marques Dy L\u00e1 Fuente, assessor da Diretoria de Cidades no Departamento de Parques e Jardins da Novacap.<\/p>\n<p>Outra quest\u00e3o \u00e9 a proximidade de vias de circula\u00e7\u00e3o de pedestres e ve\u00edculos ou de estacionamentos. \u201cA Novacap busca um manejo consciente e sustent\u00e1vel no cultivo das \u00e1rvores frut\u00edferas, evitando o plantio indiscriminado. Nosso compromisso \u00e9 educar a popula\u00e7\u00e3o para uma a\u00e7\u00e3o consciente. Se desejar plantar, procure a Companhia, que fornecer\u00e1 todas as orienta\u00e7\u00f5es\u201d, aponta Matheus.<\/p>\n<p><strong>Diversidade e benef\u00edcios<\/strong><br \/>\nA colheita das frutas \u00e9 livre e as \u00e1rvores s\u00e3o cultivadas sem agrot\u00f3xicos. O Plano Piloto, por ser a \u00e1rea mais arborizada, concentra a maior quantidade de \u00e1rvores frut\u00edferas. N\u00e3o h\u00e1 um censo oficial, mas a estimativa \u00e9 que abacateiros, mangueiras, jaqueiras e \u00e1rvores de frutas c\u00edtricas sejam predominantes. Muitas dessas foram inicialmente plantadas pela Novacap, e outras, pela pr\u00f3pria popula\u00e7\u00e3o.<\/p>\n<p>Al\u00e9m de embelezar a cidade, as \u00e1rvores frut\u00edferas oferecem frutas frescas, sombra e um clima mais ameno para quem circula pelas ruas e avenidas de Bras\u00edlia. Al\u00e9m disso, aves como periquitos, tucanos e outras esp\u00e9cies frequentam os pomares, principalmente nas quadras do Plano Piloto.<\/p>\n<p>As plantas tamb\u00e9m t\u00eam o poder de humanizar a cidade, reconectando a popula\u00e7\u00e3o com prazeres simples, como colher frutas no p\u00e9 e descobrir novos sabores. Essa pr\u00e1tica incentiva o uso dos espa\u00e7os p\u00fablicos, tornando a conviv\u00eancia urbana mais leve e agrad\u00e1vel.<\/p>\n<p>Durante os passeios pelo Cruzeiro, regi\u00e3o onde mora, Isis Alonso, 19 anos, costuma apanhar algumas frutas. \u201cPerto da minha casa tem um p\u00e9 de amora e eu sempre colho para fazer geleia\u201d, conta. As mangas tamb\u00e9m s\u00e3o uma prefer\u00eancia da estudante, para fazer suco. \u201cA fruta do p\u00e9 \u00e9 muito mais gostosa do que as que vendem no mercado\u201d, observa. \u201c\u00c9 muito bom ter um jardim comunit\u00e1rio perto de casa\u201d, opina Isis.<\/p>\n<p>Durante as andan\u00e7as por Bras\u00edlia, o aposentado Pedro Jeferson Bueno, 70, tamb\u00e9m costuma colher frutas, principalmente manga e abacate. \u201cNormalmente levo para institui\u00e7\u00f5es como igrejas e para pessoas que est\u00e3o passando por alguma necessidade\u201d, relata. Na opini\u00e3o dele, ter frutas \u00e0 disposi\u00e7\u00e3o na capital federal \u00e9 positivo, principalmente para quem precisa; s\u00e3o alimentos que podem matar a fome de algu\u00e9m\u201d, observa.<\/p>\n","protected":false},"excerpt":{"rendered":"<p>Quem anda pelas ruas do Distrito Federal pode ter a grata surpresa de se deparar com uma verdadeira feira de frutas frescas \u2013 mangas, amoras, abacates, jacas, araticuns, cajuzinhos do cerrado, carambolas, graviolas e uvas do Par\u00e1. Na capital, essas del\u00edcias n\u00e3o est\u00e3o restritas \u00e0s prateleiras dos mercados; elas est\u00e3o presentes nas \u00e1reas verdes e [&hellip;]<\/p>\n","protected":false},"author":2,"featured_media":345415,"comment_status":"closed","ping_status":"closed","sticky":false,"template":"","format":"standard","meta":{"_acf_changed":false,"footnotes":""},"categories":[161],"tags":[],"class_list":["post-345414","post","type-post","status-publish","format-standard","has-post-thumbnail","hentry","category-quadradinho-em-foco"],"acf":[],"_links":{"self":[{"href":"https:\/\/www.notibras.com\/site\/wp-json\/wp\/v2\/posts\/345414","targetHints":{"allow":["GET"]}}],"collection":[{"href":"https:\/\/www.notibras.com\/site\/wp-json\/wp\/v2\/posts"}],"about":[{"href":"https:\/\/www.notibras.com\/site\/wp-json\/wp\/v2\/types\/post"}],"author":[{"embeddable":true,"href":"https:\/\/www.notibras.com\/site\/wp-json\/wp\/v2\/users\/2"}],"replies":[{"embeddable":true,"href":"https:\/\/www.notibras.com\/site\/wp-json\/wp\/v2\/comments?post=345414"}],"version-history":[{"count":1,"href":"https:\/\/www.notibras.com\/site\/wp-json\/wp\/v2\/posts\/345414\/revisions"}],"predecessor-version":[{"id":345416,"href":"https:\/\/www.notibras.com\/site\/wp-json\/wp\/v2\/posts\/345414\/revisions\/345416"}],"wp:featuredmedia":[{"embeddable":true,"href":"https:\/\/www.notibras.com\/site\/wp-json\/wp\/v2\/media\/345415"}],"wp:attachment":[{"href":"https:\/\/www.notibras.com\/site\/wp-json\/wp\/v2\/media?parent=345414"}],"wp:term":[{"taxonomy":"category","embeddable":true,"href":"https:\/\/www.notibras.com\/site\/wp-json\/wp\/v2\/categories?post=345414"},{"taxonomy":"post_tag","embeddable":true,"href":"https:\/\/www.notibras.com\/site\/wp-json\/wp\/v2\/tags?post=345414"}],"curies":[{"name":"wp","href":"https:\/\/api.w.org\/{rel}","templated":true}]}}