{"id":345417,"date":"2025-01-12T00:04:14","date_gmt":"2025-01-12T03:04:14","guid":{"rendered":"https:\/\/www.notibras.com\/site\/?p=345417"},"modified":"2025-01-12T07:56:34","modified_gmt":"2025-01-12T10:56:34","slug":"acoes-continuas-facilitam-combate-ao-mosquito-da-dengue","status":"publish","type":"post","link":"https:\/\/www.notibras.com\/site\/acoes-continuas-facilitam-combate-ao-mosquito-da-dengue\/","title":{"rendered":"A\u00e7\u00f5es cont\u00ednuas facilitam combate ao mosquito da dengue"},"content":{"rendered":"<p>A casa de F\u00e1tima de Paula Alvim e Luiz Cirqueira da Silva, localizada na Quadra 2 de Sobradinho, parecia n\u00e3o conter nenhum criadouro do mosquito Aedes aegypti, nem mesmo no belo jardim cultivado pelo casal de aposentados.<\/p>\n<p>Por\u00e9m, ao analisar as calhas do im\u00f3vel, os Agentes de Vigil\u00e2ncia Ambiental em Sa\u00fade (Avas) da Secretaria de Sa\u00fade do DF (SES-DF), que realizavam uma visita na manh\u00e3 deste s\u00e1bado (11), perceberam a presen\u00e7a de \u00e1gua acumulada no local.<\/p>\n<p>\u201cAqui no jardim n\u00f3s n\u00e3o identificamos nenhum criadouro, mas quando a gente foi verificar a calha do im\u00f3vel foi poss\u00edvel identificar a presen\u00e7a de \u00e1gua parada. E a\u00ed vai uma dica para a popula\u00e7\u00e3o: sempre cheque a calha e realize a desobstru\u00e7\u00e3o caso ela esteja entupida.\u201d, explicou o Subsecret\u00e1rio de Vigil\u00e2ncia \u00e0 Sa\u00fade do DF, Fabiano dos Anjos, que participou da a\u00e7\u00e3o.<\/p>\n<p>Ap\u00f3s identificar o poss\u00edvel criadouro, os Agentes de Vigil\u00e2ncia Ambiental realizaram o tratamento da \u00e1gua, visto que n\u00e3o foi poss\u00edvel remov\u00ea-la. Assim, a inspe\u00e7\u00e3o dos profissionais foi essencial para prevenir a dissemina\u00e7\u00e3o do Aedes aegypti no local.<\/p>\n<p>As visitas dos agentes de vigil\u00e2ncia em sa\u00fade s\u00e3o essenciais para combater a dengue. Esses profissionais n\u00e3o apenas fiscalizam as casas, como tamb\u00e9m instruem os moradores sobre o combate \u00e0 dengue<\/p>\n<p><strong>A\u00e7\u00f5es cont\u00ednuas<\/strong><br \/>\nEssa visita faz parte das in\u00fameras a\u00e7\u00f5es empregadas pela Secretaria de Sa\u00fade para diminuir o n\u00famero de casos de dengue no Distrito Federal. Al\u00e9m das inspe\u00e7\u00f5es domiciliares, a SES-DF tem investido em tecnologia, como o uso de drones e a implementa\u00e7\u00e3o do aplicativo com georreferenciamento dos focos da doen\u00e7a.<\/p>\n<p>Outras estrat\u00e9gias empregadas foram o uso de esta\u00e7\u00f5es disseminadoras de larvicida (EDLs) e Ovitrampas, armadilhas que ajudam a monitorar a presen\u00e7a do mosquito Aedes aegypti nas regi\u00f5es. Tamb\u00e9m foram contratados mais agentes de vigil\u00e2ncia ambiental (Avas) e agentes comunit\u00e1rios de sa\u00fade (ACSs).<\/p>\n<p>As a\u00e7\u00f5es t\u00eam causado um impacto positivo. Na primeira semana de janeiro deste ano em compara\u00e7\u00e3o com o mesmo per\u00edodo do ano passado, os casos de dengue diminu\u00edram em quase 98% no Distrito Federal.<\/p>\n<p>De acordo com a Secret\u00e1ria de Sa\u00fade, Lucilene Flor\u00eancio, o conjunto dessas a\u00e7\u00f5es e a atua\u00e7\u00e3o de diferentes \u00f3rg\u00e3os possibilitaram essa melhora: \u201cEssa diminui\u00e7\u00e3o \u00e9 fruto de uma equipe trabalhando unida: \u00e9 a visita em domic\u00edlios, \u00e9 a a\u00e7\u00e3o dos agentes de vigil\u00e2ncia, dos agentes de sa\u00fade, \u00e9 a parceria da Novacap, s\u00e3o as novas tecnologias que n\u00f3s abra\u00e7amos\u2026\u201d.<\/p>\n","protected":false},"excerpt":{"rendered":"<p>A casa de F\u00e1tima de Paula Alvim e Luiz Cirqueira da Silva, localizada na Quadra 2 de Sobradinho, parecia n\u00e3o conter nenhum criadouro do mosquito Aedes aegypti, nem mesmo no belo jardim cultivado pelo casal de aposentados. Por\u00e9m, ao analisar as calhas do im\u00f3vel, os Agentes de Vigil\u00e2ncia Ambiental em Sa\u00fade (Avas) da Secretaria de [&hellip;]<\/p>\n","protected":false},"author":2,"featured_media":345418,"comment_status":"closed","ping_status":"closed","sticky":false,"template":"","format":"standard","meta":{"_acf_changed":false,"footnotes":""},"categories":[161],"tags":[],"class_list":["post-345417","post","type-post","status-publish","format-standard","has-post-thumbnail","hentry","category-quadradinho-em-foco"],"acf":[],"_links":{"self":[{"href":"https:\/\/www.notibras.com\/site\/wp-json\/wp\/v2\/posts\/345417","targetHints":{"allow":["GET"]}}],"collection":[{"href":"https:\/\/www.notibras.com\/site\/wp-json\/wp\/v2\/posts"}],"about":[{"href":"https:\/\/www.notibras.com\/site\/wp-json\/wp\/v2\/types\/post"}],"author":[{"embeddable":true,"href":"https:\/\/www.notibras.com\/site\/wp-json\/wp\/v2\/users\/2"}],"replies":[{"embeddable":true,"href":"https:\/\/www.notibras.com\/site\/wp-json\/wp\/v2\/comments?post=345417"}],"version-history":[{"count":1,"href":"https:\/\/www.notibras.com\/site\/wp-json\/wp\/v2\/posts\/345417\/revisions"}],"predecessor-version":[{"id":345419,"href":"https:\/\/www.notibras.com\/site\/wp-json\/wp\/v2\/posts\/345417\/revisions\/345419"}],"wp:featuredmedia":[{"embeddable":true,"href":"https:\/\/www.notibras.com\/site\/wp-json\/wp\/v2\/media\/345418"}],"wp:attachment":[{"href":"https:\/\/www.notibras.com\/site\/wp-json\/wp\/v2\/media?parent=345417"}],"wp:term":[{"taxonomy":"category","embeddable":true,"href":"https:\/\/www.notibras.com\/site\/wp-json\/wp\/v2\/categories?post=345417"},{"taxonomy":"post_tag","embeddable":true,"href":"https:\/\/www.notibras.com\/site\/wp-json\/wp\/v2\/tags?post=345417"}],"curies":[{"name":"wp","href":"https:\/\/api.w.org\/{rel}","templated":true}]}}