{"id":345420,"date":"2025-01-12T00:00:28","date_gmt":"2025-01-12T03:00:28","guid":{"rendered":"https:\/\/www.notibras.com\/site\/?p=345420"},"modified":"2025-01-12T08:02:00","modified_gmt":"2025-01-12T11:02:00","slug":"plantio-de-grama-marca-inicio-do-paisagismo-do-drenar-df","status":"publish","type":"post","link":"https:\/\/www.notibras.com\/site\/plantio-de-grama-marca-inicio-do-paisagismo-do-drenar-df\/","title":{"rendered":"Plantio de grama marca in\u00edcio do paisagismo do Drenar DF"},"content":{"rendered":"<p>Come\u00e7ou nesta semana o plantio de mais de 2 mil metros de grama natural ao redor da bacia de deten\u00e7\u00e3o do Drenar DF, o maior programa de capta\u00e7\u00e3o e escoamento de \u00e1guas pluviais do Governo do Distrito Federal (GDF). Para que a fase de paisagismo seja iniciada, o terreno ser\u00e1 preparado e adubado.<\/p>\n<p>\u201cO Parque Internacional da Paz est\u00e1 em fase final de acabamento. Conclu\u00edda essa etapa, vamos plantar as \u00e1rvores, o que deve ocorrer nas pr\u00f3ximas semanas\u201d, detalha o presidente da Ag\u00eancia de Desenvolvimento do Distrito Federal (Terracap), Izidio Santos.<\/p>\n<p>Localizado no Setor de Embaixadas Norte, em frente ao Iate Clube e pr\u00f3ximo \u00e0 via L4, o parque contar\u00e1 com 5 mil m\u00b2 de cal\u00e7adas. O ch\u00e3o ser\u00e1 cimentado em relevo para que seja poss\u00edvel sentar e desfrutar do espa\u00e7o ao ar livre. Al\u00e9m disso, o sistema ciclovi\u00e1rio j\u00e1 existente na regi\u00e3o ser\u00e1 complementado com um trecho de 1 km que vai percorrer o parque, interligando mais \u00e1reas na regi\u00e3o central de Bras\u00edlia. A pouco mais de 3 km de dist\u00e2ncia da Esplanada dos Minist\u00e9rios, o local oferecer\u00e1 mais um espa\u00e7o para corridas e caminhadas.<\/p>\n<p>O projeto urban\u00edstico para a cria\u00e7\u00e3o do ponto tur\u00edstico em Bras\u00edlia foi desenvolvido pela Terracap e pela Secretaria de Desenvolvimento Urbano e Habita\u00e7\u00e3o (Seduh-DF), seguindo normas do Instituto do Patrim\u00f4nio Hist\u00f3rico e Art\u00edstico Nacional (Iphan).<\/p>\n<p>\u201cO local foi todo planejado para ter visita\u00e7\u00e3o e funcionar como um parque, e n\u00e3o apenas para ter uma lagoa. A \u00e1rea ter\u00e1 3 mil m\u00b2 em pedra portuguesa e mais 2 mil m\u00b2 em outro tipo de piso. Toda essa etapa j\u00e1 est\u00e1 conclu\u00edda, e agora estamos na fase de implanta\u00e7\u00e3o do paisagismo da \u00e1rea, com a planta\u00e7\u00e3o de gramas e \u00e1rvores. Ser\u00e1 um novo local buc\u00f3lico para as pessoas virem se divertir\u201d, afirma o diretor-t\u00e9cnico da Terracap, Hamilton Louren\u00e7o.<\/p>\n<p>O projeto prev\u00ea uma \u00e1rea verde a ser ocupada por esculturas e 249 \u00e1rvores e arbustos, entre esp\u00e9cies para sombreamento \u2013 como magn\u00f3lias-do-brejo, aroeiras-vermelhas e copa\u00edbas \u2013 e frut\u00edferas, como aceroleira, pitangueira, amoreira, jabuticabeira e goiabeira.<\/p>\n<p><strong>Fim de alagamentos e enchentes<\/strong><br \/>\nCom investimento na ordem de R$ 180 milh\u00f5es, o Drenar DF foi dividido em cinco lotes e \u00e9 executado pela Terracap. A rede de tubula\u00e7\u00e3o come\u00e7a na altura da Arena BRB (Est\u00e1dio Nacional Man\u00e9 Garrincha) e vai at\u00e9 o Lago Parano\u00e1, seguindo em paralelo \u00e0s quadras 902 (perto do Col\u00e9gio Militar), 702, 302, 102, 202 e 402, cruzando a W3 Norte e o Eixo Rodovi\u00e1rio Norte (Eix\u00e3o), al\u00e9m da via L2 Norte, e chega \u00e0 L4 Norte.<\/p>\n<p>O projeto duplicar\u00e1 a capacidade de escoamento da regi\u00e3o sem modificar a rede existente, dando fim a enchentes recorrentes em todo o per\u00edodo de chuvas.<\/p>\n","protected":false},"excerpt":{"rendered":"<p>Come\u00e7ou nesta semana o plantio de mais de 2 mil metros de grama natural ao redor da bacia de deten\u00e7\u00e3o do Drenar DF, o maior programa de capta\u00e7\u00e3o e escoamento de \u00e1guas pluviais do Governo do Distrito Federal (GDF). Para que a fase de paisagismo seja iniciada, o terreno ser\u00e1 preparado e adubado. \u201cO Parque [&hellip;]<\/p>\n","protected":false},"author":2,"featured_media":345421,"comment_status":"closed","ping_status":"closed","sticky":false,"template":"","format":"standard","meta":{"_acf_changed":false,"footnotes":""},"categories":[161],"tags":[],"class_list":["post-345420","post","type-post","status-publish","format-standard","has-post-thumbnail","hentry","category-quadradinho-em-foco"],"acf":[],"_links":{"self":[{"href":"https:\/\/www.notibras.com\/site\/wp-json\/wp\/v2\/posts\/345420","targetHints":{"allow":["GET"]}}],"collection":[{"href":"https:\/\/www.notibras.com\/site\/wp-json\/wp\/v2\/posts"}],"about":[{"href":"https:\/\/www.notibras.com\/site\/wp-json\/wp\/v2\/types\/post"}],"author":[{"embeddable":true,"href":"https:\/\/www.notibras.com\/site\/wp-json\/wp\/v2\/users\/2"}],"replies":[{"embeddable":true,"href":"https:\/\/www.notibras.com\/site\/wp-json\/wp\/v2\/comments?post=345420"}],"version-history":[{"count":1,"href":"https:\/\/www.notibras.com\/site\/wp-json\/wp\/v2\/posts\/345420\/revisions"}],"predecessor-version":[{"id":345422,"href":"https:\/\/www.notibras.com\/site\/wp-json\/wp\/v2\/posts\/345420\/revisions\/345422"}],"wp:featuredmedia":[{"embeddable":true,"href":"https:\/\/www.notibras.com\/site\/wp-json\/wp\/v2\/media\/345421"}],"wp:attachment":[{"href":"https:\/\/www.notibras.com\/site\/wp-json\/wp\/v2\/media?parent=345420"}],"wp:term":[{"taxonomy":"category","embeddable":true,"href":"https:\/\/www.notibras.com\/site\/wp-json\/wp\/v2\/categories?post=345420"},{"taxonomy":"post_tag","embeddable":true,"href":"https:\/\/www.notibras.com\/site\/wp-json\/wp\/v2\/tags?post=345420"}],"curies":[{"name":"wp","href":"https:\/\/api.w.org\/{rel}","templated":true}]}}