{"id":345423,"date":"2025-01-12T00:00:23","date_gmt":"2025-01-12T03:00:23","guid":{"rendered":"https:\/\/www.notibras.com\/site\/?p=345423"},"modified":"2025-01-12T08:07:14","modified_gmt":"2025-01-12T11:07:14","slug":"bombeiros-recebem-formacao-para-atuarem-na-rede-publica-de-ensino","status":"publish","type":"post","link":"https:\/\/www.notibras.com\/site\/bombeiros-recebem-formacao-para-atuarem-na-rede-publica-de-ensino\/","title":{"rendered":"Bombeiros recebem forma\u00e7\u00e3o para atuarem na rede p\u00fablica de ensino"},"content":{"rendered":"<p>A Secretaria de Educa\u00e7\u00e3o do DF, por meio da Assessoria Especial de Cultura da Paz e da Unidade-Escola de Forma\u00e7\u00e3o Continuada dos Profissionais da Educa\u00e7\u00e3o (Eape), em parceria com o Corpo de Bombeiros Militar do Distrito Federal (CBMDF) realizou nesta semana a forma\u00e7\u00e3o de 130 bombeiros da reserva para atuar em novas escolas de Gest\u00e3o Compartilhada da rede p\u00fablica de ensino, no ano de 2025. A capacita\u00e7\u00e3o dos veteranos, com carga hor\u00e1ria de 30 horas, teve certifica\u00e7\u00e3o da Eape.<\/p>\n<p>A procura na rede p\u00fablica de ensino por escolas c\u00edvico-militares vem se expandindo, e inicialmente, no ano letivo de 2025, oito novos col\u00e9gios v\u00e3o aderir a esse modelo. Estes receber\u00e3o os bombeiros formados: CEF 04 do Guar\u00e1, CEM 01 do Riacho Fundo 1, CED Miriam Ervilha do Recanto das Emas, CEF 427 de Samambaia, CEF 103 de Santa Maria, al\u00e9m dos CEF 12, CEF 16 e CEF 17 de Taguatinga.<\/p>\n<p>Todas as novas escolas j\u00e1 realizaram a audi\u00eancia p\u00fablica, atendendo a Lei de Gest\u00e3o Democr\u00e1tica, n\u00ba 4.751, de 7 de fevereiro de 2012, com a comunidade escolar seguida de vota\u00e7\u00e3o para aprova\u00e7\u00e3o do modelo, que s\u00f3 \u00e9 consolidado com a aprova\u00e7\u00e3o da maioria de pais, alunos e professores.<\/p>\n<p>Os resultados foram favor\u00e1veis \u00e0 implanta\u00e7\u00e3o do projeto. A previs\u00e3o de atua\u00e7\u00e3o desses veteranos nas institui\u00e7\u00f5es de ensino \u00e9 para o in\u00edcio do semestre letivo.<\/p>\n<p>A secret\u00e1ria de Educa\u00e7\u00e3o do DF, H\u00e9lvia Paranagu\u00e1, esteve presente em um dos tr\u00eas dias de forma\u00e7\u00e3o e ressaltou a import\u00e2ncia de firmar parcerias de sucesso. \u201cEstou muito feliz, porque essa parceria veio para engrandecer a educa\u00e7\u00e3o. Eu tenho muita gratid\u00e3o pela nossa gest\u00e3o compartilhada, na qual compartilhamos experi\u00eancias, alegrias, tristezas e at\u00e9 mesmo problemas. Sempre surgir\u00e3o problemas, mas o que n\u00e3o pode faltar \u00e9 a vontade de solucion\u00e1-los\u201d.<\/p>\n<p>Presente tamb\u00e9m nas forma\u00e7\u00f5es, o Comandante-Geral do Corpo de Bombeiros do DF, Leonardo Raslan, exaltou a parceria entre a Educa\u00e7\u00e3o e a Seguran\u00e7a P\u00fablica. \u201cMuito me alegra estar participando desse momento. Esperamos contribuir com a forma\u00e7\u00e3o no car\u00e1ter e intelectual das crian\u00e7as\u201d, destacou.<\/p>\n<p>Al\u00e9m do comandante-geral do Corpo de Bombeiros do DF, tamb\u00e9m estiveram presentes no primeiro dia de oficina diversas autoridades como o secret\u00e1rio executivo de Seguran\u00e7a P\u00fablica do DF, Alexandre Patury, o subsecret\u00e1rio de Escolas de Gest\u00e3o Compartilhada, Alexandre Ferro, o deputado distrital, Roosevelt Vilela, a diretora da Eape, Linair Moura.<\/p>\n<p><strong>Forma\u00e7\u00e3o<\/strong><br \/>\nDesde dezembro, os bombeiros j\u00e1 vinham obtendo forma\u00e7\u00e3o dentro da pr\u00f3pria institui\u00e7\u00e3o. Agora em janeiro, os militares passar\u00e3o por oficinas, palestras e capacita\u00e7\u00f5es com o intuito de inseri-los no ambiente pedag\u00f3gico, nos programas que a Secretaria de Educa\u00e7\u00e3o tem em parceria com v\u00e1rios \u00f3rg\u00e3os, al\u00e9m de preparar melhor os bombeiros para um atendimento de excel\u00eancia nas escolas c\u00edvico-militares.<\/p>\n<p>A diretora da EAPE, Linair Moura, destacou a consequ\u00eancia dos bons resultados desse modelo. \u201cSabemos que este modelo tem dado excelentes resultados e motivado a sociedade em buscar sua amplia\u00e7\u00e3o, pois este ano estamos aumentando o n\u00famero de escolas de gest\u00e3o compartilhada. \u00c9 nelas que nossos esfor\u00e7os se materializam, demonstrando como di\u00e1logo intersetorial pode fortalecer pol\u00edticas educacionais e contribuir para a forma\u00e7\u00e3o integral dos nossos estudantes\u201d.<\/p>\n<p><strong>Cultura de Paz<\/strong><br \/>\nA assessora especial da Cultura de Paz e coordenadora-geral do programa NaMoral, Gra\u00e7a de Paula, explicou sobre a inser\u00e7\u00e3o dos bombeiros no ambiente escolar. \u201cA ideia \u00e9 prepar\u00e1-los para compreender o aspecto pedag\u00f3gico das escolas c\u00edvico-militares, os projetos da escola j\u00e1 com forma\u00e7\u00e3o, dentro da constru\u00e7\u00e3o de uma cultura de paz\u201d.<\/p>\n<p>Entre as principais atividades da Assessoria da Cultura de Paz est\u00e3o o desenvolvimento de pol\u00edticas de promo\u00e7\u00e3o da cultura nas escolas, a media\u00e7\u00e3o de conflitos, o apoio emocional e capacita\u00e7\u00e3o de educadores e educandos em pr\u00e1ticas de educa\u00e7\u00e3o socioemocional.<\/p>\n<p>Uma das palestras dadas na forma\u00e7\u00e3o foi a \u201cMarcando Pegadas no Futuro\u201d, do professor Henrique Fernandes, que abordou a import\u00e2ncia da bagagem dos militares veteranos no dia a dia dos estudantes, relacionando as nuances do passado e do futuro.<\/p>\n","protected":false},"excerpt":{"rendered":"<p>A Secretaria de Educa\u00e7\u00e3o do DF, por meio da Assessoria Especial de Cultura da Paz e da Unidade-Escola de Forma\u00e7\u00e3o Continuada dos Profissionais da Educa\u00e7\u00e3o (Eape), em parceria com o Corpo de Bombeiros Militar do Distrito Federal (CBMDF) realizou nesta semana a forma\u00e7\u00e3o de 130 bombeiros da reserva para atuar em novas escolas de Gest\u00e3o [&hellip;]<\/p>\n","protected":false},"author":2,"featured_media":345424,"comment_status":"closed","ping_status":"closed","sticky":false,"template":"","format":"standard","meta":{"_acf_changed":false,"footnotes":""},"categories":[161],"tags":[],"class_list":["post-345423","post","type-post","status-publish","format-standard","has-post-thumbnail","hentry","category-quadradinho-em-foco"],"acf":[],"_links":{"self":[{"href":"https:\/\/www.notibras.com\/site\/wp-json\/wp\/v2\/posts\/345423","targetHints":{"allow":["GET"]}}],"collection":[{"href":"https:\/\/www.notibras.com\/site\/wp-json\/wp\/v2\/posts"}],"about":[{"href":"https:\/\/www.notibras.com\/site\/wp-json\/wp\/v2\/types\/post"}],"author":[{"embeddable":true,"href":"https:\/\/www.notibras.com\/site\/wp-json\/wp\/v2\/users\/2"}],"replies":[{"embeddable":true,"href":"https:\/\/www.notibras.com\/site\/wp-json\/wp\/v2\/comments?post=345423"}],"version-history":[{"count":1,"href":"https:\/\/www.notibras.com\/site\/wp-json\/wp\/v2\/posts\/345423\/revisions"}],"predecessor-version":[{"id":345425,"href":"https:\/\/www.notibras.com\/site\/wp-json\/wp\/v2\/posts\/345423\/revisions\/345425"}],"wp:featuredmedia":[{"embeddable":true,"href":"https:\/\/www.notibras.com\/site\/wp-json\/wp\/v2\/media\/345424"}],"wp:attachment":[{"href":"https:\/\/www.notibras.com\/site\/wp-json\/wp\/v2\/media?parent=345423"}],"wp:term":[{"taxonomy":"category","embeddable":true,"href":"https:\/\/www.notibras.com\/site\/wp-json\/wp\/v2\/categories?post=345423"},{"taxonomy":"post_tag","embeddable":true,"href":"https:\/\/www.notibras.com\/site\/wp-json\/wp\/v2\/tags?post=345423"}],"curies":[{"name":"wp","href":"https:\/\/api.w.org\/{rel}","templated":true}]}}