{"id":345429,"date":"2025-01-12T07:47:02","date_gmt":"2025-01-12T10:47:02","guid":{"rendered":"https:\/\/www.notibras.com\/site\/?p=345429"},"modified":"2025-01-13T06:40:15","modified_gmt":"2025-01-13T09:40:15","slug":"morte-e-as-lagrimas-de-dor-de-um-peito-amigo","status":"publish","type":"post","link":"https:\/\/www.notibras.com\/site\/morte-e-as-lagrimas-de-dor-de-um-peito-amigo\/","title":{"rendered":"Morte e as l\u00e1grimas de dor de um peito amigo"},"content":{"rendered":"<p>N\u00e3o sei por que fui me lembrar do Chico P\u00e9 de Galo justamente hoje, v\u00e9spera do meu anivers\u00e1rio de 40 anos. Talvez seja por causa do bolo de cenoura com cobertura de chocolate, que era um dos quitutes favoritos dele. N\u00e3o os preparados por mim, mas por minha m\u00e3e. Provavelmente tenha sido a saudade de mam\u00e3e, que, al\u00e9m de doceira de m\u00e3o-cheia, sabia ser amiga sincera dos menos favorecidos.<\/p>\n<p>Chico P\u00e9 de Galo, nunca soube seu verdadeiro nome, possu\u00eda l\u00e1 as suas inc\u00f3gnitas. Soube por algu\u00e9m que Francisco n\u00e3o era como se chamava o sujeito. Sei apenas que era dessa gente sem muitos recursos, que, vez ou outra, pousava no s\u00edtio dos meus pais. Era homem de tamanho mediano, de poucas carnes, rosto mais comprido que redondo, cabelos queimados do sol, vestes surradas, botinas furadas. A voz era engra\u00e7ada, puxava os erres mais do que os goianos e menos do que os do Mato Grosso. Na verdade, n\u00e3o me lembro de um dia ter ouvido sobre sua proced\u00eancia.<\/p>\n<p>Minha m\u00e3e dizia que o Chico P\u00e9 de Galo visitava a fam\u00edlia l\u00e1 pelos lados de Minas Gerais ou S\u00e3o Paulo. Nem ela sabia dizer direito, pois o homem era cheio de mist\u00e9rios. Hoje at\u00e9 me pergunto se ele n\u00e3o era bandido procurado. Teria que fazer pesquisa aprofundada para tentar desvendar a veracidade ou n\u00e3o disso, mas a curiosidade n\u00e3o \u00e9 suficiente para me empurrar para tal empenho. Al\u00e9m do mais, j\u00e1 faz tantos anos, que n\u00e3o vejo motivo para me perder em buscas sem sentido.<\/p>\n<p>Certa feita, l\u00e1 pelos idos de 1967, quando os p\u00e9s de chumbo, sediados na capital federal, tocavam o terror no pa\u00eds inteiro, Chico P\u00e9 de Galo apareceu adoentado no s\u00edtio. Meus pais acolheram o amigo e chamaram o Agripino, que fazia as vezes de m\u00e9dico aqui em Luzi\u00e2nia. N\u00e3o era sempre que ele acertava e, quando a sorte do acamado n\u00e3o era boa, o enterro se dava no m\u00e1ximo no fim do terceiro dia.<\/p>\n<p>Chico P\u00e9 de Galo ardeu em febre por duas noites e, assim que come\u00e7ou a amanhecer o dia, deu o derradeiro suspiro. Minha m\u00e3e, que estava ao seu lado, pareceu desolada. Fui at\u00e9 ela e a abracei, enquanto as l\u00e1grimas brotavam sem parar dos seus olhos castanhos.<\/p>\n<p>\u2014 Mam\u00e3e, por que a senhora t\u00e1 chorando pelo Chico P\u00e9 de Galo?<\/p>\n<p>\u2014 Porque n\u00e3o tem ningu\u00e9m pra chorar por ele, Martinha.<\/p>\n<p>&#8230;&#8230;&#8230;&#8230;&#8230;&#8230;&#8230;&#8230;&#8230;<\/p>\n<div><strong>Eduardo Mart\u00ednez \u00e9 autor do livro \u201c57 Contos e Cr\u00f4nicas por um Autor muito Velho\u201d.<\/strong><\/div>\n<div>\n<div class=\"mvp-post-soc-in\">\n<div id=\"mvp-content-body\" class=\"left relative\">\n<div id=\"mvp-content-body-top\" class=\"left relative\">\n<div id=\"mvp-content-main\" class=\"left relative\">\n<p>Compre aqui\u00a0<span class=\"x19la9d6 x1fc57z9 x6ikm8r x10wlt62 x19co3pv x1g5zs5t xfibh0p xiy17q3 x1xsqp64 x1lkfr7t xexx8yu x4uap5 x18d9i69 xkhd6sd\"><span class=\"xrtxmta x1bhl96m\"><img decoding=\"async\" class=\"emoji\" role=\"img\" draggable=\"false\" src=\"https:\/\/s.w.org\/images\/core\/emoji\/14.0.0\/svg\/1f447-1f3ff.svg\" alt=\"&#x1f447;&#x1f3ff;\" \/><\/span><\/span><span class=\"x19la9d6 x1fc57z9 x6ikm8r x10wlt62 x19co3pv x1g5zs5t xfibh0p xiy17q3 x1xsqp64 x1lkfr7t xexx8yu x4uap5 x18d9i69 xkhd6sd\"><span class=\"xrtxmta x1bhl96m\"><img decoding=\"async\" class=\"emoji\" role=\"img\" draggable=\"false\" src=\"https:\/\/s.w.org\/images\/core\/emoji\/14.0.0\/svg\/1f447-1f3ff.svg\" alt=\"&#x1f447;&#x1f3ff;\" \/><\/span><\/span><span class=\"x19la9d6 x1fc57z9 x6ikm8r x10wlt62 x19co3pv x1g5zs5t xfibh0p xiy17q3 x1xsqp64 x1lkfr7t xexx8yu x4uap5 x18d9i69 xkhd6sd\"><span class=\"xrtxmta x1bhl96m\"><img decoding=\"async\" class=\"emoji\" role=\"img\" draggable=\"false\" src=\"https:\/\/s.w.org\/images\/core\/emoji\/14.0.0\/svg\/1f447-1f3ff.svg\" alt=\"&#x1f447;&#x1f3ff;\" \/><\/span><\/span><\/p>\n<p><a href=\"http:\/\/www.joanineditora.com.br\/57-contos-e-cronicas-por-um-autor-muito-velho\">http:\/\/www.joanineditora.com.br\/57-contos-e-cronicas-por-um-autor-muito-velho<\/a><\/p>\n<\/div>\n<\/div>\n<\/div>\n<\/div>\n<\/div>\n","protected":false},"excerpt":{"rendered":"<p>N\u00e3o sei por que fui me lembrar do Chico P\u00e9 de Galo justamente hoje, v\u00e9spera do meu anivers\u00e1rio de 40 anos. Talvez seja por causa do bolo de cenoura com cobertura de chocolate, que era um dos quitutes favoritos dele. N\u00e3o os preparados por mim, mas por minha m\u00e3e. Provavelmente tenha sido a saudade de [&hellip;]<\/p>\n","protected":false},"author":2,"featured_media":345430,"comment_status":"closed","ping_status":"closed","sticky":false,"template":"","format":"standard","meta":{"_acf_changed":false,"footnotes":""},"categories":[161],"tags":[],"class_list":["post-345429","post","type-post","status-publish","format-standard","has-post-thumbnail","hentry","category-quadradinho-em-foco"],"acf":[],"_links":{"self":[{"href":"https:\/\/www.notibras.com\/site\/wp-json\/wp\/v2\/posts\/345429","targetHints":{"allow":["GET"]}}],"collection":[{"href":"https:\/\/www.notibras.com\/site\/wp-json\/wp\/v2\/posts"}],"about":[{"href":"https:\/\/www.notibras.com\/site\/wp-json\/wp\/v2\/types\/post"}],"author":[{"embeddable":true,"href":"https:\/\/www.notibras.com\/site\/wp-json\/wp\/v2\/users\/2"}],"replies":[{"embeddable":true,"href":"https:\/\/www.notibras.com\/site\/wp-json\/wp\/v2\/comments?post=345429"}],"version-history":[{"count":2,"href":"https:\/\/www.notibras.com\/site\/wp-json\/wp\/v2\/posts\/345429\/revisions"}],"predecessor-version":[{"id":345487,"href":"https:\/\/www.notibras.com\/site\/wp-json\/wp\/v2\/posts\/345429\/revisions\/345487"}],"wp:featuredmedia":[{"embeddable":true,"href":"https:\/\/www.notibras.com\/site\/wp-json\/wp\/v2\/media\/345430"}],"wp:attachment":[{"href":"https:\/\/www.notibras.com\/site\/wp-json\/wp\/v2\/media?parent=345429"}],"wp:term":[{"taxonomy":"category","embeddable":true,"href":"https:\/\/www.notibras.com\/site\/wp-json\/wp\/v2\/categories?post=345429"},{"taxonomy":"post_tag","embeddable":true,"href":"https:\/\/www.notibras.com\/site\/wp-json\/wp\/v2\/tags?post=345429"}],"curies":[{"name":"wp","href":"https:\/\/api.w.org\/{rel}","templated":true}]}}