{"id":345492,"date":"2025-01-13T06:57:03","date_gmt":"2025-01-13T09:57:03","guid":{"rendered":"https:\/\/www.notibras.com\/site\/?p=345492"},"modified":"2025-01-13T06:57:03","modified_gmt":"2025-01-13T09:57:03","slug":"foliao-prepara-espirito-para-o-carnaval-de-olinda","status":"publish","type":"post","link":"https:\/\/www.notibras.com\/site\/foliao-prepara-espirito-para-o-carnaval-de-olinda\/","title":{"rendered":"Foli\u00e3o prepara esp\u00edrito para o carnaval de Olinda"},"content":{"rendered":"<p>Na contagem regressiva para o reinado de Momo, o foli\u00e3o come\u00e7a a sentir um chamado interno, quase um batuque que ressoa no peito. As ladeiras de Olinda, j\u00e1 c\u00e9lebres por suas hist\u00f3rias e tradi\u00e7\u00f5es, esperam por ele como um palco ancestral, onde o suor, a alegria e o cansa\u00e7o se misturam em uma dan\u00e7a \u00fanica.<\/p>\n<p>A prepara\u00e7\u00e3o come\u00e7a antes mesmo de fevereiro mostrar sua cara. \u00c9 preciso f\u00f4lego, estrat\u00e9gia e, claro, uma dose generosa de entusiasmo para enfrentar as subidas e descidas embaladas por frevos, maracatus e tro\u00e7as. A primeira miss\u00e3o \u00e9 ajustar o corpo. Um m\u00eas antes, o foli\u00e3o resolve cal\u00e7ar os t\u00eanis e caminhar pelo bairro, imaginando que a ladeira da rua de casa pode, quem sabe, ser um treino para as \u00edngremes ruas de paralelep\u00edpedo de Olinda.<\/p>\n<p>Depois vem a escolha da fantasia. Este \u00e9 um ritual quase sagrado. Ser\u00e1 que este ano ele vai de super-her\u00f3i, de personagem hist\u00f3rico ou de algo mais irreverente, como um meme da internet? O importante \u00e9 que a roupa resista \u00e0 maratona de suor e abra\u00e7os, sem perder o brilho ou a gra\u00e7a.<\/p>\n<p>E n\u00e3o podemos esquecer da hidrata\u00e7\u00e3o. Enquanto alguns investem em isot\u00f4nicos, outros seguem a tradi\u00e7\u00e3o da &#8220;\u00e1gua que passarinho n\u00e3o bebe&#8221;, afinal, o carnaval de Olinda n\u00e3o \u00e9 lugar para modera\u00e7\u00e3o. Entre um gole e outro, \u00e9 ali, no meio da multid\u00e3o, que o foli\u00e3o encontra for\u00e7as para continuar, seja ao som do hino do Elefante de Olinda ou seguindo um bloco que surgiu do nada.<\/p>\n<p>Quando chega o grande dia, o esp\u00edrito j\u00e1 est\u00e1 pronto. O sol castiga, mas a anima\u00e7\u00e3o n\u00e3o cede. As ladeiras, que antes pareciam desafiadoras, agora se tornam o cen\u00e1rio perfeito para uma celebra\u00e7\u00e3o coletiva. Cada passo, cada subida, cada descida, \u00e9 uma afirma\u00e7\u00e3o de que o carnaval \u00e9 resist\u00eancia, alegria e tradi\u00e7\u00e3o.<\/p>\n<p>A vida do foli\u00e3o pernambucano, entra ano sai ano, \u00e9 assim. Ele marca os passos do frevo sabendo que, no final das contas, n\u00e3o \u00e9 ele quem conquista as ladeiras. S\u00e3o as ladeiras que conquistam seu cora\u00e7\u00e3o.<\/p>\n","protected":false},"excerpt":{"rendered":"<p>Na contagem regressiva para o reinado de Momo, o foli\u00e3o come\u00e7a a sentir um chamado interno, quase um batuque que ressoa no peito. As ladeiras de Olinda, j\u00e1 c\u00e9lebres por suas hist\u00f3rias e tradi\u00e7\u00f5es, esperam por ele como um palco ancestral, onde o suor, a alegria e o cansa\u00e7o se misturam em uma dan\u00e7a \u00fanica. [&hellip;]<\/p>\n","protected":false},"author":2,"featured_media":279593,"comment_status":"closed","ping_status":"closed","sticky":false,"template":"","format":"standard","meta":{"_acf_changed":false,"footnotes":""},"categories":[165],"tags":[],"class_list":["post-345492","post","type-post","status-publish","format-standard","has-post-thumbnail","hentry","category-nordeste"],"acf":[],"_links":{"self":[{"href":"https:\/\/www.notibras.com\/site\/wp-json\/wp\/v2\/posts\/345492","targetHints":{"allow":["GET"]}}],"collection":[{"href":"https:\/\/www.notibras.com\/site\/wp-json\/wp\/v2\/posts"}],"about":[{"href":"https:\/\/www.notibras.com\/site\/wp-json\/wp\/v2\/types\/post"}],"author":[{"embeddable":true,"href":"https:\/\/www.notibras.com\/site\/wp-json\/wp\/v2\/users\/2"}],"replies":[{"embeddable":true,"href":"https:\/\/www.notibras.com\/site\/wp-json\/wp\/v2\/comments?post=345492"}],"version-history":[{"count":1,"href":"https:\/\/www.notibras.com\/site\/wp-json\/wp\/v2\/posts\/345492\/revisions"}],"predecessor-version":[{"id":345493,"href":"https:\/\/www.notibras.com\/site\/wp-json\/wp\/v2\/posts\/345492\/revisions\/345493"}],"wp:featuredmedia":[{"embeddable":true,"href":"https:\/\/www.notibras.com\/site\/wp-json\/wp\/v2\/media\/279593"}],"wp:attachment":[{"href":"https:\/\/www.notibras.com\/site\/wp-json\/wp\/v2\/media?parent=345492"}],"wp:term":[{"taxonomy":"category","embeddable":true,"href":"https:\/\/www.notibras.com\/site\/wp-json\/wp\/v2\/categories?post=345492"},{"taxonomy":"post_tag","embeddable":true,"href":"https:\/\/www.notibras.com\/site\/wp-json\/wp\/v2\/tags?post=345492"}],"curies":[{"name":"wp","href":"https:\/\/api.w.org\/{rel}","templated":true}]}}